{"id":1028,"date":"2025-06-05T10:49:22","date_gmt":"2025-06-05T13:49:22","guid":{"rendered":"http:\/\/www.renatoalves.com.br\/blog\/?p=1028"},"modified":"2025-06-05T10:50:04","modified_gmt":"2025-06-05T13:50:04","slug":"com-a-memoria-tinindo","status":"publish","type":"post","link":"https:\/\/renatoalves.com.br\/blog\/com-a-memoria-tinindo\/","title":{"rendered":"Como Deixar a Mem\u00f3ria Tinindo: Estrat\u00e9gias para Potencializar o Aprendizado"},"content":{"rendered":"\n<p>Se voc\u00ea pudesse escolher entre nascer com mem\u00f3ria ou intelig\u00eancia, qual seria sua op\u00e7\u00e3o? A resposta pode parecer \u00f3bvia, mas \u00e9 importante compreender que, sem uma mem\u00f3ria eficiente, a intelig\u00eancia n\u00e3o se manifesta plenamente. A mem\u00f3ria \u00e9 a base sobre a qual constru\u00edmos nosso conhecimento e habilidades.<\/p>\n\n\n\n<figure class=\"wp-block-image size-large\"><a href=\"https:\/\/estudomemorizacao.com.br\/?utm_source=Blog&amp;utm_medium=site-ofc&amp;utm_campaign=CEM&amp;utm_content=com-a-memoria-tinindo\" target=\"_blank\" rel=\" noreferrer noopener\"><img fetchpriority=\"high\" decoding=\"async\" width=\"1024\" height=\"120\" src=\"https:\/\/renatoalves.com.br\/blog\/wp-content\/uploads\/2025\/05\/ESTUDO-MEMORIZACAO-BANNER-BLOG-RENATO-ALVES-1024x120.png\" alt=\"banner estudo e memoriza\u00e7\u00e3o\" class=\"wp-image-10128\" srcset=\"https:\/\/renatoalves.com.br\/blog\/wp-content\/uploads\/2025\/05\/ESTUDO-MEMORIZACAO-BANNER-BLOG-RENATO-ALVES-1024x120.png 1024w, https:\/\/renatoalves.com.br\/blog\/wp-content\/uploads\/2025\/05\/ESTUDO-MEMORIZACAO-BANNER-BLOG-RENATO-ALVES-300x35.png 300w, https:\/\/renatoalves.com.br\/blog\/wp-content\/uploads\/2025\/05\/ESTUDO-MEMORIZACAO-BANNER-BLOG-RENATO-ALVES-768x90.png 768w, https:\/\/renatoalves.com.br\/blog\/wp-content\/uploads\/2025\/05\/ESTUDO-MEMORIZACAO-BANNER-BLOG-RENATO-ALVES-1536x181.png 1536w, https:\/\/renatoalves.com.br\/blog\/wp-content\/uploads\/2025\/05\/ESTUDO-MEMORIZACAO-BANNER-BLOG-RENATO-ALVES.png 1700w\" sizes=\"(max-width: 1024px) 100vw, 1024px\" \/><\/a><\/figure>\n\n\n\n<p>A Import\u00e2ncia de Valorizar a Mem\u00f3ria<\/p>\n\n\n\n<p>Memorizar n\u00e3o \u00e9 sin\u00f4nimo de decorar informa\u00e7\u00f5es mecanicamente. A aus\u00eancia de uma mem\u00f3ria bem treinada \u00e9 um dos principais fatores que levam muitos candidatos a terem desempenho insatisfat\u00f3rio em exames como o Enem, concursos e vestibulares.<\/p>\n\n\n\n<p>Em meus cursos, demonstro que \u00e9 poss\u00edvel memorizar a tabela peri\u00f3dica em apenas meia hora. Ter esse conhecimento na ponta da l\u00edngua facilita a compreens\u00e3o das aulas de Qu\u00edmica e aumenta a motiva\u00e7\u00e3o para estudar.<\/p>\n\n\n\n<p>A mem\u00f3ria n\u00e3o \u00e9 um local de armazenamento com capacidade limitada, como um computador. Ela \u00e9 uma fun\u00e7\u00e3o com potencial infinito, desde que seja devidamente planejada e exercitada. Quanto mais a utilizamos, mais ela se fortalece.<\/p>\n\n\n\n<p>Estimulando a Mem\u00f3ria desde a Inf\u00e2ncia<\/p>\n\n\n\n<p>A inf\u00e2ncia \u00e9 uma fase crucial para o desenvolvimento da mem\u00f3ria. Est\u00edmulos adequados, como brincadeiras que envolvem imagina\u00e7\u00e3o e criatividade, contribuem significativamente para a forma\u00e7\u00e3o de uma mem\u00f3ria s\u00f3lida.<\/p>\n\n\n\n<p>Atividades que envolvem os cinco sentidos \u2014 vis\u00e3o, audi\u00e7\u00e3o, tato, paladar e olfato \u2014 s\u00e3o especialmente eficazes. Jogos da mem\u00f3ria que utilizam esses sentidos ajudam as crian\u00e7as a desenvolverem diferentes tipos de mem\u00f3ria de forma integrada.<\/p>\n\n\n\n<p>Al\u00e9m disso, h\u00e1bitos saud\u00e1veis como uma alimenta\u00e7\u00e3o equilibrada, rica em nutrientes essenciais, e uma rotina de sono adequada s\u00e3o fundamentais para o bom funcionamento da mem\u00f3ria. O sono, em particular, desempenha um papel vital na consolida\u00e7\u00e3o das informa\u00e7\u00f5es aprendidas durante o dia.<\/p>\n\n\n\n<p><a href=\"https:\/\/estudomemorizacao.com.br\/?utm_source=Blog&amp;utm_medium=site-ofc&amp;utm_campaign=CEM&amp;utm_content=com-a-memoria-tinindo\" target=\"_blank\" rel=\"noreferrer noopener\">Estrat\u00e9gias para Manter a Mem\u00f3ria Ativa<\/a><\/p>\n\n\n\n<p>Mesmo na vida adulta, \u00e9 poss\u00edvel adotar pr\u00e1ticas que mant\u00eam a mem\u00f3ria afiada:<\/p>\n\n\n\n<ol start=\"1\" class=\"wp-block-list\">\n<li>Antecipar o Conte\u00fado: Antes das aulas, leia sobre o tema que ser\u00e1 abordado. Mesmo sem compreender todos os detalhes, essa pr\u00e1tica prepara o c\u00e9rebro para absorver melhor as informa\u00e7\u00f5es.<\/li>\n\n\n\n<li>Revisar Ap\u00f3s a Aula: Ap\u00f3s as aulas, fa\u00e7a uma breve revis\u00e3o do conte\u00fado estudado. Dedicar alguns minutos para recapitular as informa\u00e7\u00f5es ajuda a fix\u00e1-las na mem\u00f3ria de longo prazo.<\/li>\n\n\n\n<li>Ensinar para Aprender: Explique o conte\u00fado aprendido para si mesmo ou para outra pessoa. Ensinar \u00e9 uma das formas mais eficazes de consolidar o conhecimento.<\/li>\n<\/ol>\n\n\n\n<p>Conclus\u00e3o<\/p>\n\n\n\n<p>A mem\u00f3ria \u00e9 uma habilidade que pode e deve ser treinada ao longo da vida. Com pr\u00e1ticas adequadas e est\u00edmulos constantes, \u00e9 poss\u00edvel manter a mente ativa e a mem\u00f3ria tinindo, independentemente da idade.<\/p>\n\n\n\n<p>Perguntas Frequentes (FAQ)<\/p>\n\n\n\n<ol start=\"1\" class=\"wp-block-list\">\n<li>Memorizar \u00e9 o mesmo que decorar? N\u00e3o. Memorizar envolve compreender e reter informa\u00e7\u00f5es de forma significativa, enquanto decorar \u00e9 repetir mecanicamente sem entendimento profundo.<\/li>\n\n\n\n<li>\u00c9 poss\u00edvel melhorar a mem\u00f3ria em qualquer idade? Sim. A mem\u00f3ria pode ser aprimorada com exerc\u00edcios e pr\u00e1ticas adequadas, independentemente da idade.<\/li>\n\n\n\n<li>Quais atividades ajudam no desenvolvimento da mem\u00f3ria infantil? Brincadeiras que envolvem os cinco sentidos, leitura de hist\u00f3rias, jogos da mem\u00f3ria e atividades que estimulam a imagina\u00e7\u00e3o s\u00e3o excelentes para desenvolver a mem\u00f3ria das crian\u00e7as.<\/li>\n\n\n\n<li>Como o sono influencia na mem\u00f3ria? Durante o sono, o c\u00e9rebro consolida as informa\u00e7\u00f5es aprendidas, transferindo-as para a mem\u00f3ria de longo prazo. A falta de sono adequado pode prejudicar esse processo.<\/li>\n\n\n\n<li>Alimenta\u00e7\u00e3o influencia na mem\u00f3ria? Sim. Uma dieta equilibrada, rica em nutrientes como \u00f4mega-3, vitaminas do complexo B e antioxidantes, contribui para o bom funcionamento cerebral e da mem\u00f3ria.<\/li>\n<\/ol>\n\n\n\n<p class=\"p1\"><span class=\"s1\">No\u00a0<a href=\"https:\/\/estudomemorizacao.com.br\/?utm_source=Blog&amp;utm_medium=site-ofc&amp;utm_campaign=CEM&amp;utm_content=com-a-memoria-tinindo\" target=\"_blank\" rel=\"noreferrer noopener\">Estudo Memoriza\u00e7\u00e3o<\/a>,\u00a0curso\u00a0com mais de 50 mil alunos\u00a0inscritos,\u00a0eu lhe ensinarei de maneira simples e pr\u00e1tica, tudo o que voc\u00ea precisa para se dar bem nos estudos. As aulas por serem on-line,\u00a0podem ser assistidas facilmente no seu celular, tablet, computador ou Smart TV.<\/span><\/p>\n\n\n\n<p class=\"has-text-align-center p1\"><a href=\"\/\/renatoalves.com.br\/depoimentos.html\">\u00bb Clique Aqui para assistir alguns depoimentos de&nbsp;alunos do curso Estudo e Memoriza\u00e7\u00e3o&nbsp;\u00ab<\/a><\/p>\n\n\n\n<p class=\"p1\">Eu acredito tanto na efici\u00eancia do meu m\u00e9todo que al\u00e9m dos b\u00f4nus eu ainda lhe ofere\u00e7o uma garantia especial.<\/p>\n\n\n\n<p class=\"p1\">Se em 7 dias, depois de aplicar o meu m\u00e9todo, voc\u00ea n\u00e3o estiver mais concentrado nos estudos, memorizando com mais facilidade as mat\u00e9rias, eu assumo total responsabilidade e devolvo 100% do seu investimento.\u00a0Dessa forma voc\u00ea n\u00e3o corre nenhum risco, o voc\u00ea acha disso?\u00a0<a href=\"https:\/\/estudomemorizacao.com.br\/?utm_source=Blog&amp;utm_medium=site-ofc&amp;utm_campaign=CEM&amp;utm_content=com-a-memoria-tinindo\" target=\"_blank\" rel=\"noreferrer noopener\">Clique aqui e comece agora o treinamento!<\/a><\/p>\n\n\n\n<p>Quer ter acesso a mais dicas?&nbsp;<a href=\"https:\/\/www.facebook.com\/RenatoAlvesOficial\">Curta e siga a minha fanpage no Facebook<\/a>&nbsp;e&nbsp;<a href=\"http:\/\/www.youtube.com\/videosmemoria\/videos?sub_confirmation=1\">inscreva-se no meu canal no Youtube<\/a>.<\/p>\n\n\n\n<p>Se voc\u00ea gostou desse artigo compartilhe com seus amigos. Tamb\u00e9m ficarei honrado de receber os seus coment\u00e1rios logo abaixo.<br>\nUm abra\u00e7o<\/p>\n\n\n\n<p><em><strong>Renato Alves<\/strong>&nbsp;\u00e9 escritor, pesquisador e primeiro brasileiro a receber o t\u00edtulo oficial de melhor mem\u00f3ria do Brasil. Autor de um m\u00e9todo patenteado de memoriza\u00e7\u00e3o que ganhou reconhecimento nacional e j\u00e1 est\u00e1 presente em mais de 100 pa\u00edses.<\/em><\/p>\n\n\n\n<figure class=\"wp-block-image size-large\"><a href=\"https:\/\/estudomemorizacao.com.br\/?utm_source=Blog&amp;utm_medium=site-ofc&amp;utm_campaign=CEM&amp;utm_content=com-a-memoria-tinindo\" target=\"_blank\" rel=\" noreferrer noopener\"><img fetchpriority=\"high\" decoding=\"async\" width=\"1024\" height=\"120\" src=\"https:\/\/renatoalves.com.br\/blog\/wp-content\/uploads\/2025\/05\/ESTUDO-MEMORIZACAO-BANNER-BLOG-RENATO-ALVES-1024x120.png\" alt=\"banner estudo e memoriza\u00e7\u00e3o\" class=\"wp-image-10128\" srcset=\"https:\/\/renatoalves.com.br\/blog\/wp-content\/uploads\/2025\/05\/ESTUDO-MEMORIZACAO-BANNER-BLOG-RENATO-ALVES-1024x120.png 1024w, https:\/\/renatoalves.com.br\/blog\/wp-content\/uploads\/2025\/05\/ESTUDO-MEMORIZACAO-BANNER-BLOG-RENATO-ALVES-300x35.png 300w, https:\/\/renatoalves.com.br\/blog\/wp-content\/uploads\/2025\/05\/ESTUDO-MEMORIZACAO-BANNER-BLOG-RENATO-ALVES-768x90.png 768w, https:\/\/renatoalves.com.br\/blog\/wp-content\/uploads\/2025\/05\/ESTUDO-MEMORIZACAO-BANNER-BLOG-RENATO-ALVES-1536x181.png 1536w, https:\/\/renatoalves.com.br\/blog\/wp-content\/uploads\/2025\/05\/ESTUDO-MEMORIZACAO-BANNER-BLOG-RENATO-ALVES.png 1700w\" sizes=\"(max-width: 1024px) 100vw, 1024px\" \/><\/a><\/figure>\n\n\n\n<p><\/p>\n","protected":false},"excerpt":{"rendered":"<p>Se voc\u00ea pudesse escolher entre nascer com mem\u00f3ria ou intelig\u00eancia, qual seria sua op\u00e7\u00e3o? A resposta pode parecer \u00f3bvia, mas \u00e9 importante compreender que, sem uma mem\u00f3ria eficiente, a intelig\u00eancia n\u00e3o se manifesta plenamente. A mem\u00f3ria \u00e9 a base sobre a qual constru\u00edmos nosso conhecimento e habilidades. A Import\u00e2ncia de Valorizar a Mem\u00f3ria Memorizar n\u00e3o [&hellip;]<\/p>\n","protected":false},"author":24,"featured_media":1030,"comment_status":"open","ping_status":"open","sticky":false,"template":"","format":"standard","meta":{"footnotes":""},"categories":[262],"tags":[41,145,56,14,45,212,98,67,70,76,42,27,99,55],"class_list":["post-1028","post","type-post","status-publish","format-standard","has-post-thumbnail","hentry","category-estudo-e-desenvolvimento","tag-alzheimer","tag-boa-memoria","tag-branco-na-memoria","tag-comportamento-exaltado","tag-curso-de-memorizacao","tag-curso-memoria-blindada","tag-curso-online-renato-alves","tag-dicas-de-memorizacao","tag-dicas-memorizacao","tag-leitura-dinamica","tag-memorizacao","tag-o-que-eu-acabei-de-ler","tag-qual-o-melhor-curso-de-memorizacao","tag-renato-alves"],"_links":{"self":[{"href":"https:\/\/renatoalves.com.br\/blog\/wp-json\/wp\/v2\/posts\/1028","targetHints":{"allow":["GET"]}}],"collection":[{"href":"https:\/\/renatoalves.com.br\/blog\/wp-json\/wp\/v2\/posts"}],"about":[{"href":"https:\/\/renatoalves.com.br\/blog\/wp-json\/wp\/v2\/types\/post"}],"author":[{"embeddable":true,"href":"https:\/\/renatoalves.com.br\/blog\/wp-json\/wp\/v2\/users\/24"}],"replies":[{"embeddable":true,"href":"https:\/\/renatoalves.com.br\/blog\/wp-json\/wp\/v2\/comments?post=1028"}],"version-history":[{"count":4,"href":"https:\/\/renatoalves.com.br\/blog\/wp-json\/wp\/v2\/posts\/1028\/revisions"}],"predecessor-version":[{"id":10174,"href":"https:\/\/renatoalves.com.br\/blog\/wp-json\/wp\/v2\/posts\/1028\/revisions\/10174"}],"wp:featuredmedia":[{"embeddable":true,"href":"https:\/\/renatoalves.com.br\/blog\/wp-json\/wp\/v2\/media\/1030"}],"wp:attachment":[{"href":"https:\/\/renatoalves.com.br\/blog\/wp-json\/wp\/v2\/media?parent=1028"}],"wp:term":[{"taxonomy":"category","embeddable":true,"href":"https:\/\/renatoalves.com.br\/blog\/wp-json\/wp\/v2\/categories?post=1028"},{"taxonomy":"post_tag","embeddable":true,"href":"https:\/\/renatoalves.com.br\/blog\/wp-json\/wp\/v2\/tags?post=1028"}],"curies":[{"name":"wp","href":"https:\/\/api.w.org\/{rel}","templated":true}]}}