{"id":1046,"date":"2025-06-05T11:41:53","date_gmt":"2025-06-05T14:41:53","guid":{"rendered":"http:\/\/www.renatoalves.com.br\/blog\/?p=1046"},"modified":"2025-06-05T11:42:38","modified_gmt":"2025-06-05T14:42:38","slug":"cuidado-com-memorias-artificiais","status":"publish","type":"post","link":"https:\/\/renatoalves.com.br\/blog\/cuidado-com-memorias-artificiais\/","title":{"rendered":"Cuidado com as Mem\u00f3rias Artificiais"},"content":{"rendered":"\n<p>Vivemos numa \u00e9poca de mem\u00f3rias externas, de mem\u00f3rias artificiais. Cada vez mais, adotamos meios eletr\u00f4nicos como extens\u00f5es de nossos c\u00e9rebros e mem\u00f3rias.<\/p>\n\n\n\n<p>\u00c9 verdade que, na hist\u00f3ria da humanidade, sempre recorremos a algum tipo de artif\u00edcio para registrar lembran\u00e7as relevantes. Placas de cera e de argila, por exemplo, s\u00e3o as primeiras mem\u00f3rias artificiais de que se tem registro e eram utilizadas por fil\u00f3sofos da Gr\u00e9cia antiga que nelas gravavam seus pensamentos e discursos.<\/p>\n\n\n\n<h2 class=\"wp-block-heading\">Da Argila ao Papel<\/h2>\n\n\n\n<p>Mais tarde, surgiu o papiro, manuscrito antigo em forma de rolos, onde era poss\u00edvel registrar tratados inteiros de filosofia, armazen\u00e1veis em estantes. Naturalmente, por ser dif\u00edcil o manuseio e transporte, o conhecimento naquela \u00e9poca era privil\u00e9gio de poucos.<\/p>\n\n\n\n<p>Com o advento do papel, o trabalho de transportar o conhecimento ficou mais f\u00e1cil e as lembran\u00e7as que nele eram registradas puderam ser disseminadas para as grandes massas. Papel e caneta formam, ainda hoje, a mem\u00f3ria artificial mais comum e acess\u00edvel.<\/p>\n\n\n\n<h2 class=\"wp-block-heading\">O Perigo da Depend\u00eancia<\/h2>\n\n\n\n<p>Esse mecanismo criou uma grande depend\u00eancia. &#8220;\u00c9 mais seguro registrar um nome de pessoa ou n\u00famero de telefone no papel&#8221; \u2013 pensam alguns. Muitos estudantes recorrem ao papel mesmo para registrar as informa\u00e7\u00f5es mais simples.<\/p>\n\n\n\n<p>N\u00e3o \u00e9 raro encontrar estudantes habituados a anotar tudo o que o professor fala. Brinco dizendo que alguns s\u00e3o capazes de registrar at\u00e9 os espirros do professor. E esse h\u00e1bito pode se tornar uma armadilha: quanto mais anotam, menos confiam na pr\u00f3pria mem\u00f3ria.<\/p>\n\n\n\n<h2 class=\"wp-block-heading\">Consequ\u00eancias da Mem\u00f3ria Artificial Excessiva<\/h2>\n\n\n\n<p>Recorrer sistematicamente \u00e0s mem\u00f3rias artificiais para registrar tudo o que se considera importante acaba por inibir o funcionamento da mem\u00f3ria natural, alimentando a pregui\u00e7a mental.<\/p>\n\n\n\n<p>Quando deixamos de usar a mem\u00f3ria natural, tornamo-nos lentos, desatentos e menos confiantes. A mem\u00f3ria humana \u00e9 um sistema de armazenamento magn\u00edfico, dispon\u00edvel 24 horas por dia e sem custo. No entanto, seu potencial vem sendo cada vez menos explorado. Assim como os m\u00fasculos, quando n\u00e3o estimulada, ela se enfraquece.<\/p>\n\n\n\n<h2 class=\"wp-block-heading\">O Problema da Anota\u00e7\u00e3o Exagerada<\/h2>\n\n\n\n<p>Para tentar anotar tudo o que \u00e9 dito em sala de aula, o aluno dilui sua concentra\u00e7\u00e3o. Com isso, muitas vezes n\u00e3o entende o que escreveu, tampouco consegue explicar o que foi apresentado. Isso gera frustra\u00e7\u00e3o, ansiedade e baixa autoestima.<\/p>\n\n\n\n<p>Quando a mem\u00f3ria artificial assume a forma de gravadores ou aplicativos de anota\u00e7\u00e3o, os danos podem ser ainda maiores. Ao ligar o equipamento, o c\u00e9rebro recebe a mensagem de que n\u00e3o precisa se concentrar, pois tudo estar\u00e1 gravado. O resultado? Distra\u00e7\u00e3o, superficialidade e perda de conte\u00fado.<\/p>\n\n\n\n<h2 class=\"wp-block-heading\">O Dilema da Grava\u00e7\u00e3o<\/h2>\n\n\n\n<p>Nem sempre o que foi gravado \u00e9 aud\u00edvel ou compreens\u00edvel sem o contexto da aula. Gestos, express\u00f5es e entona\u00e7\u00e3o do professor se perdem. Al\u00e9m disso, essas grava\u00e7\u00f5es n\u00e3o fazem sele\u00e7\u00e3o do que \u00e9 relevante, obrigando o estudante a repetir o processo: assistir \u00e0 aula e ouvi-la novamente.<\/p>\n\n\n\n<h2 class=\"wp-block-heading\">Reflex\u00e3o Necess\u00e1ria<\/h2>\n\n\n\n<p>Em meu livro &#8220;O Segredo dos G\u00eanios&#8221;, proponho uma reflex\u00e3o racional sobre o uso das mem\u00f3rias artificiais na prepara\u00e7\u00e3o para concursos. N\u00e3o se trata de ignorar os avan\u00e7os tecnol\u00f3gicos ou os recursos dispon\u00edveis, mas de avaliar com honestidade os efeitos desse uso.<\/p>\n\n\n\n<p>Conhe\u00e7o estudantes que, mesmo anotando ou gravando, alcan\u00e7aram excelentes resultados. O problema \u00e9 que, para a maioria, os recursos artificiais induzem \u00e0 depend\u00eancia e \u00e0 estagna\u00e7\u00e3o cognitiva.<\/p>\n\n\n\n<h2 class=\"wp-block-heading\">Fa\u00e7a Seu Teste<\/h2>\n\n\n\n<p>Minha sugest\u00e3o \u00e9 simples: experimente. Avalie como voc\u00ea se sai utilizando mais a mem\u00f3ria natural e menos os recursos artificiais.<\/p>\n\n\n\n<p>Observe sua concentra\u00e7\u00e3o, sua capacidade de reten\u00e7\u00e3o e compreens\u00e3o. A mem\u00f3ria precisa de treino, de confian\u00e7a e de est\u00edmulo constante.<\/p>\n\n\n\n<p>Confie em seu c\u00e9rebro. D\u00ea-lhe a chance de mostrar toda sua capacidade.<\/p>\n\n\n\n<p class=\"p1\"><span class=\"s1\">Se voc\u00ea se preocupa com seu bem-estar e as situa\u00e7\u00f5es acima refletem a sua realidade, aconselho voc\u00ea a cuidar melhor da sua sa\u00fade, da sua mente eu gostaria de lhe indicar o<a href=\"https:\/\/memoriablindada.com.br\/?utm_source=Blog&amp;utm_medium=pv-cmb&amp;utm_campaign=CMB&amp;utm_content=cuidado-com-memorias-artificiais\"> curso\u00a0Mem\u00f3ria <\/a><a href=\"https:\/\/memoriablindada.com.br\/?utm_source=Blog&amp;utm_medium=pv-cmb&amp;utm_campaign=CMB&amp;utm_content=cuidado-com-memorias-artificiais\" target=\"_blank\" rel=\"noreferrer noopener\">B<\/a><a href=\"https:\/\/memoriablindada.com.br\/?utm_source=Blog&amp;utm_medium=pv-cmb&amp;utm_campaign=CMB&amp;utm_content=cuidado-com-memorias-artificiais\">lindada<\/a> cujo objetivo n\u00e3o se limita apenas a acabar com os problemas apresentados.<\/span><\/p>\n\n\n\n<p class=\"p1\"><span class=\"s1\">No meu <a href=\"https:\/\/memoriablindada.com.br\/?utm_source=Blog&amp;utm_medium=pv-cmb&amp;utm_campaign=CMB&amp;utm_content=cuidado-com-memorias-artificiais\" target=\"_blank\" rel=\"noreferrer noopener\">curso\u00a0Mem\u00f3ria Blindada<\/a>\u00a0voc\u00ea encontrar\u00e1 um m\u00e9todo\u00a0detalhado de aplica\u00e7\u00e3o pr\u00e1tica da memoriza\u00e7\u00e3o\u00a0no\u00a0dia a dia, tudo explicado de maneira simples e objetiva em videoaulas on-line que voc\u00ea poder\u00e1 assistir em qualquer lugar, no seu celular, tablet, computador ou smart TV.<\/span><\/p>\n\n\n\n<p class=\"p1\"><span class=\"s1\">Tudo muito bem elaborado para que voc\u00ea tenha acesso a todas as estrat\u00e9gias que utilizo para n\u00e3o esquecer de nada.<\/span><\/p>\n\n\n\n<p class=\"p1\"><span class=\"s1\">Definitivamente \u00e9 sua hora de ter uma mem\u00f3ria mais jovem, forte e confi\u00e1vel. Como incentivo<\/span><span class=\"s1\">&nbsp;<\/span>por acreditar tanto na efici\u00eancia do meu m\u00e9todo, al\u00e9m dos b\u00f4nus eu ainda lhe ofere\u00e7o uma garantia especial:<\/p>\n\n\n\n<p class=\"p1\">Se em 7 dias, ap\u00f3s aplicar o m\u00e9todo, voc\u00ea\u00a0 n\u00e3o notar melhoras, eu assumo total responsabilidade e devolverei 100% do seu investimento.\u00a0Dessa forma voc\u00ea n\u00e3o corre nenhum risco e tem a tranquilidade de investir num treinamento com risco zero. O que voc\u00ea acha? <a href=\"https:\/\/memoriablindada.com.br\/?utm_source=Blog&amp;utm_medium=pv-cmb&amp;utm_campaign=CMB&amp;utm_content=cuidado-com-memorias-artificiais\" target=\"_blank\" rel=\"noreferrer noopener\">Clique aqui e comece agora mesmo!<\/a><\/p>\n\n\n\n<p class=\"has-text-align-center\"><a href=\"\/\/renatoalves.com.br\/depoimentos.html\">\u00bb Clique Aqui&nbsp;e assista alguns depoimentos de alunos do curso&nbsp;\u00ab<\/a><\/p>\n\n\n\n<p><em><strong>Renato Alves<\/strong>&nbsp;\u00e9 escritor, pesquisador e primeiro brasileiro a receber o t\u00edtulo oficial de melhor mem\u00f3ria do Brasil. Autor de um m\u00e9todo patenteado de memoriza\u00e7\u00e3o que ganhou reconhecimento nacional e j\u00e1 est\u00e1 presente em mais de 100 pa\u00edses.<\/em><\/p>\n\n\n\n<h2 class=\"wp-block-heading\">Perguntas Frequentes (FAQ)<\/h2>\n\n\n\n<p><strong>1. Qual \u00e9 o problema de usar papel e gravadores para estudar?<\/strong> Eles podem gerar depend\u00eancia e diminuir a confian\u00e7a na mem\u00f3ria natural.<\/p>\n\n\n\n<p><strong>2. Usar tecnologia sempre atrapalha a mem\u00f3ria?<\/strong> N\u00e3o necessariamente. O problema est\u00e1 no uso excessivo e na falta de equil\u00edbrio entre recursos externos e internos.<\/p>\n\n\n\n<p><strong>3. Como saber se estou exagerando nas mem\u00f3rias artificiais?<\/strong> Quando voc\u00ea deixa de confiar na sua mem\u00f3ria e sente-se incapaz de estudar sem anotar tudo ou gravar cada aula.<\/p>\n\n\n\n<p><strong>4. Qual a melhor forma de treinar a mem\u00f3ria natural?<\/strong> Concentra\u00e7\u00e3o, revis\u00e3o ativa, associa\u00e7\u00f5es e o h\u00e1bito de confiar em sua pr\u00f3pria capacidade de lembrar.<\/p>\n\n\n\n<p><strong>5. Posso usar tecnologia de forma positiva nos estudos?<\/strong> Sim, desde que seja com crit\u00e9rio, como ferramenta auxiliar e n\u00e3o como substituta do racioc\u00ednio.<\/p>\n","protected":false},"excerpt":{"rendered":"<p>Quando recorre \u00e0s mem\u00f3rias artificiais para registrar tudo o que considera importante, voc\u00ea acaba inibindo o funcionamento da mem\u00f3ria natural, alimentando, consequentemente, a pregui\u00e7a mental. Quando n\u00e3o utilizamos a mem\u00f3ria natural, ficamos lentos e pregui\u00e7osos. No \u00e1pice desse processo, o indiv\u00edduo passa a n\u00e3o confiar na pr\u00f3pria capacidade de memoriza\u00e7\u00e3o.<\/p>\n","protected":false},"author":24,"featured_media":3771,"comment_status":"open","ping_status":"open","sticky":false,"template":"","format":"standard","meta":{"footnotes":""},"categories":[264],"tags":[45,46,97,70,51,76,47],"class_list":["post-1046","post","type-post","status-publish","format-standard","has-post-thumbnail","hentry","category-saude-e-qualidade-de-vida","tag-curso-de-memorizacao","tag-curso-de-memorizacao-online","tag-cursos-para-a-memoria","tag-dicas-memorizacao","tag-disciplina","tag-leitura-dinamica","tag-remedio-para-memoria"],"_links":{"self":[{"href":"https:\/\/renatoalves.com.br\/blog\/wp-json\/wp\/v2\/posts\/1046","targetHints":{"allow":["GET"]}}],"collection":[{"href":"https:\/\/renatoalves.com.br\/blog\/wp-json\/wp\/v2\/posts"}],"about":[{"href":"https:\/\/renatoalves.com.br\/blog\/wp-json\/wp\/v2\/types\/post"}],"author":[{"embeddable":true,"href":"https:\/\/renatoalves.com.br\/blog\/wp-json\/wp\/v2\/users\/24"}],"replies":[{"embeddable":true,"href":"https:\/\/renatoalves.com.br\/blog\/wp-json\/wp\/v2\/comments?post=1046"}],"version-history":[{"count":4,"href":"https:\/\/renatoalves.com.br\/blog\/wp-json\/wp\/v2\/posts\/1046\/revisions"}],"predecessor-version":[{"id":10178,"href":"https:\/\/renatoalves.com.br\/blog\/wp-json\/wp\/v2\/posts\/1046\/revisions\/10178"}],"wp:featuredmedia":[{"embeddable":true,"href":"https:\/\/renatoalves.com.br\/blog\/wp-json\/wp\/v2\/media\/3771"}],"wp:attachment":[{"href":"https:\/\/renatoalves.com.br\/blog\/wp-json\/wp\/v2\/media?parent=1046"}],"wp:term":[{"taxonomy":"category","embeddable":true,"href":"https:\/\/renatoalves.com.br\/blog\/wp-json\/wp\/v2\/categories?post=1046"},{"taxonomy":"post_tag","embeddable":true,"href":"https:\/\/renatoalves.com.br\/blog\/wp-json\/wp\/v2\/tags?post=1046"}],"curies":[{"name":"wp","href":"https:\/\/api.w.org\/{rel}","templated":true}]}}