{"id":1113,"date":"2015-12-22T15:39:09","date_gmt":"2015-12-22T18:39:09","guid":{"rendered":"http:\/\/www.renatoalves.com.br\/blog\/?p=1113"},"modified":"2020-11-20T14:18:31","modified_gmt":"2020-11-20T17:18:31","slug":"o-que-eu-acabei-de-ler-2","status":"publish","type":"post","link":"https:\/\/renatoalves.com.br\/blog\/o-que-eu-acabei-de-ler-2\/","title":{"rendered":"O que eu acabei de ler?"},"content":{"rendered":"<p style=\"text-align: justify;\">O que eu acabei de ler?<\/p>\n<p style=\"text-align: justify;\">Quando voc\u00ea chega ao final de um texto, a \u00fanica conclus\u00e3o que consegue ter \u00e9 de que n\u00e3o memorizou nada do que foi visto?\u00a0<\/p>\n<p style=\"text-align: justify;\">A leitura \u00e9 uma atividade complexa. Posteriormente, exige concentra\u00e7\u00e3o, conhecimento e dom\u00ednio de algumas regras e t\u00e9cnicas para que a mem\u00f3ria seja estimulada.<\/p>\n<p style=\"text-align: justify;\"><a href=\"\/\/renatoalves.com.br\/blog\/10-coisas-sobre-habito-da-leitura\/\">Assimilar conhecimento \u00fatil atrav\u00e9s dos livros<\/a> \u00e9 um meio de ascens\u00e3o social. Dessa forma, dentre as diferentes formas de alimentarmos da nossa mem\u00f3ria, a leitura pode ser considerada a mais acess\u00edvel. Contudo, \u00e9 tamb\u00e9m a que exige maior grau de concentra\u00e7\u00e3o.<\/p>\n<p style=\"text-align: justify;\">Em princ\u00edpio, quando as ideias captadas pelos olhos n\u00e3o conseguem alcan\u00e7ar os dom\u00ednios da mem\u00f3ria, a leitura torna-se um ato in\u00fatil.<\/p>\n<p style=\"text-align: justify;\"><img fetchpriority=\"high\" decoding=\"async\" class=\"size-full wp-image-3337 aligncenter\" src=\"\/\/renatoalves.com.br\/blog\/wp-content\/uploads\/2015\/12\/books-985954_1280.jpg\" alt=\"Livro \u00e9 poder\" width=\"1280\" height=\"898\" srcset=\"https:\/\/renatoalves.com.br\/blog\/wp-content\/uploads\/2015\/12\/books-985954_1280.jpg 1280w, https:\/\/renatoalves.com.br\/blog\/wp-content\/uploads\/2015\/12\/books-985954_1280-300x210.jpg 300w, https:\/\/renatoalves.com.br\/blog\/wp-content\/uploads\/2015\/12\/books-985954_1280-768x539.jpg 768w, https:\/\/renatoalves.com.br\/blog\/wp-content\/uploads\/2015\/12\/books-985954_1280-1024x718.jpg 1024w\" sizes=\"(max-width: 1280px) 100vw, 1280px\" \/><\/p>\n<h3 style=\"text-align: justify;\">Voc\u00ea j\u00e1 leu um texto e ap\u00f3s a leitura n\u00e3o se lembrou de nada?<\/h3>\n<p style=\"text-align: justify;\">\u00c9 prov\u00e1vel que ao menos uma vez que sua mem\u00f3ria tenha falhado e voc\u00ea tenha ficado indignado de sua performance. Provavelmente voc\u00ea tenha pensado que est\u00e1 ficando velho, ou que a sua mem\u00f3ria est\u00e1 ficando ruim.<\/p>\n<p style=\"text-align: justify;\">Deixe-me dizer-lhe uma coisa: antes de conhecer a memoriza\u00e7\u00e3o, estudar, desenvolver t\u00e9cnicas e treinar at\u00e9 me tornar o primeiro recordista brasileiro de memoriza\u00e7\u00e3o, eu tamb\u00e9m achava que a minha mem\u00f3ria era ruim.<\/p>\n<p style=\"text-align: justify;\">Dessa forma, algumas vezes eu ficava furioso pelo fato de ler textos importantes e n\u00e3o me lembrar de nada.<\/p>\n<p style=\"text-align: justify;\">Voc\u00ea pode imaginar o estado de um leitor que na v\u00e9spera da prova, l\u00ea toda a mat\u00e9ria, mas n\u00e3o se lembra de nada?<\/p>\n<p style=\"text-align: justify;\">O estado \u00e9 t\u00e3o desesperador que explica porque muitos estudantes recorrem a mem\u00f3rias artificiais, como a cola.<\/p>\n<p style=\"text-align: justify;\">A diferen\u00e7a do Renato de ontem e o de hoje, \u00e9 que eu aplico t\u00e9cnicas para maior capta\u00e7\u00e3o e reten\u00e7\u00e3o do texto. Com o uso de certas regras, consigo me lembrar facilmente de mais 70% de um texto lido.<\/p>\n<p style=\"text-align: justify;\">Mentalmente falando, a leitura \u00e9 uma atividade complexa. Exige concentra\u00e7\u00e3o, conhecimento e dom\u00ednio de algumas regras e t\u00e9cnicas para que a mem\u00f3ria seja estimulada.<\/p>\n<p style=\"text-align: justify;\">Para lembrar-se do que foi lido, o leitor precisa aplicar algumas ferramentas que estimulam a recorda\u00e7\u00e3o. Mas, acontece que tais ferramentas n\u00e3o nos foram ensinadas na escola.<\/p>\n<p style=\"text-align: justify;\">O per\u00edodo de alfabetiza\u00e7\u00e3o \u00e9 feito ainda na inf\u00e2ncia e os nossos mecanismos de memoriza\u00e7\u00e3o tamb\u00e9m deveriam ser ensinados nesta fase.<\/p>\n<p style=\"text-align: justify;\">Pergunto: Mas como ensinar regras sobre o funcionamento da mem\u00f3ria a uma crian\u00e7a?<\/p>\n<p style=\"text-align: justify;\">Ao sermos privados desse conhecimento, nos tornamos leitores alfabetizados, n\u00e3o restam d\u00favidas. Contudo, n\u00e3o temos a menor no\u00e7\u00e3o de como enviar e preservar um texto na mem\u00f3ria.<\/p>\n<p>Entendeu?<\/p>\n<p><a href=\"https:\/\/cursos.renatoalves.com.br\/pvcvd-fast-read\/?lead=8c5d33ada5d94ceba68a9960766ef8a0&amp;utm_source=site_renato&amp;utm_medium=banner&amp;utm_campaign=LDE-Venda&amp;utm_content=site_principal\"><img decoding=\"async\" class=\"aligncenter wp-image-6031 size-full\" src=\"https:\/\/renatoalves.com.br\/blog\/wp-content\/uploads\/2015\/12\/banner-3x.png\" alt=\"leia 3x mais e melhor\" width=\"3002\" height=\"353\" srcset=\"https:\/\/renatoalves.com.br\/blog\/wp-content\/uploads\/2015\/12\/banner-3x.png 2560w, https:\/\/renatoalves.com.br\/blog\/wp-content\/uploads\/2015\/12\/banner-3x-300x35.png 300w, https:\/\/renatoalves.com.br\/blog\/wp-content\/uploads\/2015\/12\/banner-3x-768x90.png 768w, https:\/\/renatoalves.com.br\/blog\/wp-content\/uploads\/2015\/12\/banner-3x-1024x120.png 1024w, https:\/\/renatoalves.com.br\/blog\/wp-content\/uploads\/2015\/12\/banner-3x-610x72.png 610w\" sizes=\"(max-width: 3002px) 100vw, 3002px\" \/><\/a><\/p>\n<h3>O que eu acabei de ler? &#8211; Conclus\u00e3o\u00a0<\/h3>\n<p style=\"text-align: justify;\">Gostou do Texto?<\/p>\n<p style=\"text-align: justify;\">Eu adoraria saber sua opini\u00e3o a respeito, prometo ler e responde todos os coment\u00e1rios.<\/p>\n<p>Ali\u00e1s, para te ajudar a ir mais al\u00e9m com sua leitura, estou deixando logo abaixo um v\u00eddeo onde falo de maneira completa, como voc\u00ea pode memorizar de fato tudo aquilo que l\u00ea. Salvo que ser\u00e1 de grande ajuda!<\/p>\n\n\n<figure class=\"wp-block-embed-youtube wp-block-embed is-type-video is-provider-youtube wp-embed-aspect-16-9 wp-has-aspect-ratio\"><div class=\"wp-block-embed__wrapper\">\n<iframe title=\"COMO MEMORIZAR TEXTOS ( M\u00e9todo eficaz de memoriza\u00e7\u00e3o de textos)\" width=\"800\" height=\"450\" src=\"https:\/\/www.youtube.com\/embed\/wQmyLZPkYm4?start=1965&#038;feature=oembed\" frameborder=\"0\" allow=\"accelerometer; autoplay; clipboard-write; encrypted-media; gyroscope; picture-in-picture; web-share\" referrerpolicy=\"strict-origin-when-cross-origin\" allowfullscreen><\/iframe>\n<\/div><\/figure>\n\n\n\n<p>Espero ter ajudado voc\u00ea a entender qual \u00e9 a velocidade de leitura ideal para que possa aumentar o seu aprendizado e ter&nbsp;sucesso&nbsp;profissional.<\/p>\n\n\n\n<p>Gostaria de receber mais dicas? Curta a minha p\u00e1gina do&nbsp;<a href=\"https:\/\/www.facebook.com\/RenatoAlvesOficial?utm_source=blog&amp;utm_campaign=rc_blogpost\">Facebook<\/a>&nbsp;e o meu canal no&nbsp;<a href=\"https:\/\/www.youtube.com\/user\/videosmemoria\/videos?sub_confirmation=1\">Youtube<\/a>.<\/p>\n\n\n\n<p>Aproveite para conhecer o meu curso&nbsp;<a rel=\"noreferrer noopener\" href=\"https:\/\/leiturarapida.com.br\" target=\"_blank\">FastRead!<\/a> Como incentivo&nbsp;por acreditar tanto na efici\u00eancia do meu m\u00e9todo, al\u00e9m dos b\u00f4nus eu ainda lhe ofere\u00e7o uma garantia mais que especial:<\/p>\n\n\n\n<p>Se em 7 dias, depois de aplicar o m\u00e9todo, voc\u00ea&nbsp; n\u00e3o notar melhoras, eu assumo total responsabilidade e devolverei 100% do seu investimento. O que voc\u00ea acha?&nbsp;<a href=\"https:\/\/leiturarapida.com.br\" target=\"_blank\" rel=\"noreferrer noopener\">Clique aqui<\/a> e comece agora mesmo a sua caminhada rumo ao seleto grupo de pessoas que conseguem ler tranquilamente mais de 50 livros por ano.<\/p>\n\n\n\n<p><a href=\"\/\/renatoalves.com.br\/depoimentos.html\">\u00bb Clique Aqui&nbsp;e assista alguns depoimentos de alunos do curso&nbsp;\u00ab<\/a><\/p>\n\n\n\n<p><em><strong>Renato Alves<\/strong>&nbsp;\u00e9 escritor, pesquisador e primeiro brasileiro a receber o t\u00edtulo oficial de melhor mem\u00f3ria do Brasil. Autor de um m\u00e9todo patenteado de memoriza\u00e7\u00e3o que ganhou reconhecimento nacional e j\u00e1 est\u00e1 presente em mais de 100 pa\u00edses.<\/em><\/p>\n","protected":false},"excerpt":{"rendered":"<p>Existe uma enorme diferen\u00e7a entre saber ler e apenas ser alfabetizado. A maioria dos leitores foram apenas alfabetizados, poucos realmente sabem ler. Digo isso embasado no que declaro ser a perspectiva mais importante de todas, a da memoriza\u00e7\u00e3o.<\/p>\n","protected":false},"author":24,"featured_media":2420,"comment_status":"open","ping_status":"open","sticky":false,"template":"","format":"standard","meta":{"footnotes":""},"categories":[263],"tags":[62,66,84,45,46,86,68,29,27,59],"class_list":["post-1113","post","type-post","status-publish","format-standard","has-post-thumbnail","hentry","category-leitura-e-leitura-dinamica","tag-campeonato-mundial-de-memoria-rio","tag-como-estudar-para-o-enem","tag-como-fazer-um-plano-de-estudo","tag-curso-de-memorizacao","tag-curso-de-memorizacao-online","tag-curso-estudo-e-memorizacao","tag-curso-renato-alves","tag-memoria","tag-o-que-eu-acabei-de-ler","tag-preciso-estudar"],"_links":{"self":[{"href":"https:\/\/renatoalves.com.br\/blog\/wp-json\/wp\/v2\/posts\/1113","targetHints":{"allow":["GET"]}}],"collection":[{"href":"https:\/\/renatoalves.com.br\/blog\/wp-json\/wp\/v2\/posts"}],"about":[{"href":"https:\/\/renatoalves.com.br\/blog\/wp-json\/wp\/v2\/types\/post"}],"author":[{"embeddable":true,"href":"https:\/\/renatoalves.com.br\/blog\/wp-json\/wp\/v2\/users\/24"}],"replies":[{"embeddable":true,"href":"https:\/\/renatoalves.com.br\/blog\/wp-json\/wp\/v2\/comments?post=1113"}],"version-history":[{"count":1,"href":"https:\/\/renatoalves.com.br\/blog\/wp-json\/wp\/v2\/posts\/1113\/revisions"}],"predecessor-version":[{"id":7117,"href":"https:\/\/renatoalves.com.br\/blog\/wp-json\/wp\/v2\/posts\/1113\/revisions\/7117"}],"wp:featuredmedia":[{"embeddable":true,"href":"https:\/\/renatoalves.com.br\/blog\/wp-json\/wp\/v2\/media\/2420"}],"wp:attachment":[{"href":"https:\/\/renatoalves.com.br\/blog\/wp-json\/wp\/v2\/media?parent=1113"}],"wp:term":[{"taxonomy":"category","embeddable":true,"href":"https:\/\/renatoalves.com.br\/blog\/wp-json\/wp\/v2\/categories?post=1113"},{"taxonomy":"post_tag","embeddable":true,"href":"https:\/\/renatoalves.com.br\/blog\/wp-json\/wp\/v2\/tags?post=1113"}],"curies":[{"name":"wp","href":"https:\/\/api.w.org\/{rel}","templated":true}]}}