{"id":1125,"date":"2016-01-14T13:18:31","date_gmt":"2016-01-14T16:18:31","guid":{"rendered":"http:\/\/www.renatoalves.com.br\/blog\/?p=1125"},"modified":"2021-02-11T11:29:38","modified_gmt":"2021-02-11T14:29:38","slug":"vencendo-ansiedade-que-paralisa","status":"publish","type":"post","link":"https:\/\/renatoalves.com.br\/blog\/vencendo-ansiedade-que-paralisa\/","title":{"rendered":"Vencendo a ansiedade que paralisa"},"content":{"rendered":"<p style=\"text-align: justify;\">Ansiedade que paralisa \u00e9 uma rea\u00e7\u00e3o biol\u00f3gica do organismo humano. Capaz de provocar sensa\u00e7\u00f5es desagrad\u00e1veis como sufoco, vazio interior, aperto no peito, cora\u00e7\u00e3o acelerado e medo, a ansiedade atualmente \u00e9 uma das maiores queixas em cl\u00ednicas de psicologia.<\/p>\n<p style=\"text-align: justify;\">Toda vez que voc\u00ea cria uma expectativa produz a energia da ansiedade. Expectativa e ansiedade andam de m\u00e3os dadas. Uma depende da outra para existir. Um sujeito pode experimentar uma ansiedade positiva ou negativa.<\/p>\n<p style=\"text-align: justify;\"><img fetchpriority=\"high\" decoding=\"async\" class=\"size-full wp-image-3224 aligncenter\" src=\"\/\/renatoalves.com.br\/blog\/wp-content\/uploads\/2016\/01\/ansiedade-paralizadora.jpg\" alt=\"Ansiedade Paralizadora\" width=\"1280\" height=\"852\" srcset=\"https:\/\/renatoalves.com.br\/blog\/wp-content\/uploads\/2016\/01\/ansiedade-paralizadora.jpg 1280w, https:\/\/renatoalves.com.br\/blog\/wp-content\/uploads\/2016\/01\/ansiedade-paralizadora-300x200.jpg 300w, https:\/\/renatoalves.com.br\/blog\/wp-content\/uploads\/2016\/01\/ansiedade-paralizadora-768x511.jpg 768w, https:\/\/renatoalves.com.br\/blog\/wp-content\/uploads\/2016\/01\/ansiedade-paralizadora-1024x682.jpg 1024w\" sizes=\"(max-width: 1280px) 100vw, 1280px\" \/><\/p>\n<p style=\"text-align: justify;\">A ansiedade \u00e9 positiva quando a expectativa aponta para algo de bom que ir\u00e1 acontecer num futuro breve. Por exemplo: a data do casamento que est\u00e1 pr\u00f3xima, a t\u00e3o sonhada e planejada viagem de f\u00e9rias, o apartamento novo que entregar\u00e3o em alguns dias.<\/p>\n<p style=\"text-align: justify;\">Por outro lado, o indiv\u00edduo ir\u00e1 experimentar a face negativa da ansiedade quando, por exemplo, estiver pr\u00f3ximo o exame para tirar a carteira de habilita\u00e7\u00e3o, a prova para a qual necessita tirar uma boa nota ou a entrevista para um novo emprego.<\/p>\n<p style=\"text-align: justify;\"><strong>A ansiedade \u00e9 democr\u00e1tica, afeta ricos, pobres, letrados e analfabetos.<\/strong> Basta que se crie uma expectativa e ela estar\u00e1 presente, pronta para neutralizar a a\u00e7\u00e3o.<\/p>\n<p style=\"text-align: justify;\">Voc\u00ea j\u00e1 notou que a ansiedade tem o poder de paralisar a a\u00e7\u00e3o humana? O ansioso geralmente n\u00e3o tem for\u00e7as para agir. Por mais preparado que esteja sua mente insiste na d\u00favida e por isso ele experimenta ansiedade.<\/p>\n<p style=\"text-align: justify;\">Todas as vezes que surge uma d\u00favida a mente libera o veneno da ansiedade. Ser\u00e1 que eu consigo? Ser\u00e1 que eu devo fazer? E se n\u00e3o der certo?<\/p>\n<p style=\"text-align: justify;\">Um estudante pode se preparar ao m\u00e1ximo para uma prova, se surgir em sua mente um \u201cser\u00e1?\u201d Tudo pode ir \u00e1gua abaixo.<\/p>\n<p style=\"text-align: justify;\">N\u00e3o se elimina a ansiedade. N\u00e3o \u00e9 poss\u00edvel vivermos sem ela, afinal, trata-se de um mecanismo biol\u00f3gico e, por que n\u00e3o dizer, de defesa.<\/p>\n<p style=\"text-align: justify;\">A ansiedade \u00e9 uma forma de identificarmos poss\u00edveis problemas futuros e termos tempo de prevenir. Mas \u00e9 quando a ansiedade nos paralisa? O que fazer?<\/p>\n<p style=\"text-align: justify;\">A melhor forma de vencer a ansiedade que paralisa \u00e9 em primeiro lugar descobrir qual a sua causa e assim tentar neutralizar seus efeitos.<\/p>\n<p style=\"text-align: justify;\">Por exemplo, se a ansiedade \u00e9 por uma prova, estude mais, se \u00e9 sobre o rumor de uma demiss\u00e3o no trabalho, converse com o patr\u00e3o se \u00e9 por um problema afetivo, coloque as cartas na mesa.<\/p>\n<p style=\"text-align: justify;\">Ter a consci\u00eancia de que est\u00e1 realmente fazendo tudo certo, treinando, ensaiando, checando, conferindo pode ajudar a minimizar seus efeitos.<\/p>\n<p style=\"text-align: justify;\">Quando voc\u00ea tem a certeza de que tudo que estava ao seu alcance foi feito com perfei\u00e7\u00e3o, a ansiedade perde a for\u00e7a. Basta afirmar isso para si e confiar. Para que a d\u00favida se tudo foi prevenido?<\/p>\n<p style=\"text-align: justify;\">Simplesmente acalme a mente, respire com tranquilidade e relaxe. Ent\u00e3o olhe para o presente e contemple o mundo ao seu redor. Agrade\u00e7a, sinta-se feliz pela oportunidade que recebeu.<\/p>\n<hr \/>\n<p style=\"text-align: justify;\"><strong>Acesse abaixo a vers\u00e3o em audio deste post e fa\u00e7a o <em>download<\/em> para escutar as dicas do professor Renato Alves sempre que desejar.<\/strong><\/p>\n<p style=\"text-align: justify;\"><iframe src=\"https:\/\/w.soundcloud.com\/player\/?url=https%3A\/\/api.soundcloud.com\/tracks\/175724430&amp;color=ff5500&amp;auto_play=false&amp;hide_related=false&amp;show_comments=true&amp;show_user=true&amp;show_reposts=false\" width=\"100%\" height=\"166\" frameborder=\"no\" scrolling=\"no\"><\/iframe><\/p>\n<p style=\"text-align: justify;\">Voc\u00ea gostou do texto? Deixe um coment\u00e1rio e depois conhe\u00e7a o meu\u00a0<span class=\"s1\"><a class=\"\" href=\"https:\/\/memoriablindada.com.br\/\" target=\"_blank\" rel=\"noopener noreferrer\">curso\u00a0Mem\u00f3ria Blindada,<\/a>\u00a0um m\u00e9todo\u00a0detalhado de aplica\u00e7\u00e3o pr\u00e1tica da memoriza\u00e7\u00e3o\u00a0para dia a dia,\u00a0onde eu explico de maneira simples e objetiva todas as estrat\u00e9gias que utilizo para n\u00e3o esquecer de nada.<\/span><\/p>\n<p style=\"text-align: justify;\"><span class=\"s1\">O curso \u00e9\u00a0on-line e voc\u00ea poder\u00e1 assistir onde quiser, no celular, tablet, computador ou smart TV. Definitivamente \u00e9 sua hora de ter uma mem\u00f3ria mais jovem, forte e confi\u00e1vel.<\/span><\/p>\n<p style=\"text-align: justify;\"><span class=\"s1\">Estou aguardando voc\u00ea na pr\u00f3xima turma e como incentivo<\/span><span class=\"s1\">\u00a0<\/span>por acreditar tanto na efici\u00eancia do meu m\u00e9todo, al\u00e9m dos b\u00f4nus eu ainda lhe ofere\u00e7o uma garantia especial:<\/p>\n<p class=\"p1\" style=\"text-align: center;\"><a href=\"\/\/renatoalves.com.br\/depoimentos.html\">\u00bb Clique Aqui\u00a0e assista alguns depoimentos de alunos do curso\u00a0\u00ab<\/a><\/p>\n<p class=\"p1\" style=\"text-align: justify;\">Se em 7 dias, depois de aplicar o m\u00e9todo, voc\u00ea\u00a0 n\u00e3o notar melhoras, eu assumo total responsabilidade e devolverei 100% do seu investimento. O que voc\u00ea acha?\u00a0<a class=\"\" href=\"https:\/\/memoriablindada.com.br\/\" target=\"_blank\" rel=\"noopener noreferrer\">Clique aqui e comece agora mesmo!<\/a><\/p>\n<p style=\"text-align: justify;\">Quer ter acesso a mais dicas?\u00a0<a href=\"https:\/\/www.facebook.com\/RenatoAlvesOficial\">Curta e siga a minha fanpage no Facebook<\/a>\u00a0e\u00a0<a href=\"http:\/\/www.youtube.com\/videosmemoria\/videos?sub_confirmation=1\">inscreva-se no meu canal no Youtube<\/a>.<\/p>\n<p style=\"text-align: justify;\"><em><strong>Renato Alves<\/strong>\u00a0\u00e9 escritor, pesquisador e primeiro brasileiro a receber o t\u00edtulo oficial de melhor mem\u00f3ria do Brasil. Autor de um m\u00e9todo patenteado de memoriza\u00e7\u00e3o que ganhou reconhecimento nacional e j\u00e1 est\u00e1 presente em mais de 100 pa\u00edses.<\/em><\/p>\n<p><a class=\"\" href=\"https:\/\/memoriablindada.com.br\" target=\"_blank\" rel=\"noopener noreferrer\"><img decoding=\"async\" class=\"aligncenter wp-image-5387 size-full\" src=\"https:\/\/renatoalves.com.br\/blog\/wp-content\/uploads\/2015\/02\/banner_MB.jpg\" alt=\"\" width=\"3002\" height=\"353\" \/><\/a><\/p>\n","protected":false},"excerpt":{"rendered":"<p>Voc\u00ea j\u00e1 notou que a ansiedade tem o poder de paralisar a a\u00e7\u00e3o humana? O ansioso geralmente n\u00e3o tem for\u00e7as para agir. Por mais preparado que esteja sua mente insiste na d\u00favida e por isso ele experimenta ansiedade. Todas as vezes que surge uma d\u00favida a mente libera o veneno da ansiedade. Ser\u00e1 que eu consigo? Ser\u00e1 que eu devo fazer? E se n\u00e3o der certo?<\/p>\n","protected":false},"author":24,"featured_media":1128,"comment_status":"open","ping_status":"open","sticky":false,"template":"","format":"standard","meta":{"footnotes":""},"categories":[262],"tags":[41,56,44,86,68,70,51,99,47],"class_list":["post-1125","post","type-post","status-publish","format-standard","has-post-thumbnail","hentry","category-estudo-e-desenvolvimento","tag-alzheimer","tag-branco-na-memoria","tag-concentracao","tag-curso-estudo-e-memorizacao","tag-curso-renato-alves","tag-dicas-memorizacao","tag-disciplina","tag-qual-o-melhor-curso-de-memorizacao","tag-remedio-para-memoria"],"_links":{"self":[{"href":"https:\/\/renatoalves.com.br\/blog\/wp-json\/wp\/v2\/posts\/1125","targetHints":{"allow":["GET"]}}],"collection":[{"href":"https:\/\/renatoalves.com.br\/blog\/wp-json\/wp\/v2\/posts"}],"about":[{"href":"https:\/\/renatoalves.com.br\/blog\/wp-json\/wp\/v2\/types\/post"}],"author":[{"embeddable":true,"href":"https:\/\/renatoalves.com.br\/blog\/wp-json\/wp\/v2\/users\/24"}],"replies":[{"embeddable":true,"href":"https:\/\/renatoalves.com.br\/blog\/wp-json\/wp\/v2\/comments?post=1125"}],"version-history":[{"count":2,"href":"https:\/\/renatoalves.com.br\/blog\/wp-json\/wp\/v2\/posts\/1125\/revisions"}],"predecessor-version":[{"id":7325,"href":"https:\/\/renatoalves.com.br\/blog\/wp-json\/wp\/v2\/posts\/1125\/revisions\/7325"}],"wp:featuredmedia":[{"embeddable":true,"href":"https:\/\/renatoalves.com.br\/blog\/wp-json\/wp\/v2\/media\/1128"}],"wp:attachment":[{"href":"https:\/\/renatoalves.com.br\/blog\/wp-json\/wp\/v2\/media?parent=1125"}],"wp:term":[{"taxonomy":"category","embeddable":true,"href":"https:\/\/renatoalves.com.br\/blog\/wp-json\/wp\/v2\/categories?post=1125"},{"taxonomy":"post_tag","embeddable":true,"href":"https:\/\/renatoalves.com.br\/blog\/wp-json\/wp\/v2\/tags?post=1125"}],"curies":[{"name":"wp","href":"https:\/\/api.w.org\/{rel}","templated":true}]}}