{"id":1132,"date":"2016-01-20T14:01:52","date_gmt":"2016-01-20T17:01:52","guid":{"rendered":"http:\/\/www.renatoalves.com.br\/blog\/?p=1132"},"modified":"2021-02-11T11:28:55","modified_gmt":"2021-02-11T14:28:55","slug":"quanto-custa-um-esquecimento-para-a-sociedade","status":"publish","type":"post","link":"https:\/\/renatoalves.com.br\/blog\/quanto-custa-um-esquecimento-para-a-sociedade\/","title":{"rendered":"Quanto custa um esquecimento para a sociedade"},"content":{"rendered":"<p style=\"text-align: justify;\">\u00c9 f\u00e1cil estimar quanto se perde em dinheiro por causa de um simples esquecimento. Basta verificar o que foi esquecido, tra\u00e7ar todos os passos necess\u00e1rios para corrigir o problema, verificar quanto custou cada um deles e somar.\u00a0Quanto custa um esquecimento para a sociedade?<\/p>\n<p style=\"text-align: justify;\">Por exemplo, voc\u00ea envia um relat\u00f3rio para a impress\u00e3o, mas logo em seguida nota que se esqueceu de incluir uma informa\u00e7\u00e3o importante. Custo: folhas novas e tinta para impressora. Olhando rapidamente para valores isolados, parece pouco, n\u00e3o \u00e9?<\/p>\n<p style=\"text-align: justify;\">Imagine-se somando todos os preju\u00edzos que voc\u00ea pode ter com cada um dos seus esquecimentos, acontecendo uma ou duas vezes por dia. Multiplique isso por 52 semanas e avalie o seu preju\u00edzo anual.<\/p>\n<p style=\"text-align: justify;\">Agora, numa hip\u00f3tese mais sombria, pense neste custo multiplicado por centenas de funcion\u00e1rios em uma empresa. Certamente o preju\u00edzo explicar\u00e1 porque algumas contas n\u00e3o fecham.<\/p>\n<p style=\"text-align: justify;\">O custo de um esquecimento pode variar tamb\u00e9m de pessoa para pessoa, de acordo com sua classe social, ou a atividade que exerce.<\/p>\n<p style=\"text-align: justify;\">Por exemplo, o preju\u00edzo de uma mulher rica que esquece num local p\u00fablico a sua bolsa Louis Vuitton recheada de joias, maquiagens importadas, dinheiro, documentos e cart\u00f5es de cr\u00e9dito ser\u00e1 maior do que o da mulher pobre que esquece sua bolsa com uma carteira vazia, um batom usado, um espelho e uma escova de cabelo.<\/p>\n<p style=\"text-align: justify;\">O preju\u00edzo de um corretor que se esquece de renovar o seguro do carro de um cliente pode ser um pouco menor do que o do piloto que se esquece de ligar o transponder do jato executivo podendo com isso causar um grave acidente a\u00e9reo.<\/p>\n<p style=\"text-align: justify;\"><img fetchpriority=\"high\" decoding=\"async\" class=\"size-full wp-image-3218 aligncenter\" src=\"\/\/renatoalves.com.br\/blog\/wp-content\/uploads\/2016\/01\/esquecimento-para-a-sociedade.jpg\" alt=\"Esquecimento para a sociedade\" width=\"640\" height=\"402\" srcset=\"https:\/\/renatoalves.com.br\/blog\/wp-content\/uploads\/2016\/01\/esquecimento-para-a-sociedade.jpg 640w, https:\/\/renatoalves.com.br\/blog\/wp-content\/uploads\/2016\/01\/esquecimento-para-a-sociedade-300x188.jpg 300w\" sizes=\"(max-width: 640px) 100vw, 640px\" \/>Fiz uma pesquisa com profissionais com o objetivo de tentar descobrir quais s\u00e3o os maiores esquecimentos dentro da empresa e o quanto se perde todos os anos por conta deles.<\/p>\n<p style=\"text-align: justify;\"><strong>Acredite: em m\u00e9dia uma empresa pode gastar at\u00e9 dois mil reais por ano com esquecimentos. Detalhe: por funcion\u00e1rio!<\/strong><\/p>\n<p style=\"text-align: justify;\">Vale lembrar que isso \u00e9 uma estimativa, afinal, ningu\u00e9m sabe quando ser\u00e1 o pr\u00f3ximo lapso. Al\u00e9m disso, alguns funcion\u00e1rios conseguem extrapolar absurdamente este valor com um \u00fanico esquecimento.<\/p>\n<p style=\"text-align: justify;\">Lembra-se da operadora de caixa que se esqueceu de registrar o bol\u00e3o da Mega Sena na lot\u00e9rica de Novo Hamburgo? O preju\u00edzo foi de mais de cinquenta milh\u00f5es de reais e quase custou tamb\u00e9m a pele da coitada.<\/p>\n<p style=\"text-align: justify;\">O caso da lot\u00e9rica tamb\u00e9m chama a aten\u00e7\u00e3o para outro tipo de preju\u00edzo gerado pelo esquecimento: O preju\u00edzo moral. Esse \u00e9 o esquecimento que mancha a reputa\u00e7\u00e3o e causa uma desestabiliza\u00e7\u00e3o na confian\u00e7a do profissional, afinal de contas, quem confiaria uma miss\u00e3o a um sujeito esquecido?<\/p>\n<p style=\"text-align: justify;\">Exemplos de preju\u00edzo moral: O profissional n\u00e3o se lembra do nome de um cliente importante, se esquece de dar um recado urgente ou fazer uma tarefa essencial. Neste caso o esquecimento riscar\u00e1 profundamente a sua imagem.<\/p>\n<p style=\"text-align: justify;\">No Curso Mem\u00f3ria Blindada trato especificamente do fortalecimento da mem\u00f3ria, ou seja, com este fortalecimento voc\u00ea consegue sanar o esquecimento. Muitas pessoas procuraram m\u00e9todos para acabar com esse temido lapso na mem\u00f3ria.<\/p>\n<p style=\"text-align: justify;\">No curso ensino t\u00e9cnicas de memoriza\u00e7\u00e3o para ser usada tanto no estudo, quanto em situa\u00e7\u00e3o do dia a dia e esse m\u00e9todo ajuda na quest\u00e3o do esquecimento, como por exemplo, perda de objetos valiosos ou dinheiro.<\/p>\n<p style=\"text-align: justify;\">Pense: Voc\u00ea se lembra do seu \u00faltimo esquecimento que lhe causou preju\u00edzo financeiro? De quanto foi o seu preju\u00edzo, naquela ocasi\u00e3o? N\u00e3o importa se foi pouco ou muito, voc\u00ea concorda que ele poderia ter sido evitado, se voc\u00ea soubesse como usar melhor a sua mem\u00f3ria?<\/p>\n<p style=\"text-align: justify;\">O que aconteceria se voc\u00ea assumisse uma postura mais atenta diante das tarefas? Qual seria o resultado de fazer e conferir o seu trabalho e verificar se ficou algo por fazer? Certamente voc\u00ea se tornaria muito mais assertivo, eficiente e evitaria custos inesperados. Concentre-se e realize!<\/p>\n<p style=\"text-align: justify;\">Voc\u00ea gostou do texto? Deixe um coment\u00e1rio e nos diga como este texto te ajudou a identificar comportamentos que prejudicam o seu rendimento nos estudos e no trabalho.<\/p>\n<p class=\"p1\" style=\"text-align: justify;\"><span class=\"s1\">Se voc\u00ea se preocupa com seu bem-estar e as situa\u00e7\u00f5es acima refletem a sua realidade, aconselho voc\u00ea a cuidar melhor da sua sa\u00fade, da sua mente e gostaria de lhe indicar um curso cujo objetivo n\u00e3o se limita apenas a acabar com esses &#8220;brancos&#8221; de sua mem\u00f3ria e a falta de est\u00edmulo que eles causam dificultando o seu racioc\u00ednio, aten\u00e7\u00e3o e capacidade de pensar.<\/span><\/p>\n<p class=\"p1\" style=\"text-align: justify;\"><span class=\"s1\">Voc\u00ea encontrar\u00e1 no meu <a class=\"\" href=\"https:\/\/memoriablindada.com.br\/\" target=\"_blank\" rel=\"noopener\">curso\u00a0Mem\u00f3ria Blindada<\/a>\u00a0um m\u00e9todo\u00a0detalhado de aplica\u00e7\u00e3o pr\u00e1tica da memoriza\u00e7\u00e3o\u00a0no\u00a0dia a dia, tudo explicado de maneira simples e objetiva em videoaulas on-line, prontas para voc\u00ea usufruir em qualquer lugar, onde quiser em seu celular, tablet, computador ou smart TV.<\/span><\/p>\n<p class=\"p1\" style=\"text-align: justify;\"><span class=\"s1\">Tudo muito bem elaborado para que voc\u00ea tenha acesso a todas as estrat\u00e9gias que utilizo para n\u00e3o esquecer de nada. Definitivamente \u00e9 sua hora de ter uma mem\u00f3ria mais jovem, forte e confi\u00e1vel.<\/span><\/p>\n<p class=\"p1\" style=\"text-align: justify;\"><span class=\"s1\">Estou aguardando voc\u00ea na pr\u00f3xima turma e como incentivo<\/span><span class=\"s1\">\u00a0<\/span>por acreditar tanto na efici\u00eancia do meu m\u00e9todo, al\u00e9m dos b\u00f4nus eu ainda lhe ofere\u00e7o uma garantia especial:<\/p>\n<p class=\"p1\" style=\"text-align: center;\"><a href=\"\/\/renatoalves.com.br\/depoimentos.html\">\u00bb Clique Aqui\u00a0e assista alguns depoimentos de alunos do curso\u00a0\u00ab<\/a><\/p>\n<p class=\"p1\" style=\"text-align: justify;\">Se em 7 dias, depois de aplicar o m\u00e9todo, voc\u00ea\u00a0 n\u00e3o notar melhoras, eu assumo total responsabilidade e devolverei 100% do seu investimento. O que voc\u00ea acha?\u00a0<a class=\"\" href=\"https:\/\/memoriablindada.com.br\/\" target=\"_blank\" rel=\"noopener\">Clique aqui e comece agora mesmo o treinamento!<\/a><\/p>\n<p style=\"text-align: justify;\">Quer ter acesso a mais dicas?\u00a0<a href=\"https:\/\/www.facebook.com\/RenatoAlvesOficial\">Curta e siga a minha fanpage no Facebook<\/a>\u00a0e\u00a0<a href=\"http:\/\/www.youtube.com\/videosmemoria\/videos?sub_confirmation=1\">inscreva-se no meu canal no Youtube<\/a>\u00a0e receba as novidades em primeira m\u00e3o.<\/p>\n<p style=\"text-align: justify;\"><em><strong>Renato Alves<\/strong>\u00a0\u00e9 escritor, pesquisador e primeiro brasileiro a receber o t\u00edtulo oficial de melhor mem\u00f3ria do Brasil. Autor de um m\u00e9todo patenteado de memoriza\u00e7\u00e3o que ganhou reconhecimento nacional e j\u00e1 est\u00e1 presente em mais de 100 pa\u00edses.<\/em><\/p>\n<p style=\"text-align: justify;\"><a class=\"\" href=\"https:\/\/clkdmg.site\/lead\/8a36a3f4-24cb-41be-a7d2-db51a2d8f476?utm_content=quanto-custa-um-esquecimento-para-a-sociedade\" target=\"_blank\" rel=\"noopener\"><img decoding=\"async\" class=\"aligncenter wp-image-5387 size-full\" src=\"https:\/\/renatoalves.com.br\/blog\/wp-content\/uploads\/2015\/02\/banner_MB.jpg\" alt=\"\" width=\"3002\" height=\"353\" \/><\/a><\/p>\n","protected":false},"excerpt":{"rendered":"<p>No Curso Estudo e Memoriza\u00e7\u00e3o trato especificamente do fortalecimento da mem\u00f3ria, ou seja, com este fortalecimento voc\u00ea consegue sanar o esquecimento. Muitas pessoas procuraram m\u00e9todos para acabar com esse temido lapso na mem\u00f3ria. No curso ensino t\u00e9cnicas de memoriza\u00e7\u00e3o para ser usada tanto no estudo, quanto em situa\u00e7\u00e3o do dia a dia e esse m\u00e9todo ajuda na quest\u00e3o do esquecimento, como por exemplo, perda de objetos valiosos ou dinheiro. <\/p>\n","protected":false},"author":24,"featured_media":1133,"comment_status":"open","ping_status":"open","sticky":false,"template":"","format":"standard","meta":{"footnotes":""},"categories":[262],"tags":[41,145,56,65,66,44,45,46,86,68,67,74,55,95,52],"class_list":["post-1132","post","type-post","status-publish","format-standard","has-post-thumbnail","hentry","category-estudo-e-desenvolvimento","tag-alzheimer","tag-boa-memoria","tag-branco-na-memoria","tag-como-estudar-para-concurso","tag-como-estudar-para-o-enem","tag-concentracao","tag-curso-de-memorizacao","tag-curso-de-memorizacao-online","tag-curso-estudo-e-memorizacao","tag-curso-renato-alves","tag-dicas-de-memorizacao","tag-metodo-renato-alves","tag-renato-alves","tag-renato-alves-memorizacao","tag-ter-disciplina"],"_links":{"self":[{"href":"https:\/\/renatoalves.com.br\/blog\/wp-json\/wp\/v2\/posts\/1132","targetHints":{"allow":["GET"]}}],"collection":[{"href":"https:\/\/renatoalves.com.br\/blog\/wp-json\/wp\/v2\/posts"}],"about":[{"href":"https:\/\/renatoalves.com.br\/blog\/wp-json\/wp\/v2\/types\/post"}],"author":[{"embeddable":true,"href":"https:\/\/renatoalves.com.br\/blog\/wp-json\/wp\/v2\/users\/24"}],"replies":[{"embeddable":true,"href":"https:\/\/renatoalves.com.br\/blog\/wp-json\/wp\/v2\/comments?post=1132"}],"version-history":[{"count":1,"href":"https:\/\/renatoalves.com.br\/blog\/wp-json\/wp\/v2\/posts\/1132\/revisions"}],"predecessor-version":[{"id":7323,"href":"https:\/\/renatoalves.com.br\/blog\/wp-json\/wp\/v2\/posts\/1132\/revisions\/7323"}],"wp:featuredmedia":[{"embeddable":true,"href":"https:\/\/renatoalves.com.br\/blog\/wp-json\/wp\/v2\/media\/1133"}],"wp:attachment":[{"href":"https:\/\/renatoalves.com.br\/blog\/wp-json\/wp\/v2\/media?parent=1132"}],"wp:term":[{"taxonomy":"category","embeddable":true,"href":"https:\/\/renatoalves.com.br\/blog\/wp-json\/wp\/v2\/categories?post=1132"},{"taxonomy":"post_tag","embeddable":true,"href":"https:\/\/renatoalves.com.br\/blog\/wp-json\/wp\/v2\/tags?post=1132"}],"curies":[{"name":"wp","href":"https:\/\/api.w.org\/{rel}","templated":true}]}}