{"id":1147,"date":"2016-02-03T09:50:45","date_gmt":"2016-02-03T12:50:45","guid":{"rendered":"http:\/\/www.renatoalves.com.br\/blog\/?p=1147"},"modified":"2021-10-14T15:16:53","modified_gmt":"2021-10-14T18:16:53","slug":"memoria-feminina-melhor-que-masculina","status":"publish","type":"post","link":"https:\/\/renatoalves.com.br\/blog\/memoria-feminina-melhor-que-masculina\/","title":{"rendered":"Mem\u00f3ria feminina \u00e9 15% melhor do que a masculina"},"content":{"rendered":"<p style=\"text-align: justify;\">Um estudo realizado pela Universidade de Londres com 10 mil pessoas na faixa dos 50 anos constatou que a mem\u00f3ria feminina \u00e9 15% melhor do que a masculina.<\/p>\n<p style=\"text-align: justify;\">Para os pesquisadores, caracter\u00edsticas gen\u00e9ticas e h\u00e1bitos de vida s\u00e3o as principais causas da vantagem. Os volunt\u00e1rios ouviram dez palavras e tiveram dois minutos para lembrar o maior n\u00famero poss\u00edvel delas.<\/p>\n<p style=\"text-align: justify;\">Em seguida, precisaram list\u00e1-las depois de cinco minutos e o intervalo entre a memoriza\u00e7\u00e3o e o teste foi aumentando. Na segunda etapa do estudo, a tarefa era riscar em um minuto mais letras &#8220;p&#8221; e &#8220;w&#8221; de um ca\u00e7a-palavras. Depois, nomear quantos animais conseguissem ao longo de um minuto.<\/p>\n<p style=\"text-align: justify;\"><img fetchpriority=\"high\" decoding=\"async\" class=\"size-full wp-image-3147 aligncenter\" src=\"\/\/renatoalves.com.br\/blog\/wp-content\/uploads\/2016\/02\/Memoria-feminina-masculina.jpg\" alt=\"Mem\u00f3ria feminina e Mem\u00f3ria masculina\" width=\"1280\" height=\"895\" srcset=\"https:\/\/renatoalves.com.br\/blog\/wp-content\/uploads\/2016\/02\/Memoria-feminina-masculina.jpg 1280w, https:\/\/renatoalves.com.br\/blog\/wp-content\/uploads\/2016\/02\/Memoria-feminina-masculina-300x210.jpg 300w, https:\/\/renatoalves.com.br\/blog\/wp-content\/uploads\/2016\/02\/Memoria-feminina-masculina-768x537.jpg 768w, https:\/\/renatoalves.com.br\/blog\/wp-content\/uploads\/2016\/02\/Memoria-feminina-masculina-1024x716.jpg 1024w\" sizes=\"(max-width: 1280px) 100vw, 1280px\" \/><\/p>\n<p style=\"text-align: justify;\">Ao final do estudo, as mulheres venceram os homens, com placar 15% melhor do que o deles em todos os testes. Os estudiosos acreditam que tal diferen\u00e7a est\u00e1 ligada a caracter\u00edsticas biol\u00f3gicas e ao n\u00edvel de estrog\u00eanio no organismo, mas que os h\u00e1bitos de vida tamb\u00e9m influenciam nos resultados.<\/p>\n<p style=\"text-align: justify;\">Novos estudos devem ser feitos, mas os cientistas acreditam que este j\u00e1 \u00e9 um grande passo para entender a mem\u00f3ria de homens e mulheres e encontrar respostas para doen\u00e7as relacionadas a ela, como o Mal de Alzheimer.<\/p>\n<p style=\"text-align: center;\">[inf_infusionsoft_inline optin_id=optin_1]<\/p>\n<h2 style=\"text-align: justify;\">As diferen\u00e7as entre a mem\u00f3ria feminina e a mem\u00f3ria masculina<\/h2>\n<p style=\"text-align: justify;\">Segundo o neurologista Tarso Adoni, a diferen\u00e7a entre a mem\u00f3ria de homens e mulheres, ocorre principalmente por causa de propens\u00f5es\u00a0e prioridades de cada um, os homens, por exemplo, sempre lembram da escala\u00e7\u00e3o dos times e elas, por outro lado, nunca se esquecem o dia do primeiro beijo com o marido.<\/p>\n<p style=\"text-align: justify;\">O ginecologista Jos\u00e9 Bento acrescentou ainda que at\u00e9 mesmo o ciclo menstrual pode alterar a mem\u00f3ria feminina.<\/p>\n<p style=\"text-align: justify;\">Segundo o m\u00e9dico, depois da ovula\u00e7\u00e3o, o n\u00edvel de progesterona aumenta e o corpo se prepara para receber o embri\u00e3o &#8211; nesse per\u00edodo, o racioc\u00ednio fica mais lento e a mulher fica mais calma, podendo ter a mem\u00f3ria um pouco mais alterada. Por\u00e9m, j\u00e1 na primeira fase do ciclo, isso muda e o racioc\u00ednio fica mais r\u00e1pido e a mulher mais atenta.<\/p>\n<p style=\"text-align: justify;\"><img decoding=\"async\" class=\"size-full wp-image-3136 aligncenter\" src=\"\/\/renatoalves.com.br\/blog\/wp-content\/uploads\/2016\/02\/memoria-feminina.jpg\" alt=\"Mem\u00f3ria feminina\" width=\"1280\" height=\"853\" srcset=\"https:\/\/renatoalves.com.br\/blog\/wp-content\/uploads\/2016\/02\/memoria-feminina.jpg 1280w, https:\/\/renatoalves.com.br\/blog\/wp-content\/uploads\/2016\/02\/memoria-feminina-300x200.jpg 300w, https:\/\/renatoalves.com.br\/blog\/wp-content\/uploads\/2016\/02\/memoria-feminina-768x512.jpg 768w, https:\/\/renatoalves.com.br\/blog\/wp-content\/uploads\/2016\/02\/memoria-feminina-1024x682.jpg 1024w\" sizes=\"(max-width: 1280px) 100vw, 1280px\" \/><\/p>\n<p style=\"text-align: justify;\">Outro per\u00edodo na vida das mulheres que tamb\u00e9m pode afetar a mem\u00f3ria \u00e9 a gravidez &#8211; de acordo com os especialistas, isso acontece porque, nessa fase, a prioridade \u00e9 o beb\u00ea e o c\u00e9rebro fica menos atento a coisas que n\u00e3o se relacionam a ele. Fora isso, ao se tornar m\u00e3e, a mulher passa a dormir menos, o que torna o mecanismo da mem\u00f3ria menos \u00e1gil.<\/p>\n<p style=\"text-align: justify;\"><strong>Fonte:<\/strong> Minha Vida e Bem Estar<\/p>\n<p class=\"p1\" style=\"text-align: justify;\"><span class=\"s1\">Se voc\u00ea se preocupa com seu bem-estar e as situa\u00e7\u00f5es acima refletem a sua realidade, aconselho voc\u00ea a cuidar melhor da sua sa\u00fade, da sua mente e para isso gostaria de lhe indicar um curso, o <a href=\"https:\/\/memoriablindada.com.br\/\">Mem\u00f3ria Blindada<\/a> cujo objetivo n\u00e3o se limita apenas a acabar com esses &#8220;brancos&#8221; de sua mem\u00f3ria.<\/span><\/p>\n<p class=\"p1\" style=\"text-align: justify;\"><span class=\"s1\">A falta de est\u00edmulo que eles causam dificultando o seu racioc\u00ednio, aten\u00e7\u00e3o e capacidade de pensar.<\/span><\/p>\n<p class=\"p1\" style=\"text-align: justify;\"><span class=\"s1\">Voc\u00ea encontrar\u00e1 no meu curso\u00a0<a class=\"\" href=\"https:\/\/memoriablindada.com.br\/\" target=\"_blank\" rel=\"noopener\">Mem\u00f3ria Blindada<\/a>\u00a0um m\u00e9todo\u00a0detalhado de aplica\u00e7\u00e3o pr\u00e1tica da memoriza\u00e7\u00e3o\u00a0no\u00a0dia a dia, tudo explicado de maneira simples e objetiva em videoaulas on-line, prontas para voc\u00ea usufruir em qualquer lugar, onde quiser em seu celular, tablet, computador ou smart TV.<\/span><\/p>\n<p class=\"p1\" style=\"text-align: justify;\"><span class=\"s1\">Tudo muito bem elaborado para que voc\u00ea tenha acesso a todas as estrat\u00e9gias que utilizo para n\u00e3o esquecer de nada. Definitivamente \u00e9 sua hora de ter uma mem\u00f3ria mais jovem, forte e confi\u00e1vel.<\/span>\u00a0<a class=\"\" href=\"https:\/\/memoriablindada.com.br\/\" target=\"_blank\" rel=\"noopener\">Clique aqui e conhe\u00e7a agora mesmo!<\/a><\/p>\n<p style=\"text-align: justify;\"><em><strong>Renato Alves<\/strong>\u00a0\u00e9 escritor, pesquisador e primeiro brasileiro a receber o t\u00edtulo oficial de melhor mem\u00f3ria do Brasil. Autor de um m\u00e9todo patenteado de memoriza\u00e7\u00e3o que ganhou reconhecimento nacional e j\u00e1 est\u00e1 presente em mais de 100 pa\u00edses.<\/em><\/p>\n<p style=\"text-align: justify;\"><a class=\"\" href=\"https:\/\/memoriablindada.com.br\/\" target=\"_blank\" rel=\"noopener\"><img decoding=\"async\" class=\"aligncenter wp-image-5387 size-full\" src=\"https:\/\/renatoalves.com.br\/blog\/wp-content\/uploads\/2015\/02\/banner_MB.jpg\" alt=\"\" width=\"3002\" height=\"353\" \/><\/a><\/p>\n","protected":false},"excerpt":{"rendered":"<p>Um estudo realizado pela Universidade de Londres com 10 mil pessoas na faixa dos 50 anos constatou que a mem\u00f3ria feminina \u00e9 15% melhor do que a masculina.<\/p>\n","protected":false},"author":24,"featured_media":1148,"comment_status":"open","ping_status":"open","sticky":false,"template":"","format":"standard","meta":{"footnotes":""},"categories":[262],"tags":[41,145,56,45,6,42,55,52],"class_list":["post-1147","post","type-post","status-publish","format-standard","has-post-thumbnail","hentry","category-estudo-e-desenvolvimento","tag-alzheimer","tag-boa-memoria","tag-branco-na-memoria","tag-curso-de-memorizacao","tag-evitar-esquecimentos","tag-memorizacao","tag-renato-alves","tag-ter-disciplina"],"_links":{"self":[{"href":"https:\/\/renatoalves.com.br\/blog\/wp-json\/wp\/v2\/posts\/1147","targetHints":{"allow":["GET"]}}],"collection":[{"href":"https:\/\/renatoalves.com.br\/blog\/wp-json\/wp\/v2\/posts"}],"about":[{"href":"https:\/\/renatoalves.com.br\/blog\/wp-json\/wp\/v2\/types\/post"}],"author":[{"embeddable":true,"href":"https:\/\/renatoalves.com.br\/blog\/wp-json\/wp\/v2\/users\/24"}],"replies":[{"embeddable":true,"href":"https:\/\/renatoalves.com.br\/blog\/wp-json\/wp\/v2\/comments?post=1147"}],"version-history":[{"count":2,"href":"https:\/\/renatoalves.com.br\/blog\/wp-json\/wp\/v2\/posts\/1147\/revisions"}],"predecessor-version":[{"id":7681,"href":"https:\/\/renatoalves.com.br\/blog\/wp-json\/wp\/v2\/posts\/1147\/revisions\/7681"}],"wp:featuredmedia":[{"embeddable":true,"href":"https:\/\/renatoalves.com.br\/blog\/wp-json\/wp\/v2\/media\/1148"}],"wp:attachment":[{"href":"https:\/\/renatoalves.com.br\/blog\/wp-json\/wp\/v2\/media?parent=1147"}],"wp:term":[{"taxonomy":"category","embeddable":true,"href":"https:\/\/renatoalves.com.br\/blog\/wp-json\/wp\/v2\/categories?post=1147"},{"taxonomy":"post_tag","embeddable":true,"href":"https:\/\/renatoalves.com.br\/blog\/wp-json\/wp\/v2\/tags?post=1147"}],"curies":[{"name":"wp","href":"https:\/\/api.w.org\/{rel}","templated":true}]}}