{"id":1157,"date":"2016-02-18T07:41:22","date_gmt":"2016-02-18T10:41:22","guid":{"rendered":"http:\/\/www.renatoalves.com.br\/blog\/?p=1157"},"modified":"2021-10-14T15:17:02","modified_gmt":"2021-10-14T18:17:02","slug":"como-obter-mais-concentracao","status":"publish","type":"post","link":"https:\/\/renatoalves.com.br\/blog\/como-obter-mais-concentracao\/","title":{"rendered":"Como obter mais concentra\u00e7\u00e3o"},"content":{"rendered":"<p style=\"text-align: justify;\">\u00c9 preciso ter est\u00f4mago para digitar \u201cacidente de trabalho\u201d no link de imagens do site de busca Google. A quantidade de trabalhadores destro\u00e7ados \u00e9 t\u00e3o grande que faz filmes de terror parecer contos infantis.<\/p>\n<p style=\"text-align: justify;\">Os acidentes de trabalho s\u00e3o grandes afluentes de um rio de problemas causados pela falta de concentra\u00e7\u00e3o, atrav\u00e9s dos dados podemos inferir que algo deve ser feito, mas\u00a0como obter mais concentra\u00e7\u00e3o?<\/p>\n<p style=\"text-align: justify;\">Falta de concentra\u00e7\u00e3o, desaten\u00e7\u00e3o, distra\u00e7\u00e3o, cabe\u00e7a nas nuvens. Existem diversas formas de definir o obst\u00e1culo que leva profissionais e estudantes a um mesmo fim, o preju\u00edzo.<\/p>\n<p style=\"text-align: justify;\">Do hil\u00e1rio ato de ir ao c\u00f4modo vizinho e n\u00e3o se lembrar o que foi fazer, ao atraso causado por entrar numa via errada no tr\u00e2nsito de uma grande cidade. O fato \u00e9 que a falta de concentra\u00e7\u00e3o limita a a\u00e7\u00e3o.<\/p>\n<h2>Como obter mais concentra\u00e7\u00e3o<\/h2>\n<p style=\"text-align: justify;\">Quando voc\u00ea mergulha nos livros com o objetivo de entender os fundamentos da concentra\u00e7\u00e3o, acaba inevitavelmente explorando o seu oposto, isto \u00e9, a distra\u00e7\u00e3o.<\/p>\n<p style=\"text-align: justify;\">Desbravar terrenos convencionais como os da neuroci\u00eancia e da psicologia beneficiaram minha base te\u00f3rica, mas nunca me fizeram sentir mais concentrado.<\/p>\n<p style=\"text-align: justify;\">Foi ao pisar no campo de tradi\u00e7\u00f5es orientais como o Yoga e experimentar pr\u00e1ticas do esoterismo que comecei a obter avan\u00e7os e realmente experimentar a agrad\u00e1vel e potente sensa\u00e7\u00e3o de ter uma mente focada.<\/p>\n<p style=\"text-align: justify;\"><img fetchpriority=\"high\" decoding=\"async\" class=\"size-full wp-image-3129 aligncenter\" src=\"\/\/renatoalves.com.br\/blog\/wp-content\/uploads\/2016\/02\/livros.jpg\" alt=\"livros\" width=\"1280\" height=\"959\" srcset=\"https:\/\/renatoalves.com.br\/blog\/wp-content\/uploads\/2016\/02\/livros.jpg 1280w, https:\/\/renatoalves.com.br\/blog\/wp-content\/uploads\/2016\/02\/livros-300x225.jpg 300w, https:\/\/renatoalves.com.br\/blog\/wp-content\/uploads\/2016\/02\/livros-768x575.jpg 768w, https:\/\/renatoalves.com.br\/blog\/wp-content\/uploads\/2016\/02\/livros-1024x767.jpg 1024w\" sizes=\"(max-width: 1280px) 100vw, 1280px\" \/><\/p>\n<p style=\"text-align: justify;\">Dentre os diversos exerc\u00edcios que existem nas ci\u00eancias ocultas, existe um bem f\u00e1cil e que ajuda a testar o grau de concentra\u00e7\u00e3o. Respire profundamente algumas vezes ao passo que relaxa cada parte do seu corpo.<\/p>\n<p style=\"text-align: justify;\">Quando sentir o corpo bem leve, abra as m\u00e3os e imagine-se segurando uma bexiga, leve e flex\u00edvel. Concentre-se nisso por alguns segundos.<\/p>\n<p style=\"text-align: justify;\">Comece a apertar e soltar fazendo movimentos milim\u00e9tricos. Neste momento algumas pessoas relatam sentir que as m\u00e3os n\u00e3o conseguem sair do lugar. No esoterismo, explica-se como a forma\u00e7\u00e3o de uma massa de energia entre as m\u00e3os.<\/p>\n<p style=\"text-align: center;\">[inf_infusionsoft_inline optin_id=optin_1]<\/p>\n<p style=\"text-align: justify;\">Energia? Bom, n\u00e3o creio que seja f\u00e1cil ver uma aura ou energia entre as m\u00e3os, mas \u00e9 poss\u00edvel provar que durante o exerc\u00edcio voc\u00ea estava concentrado, especialmente se conseguiu sentir a massa energ\u00e9tica. Caso afirmativo, foi porque estava concentrado apenas em suas m\u00e3os.<\/p>\n<p style=\"text-align: justify;\">Da mesma forma que ao se concentrar no movimento das m\u00e3os, um m\u00fasico consegue memorizar melhor os acordes de um instrumento, ao focar os movimentos que realiza quando dirige um carro, voc\u00ea curte melhor o ve\u00edculo e ao escolher se concentrar na leitura voc\u00ea avan\u00e7a neste ato.<\/p>\n<p style=\"text-align: justify;\">Concentra\u00e7\u00e3o n\u00e3o \u00e9 um exerc\u00edcio, \u00e9 uma escolha. Simples assim.<\/p>\n<p style=\"text-align: justify;\">Voc\u00ea escolhe concentrar a sua mente numa determinada atividade e a realiza com \u00eaxito. Pronto!<\/p>\n<p style=\"text-align: justify;\">Se existem ladr\u00f5es de aten\u00e7\u00e3o durante, por exemplo, a leitura de um texto (telefone, pessoas, campainha e demais interrup\u00e7\u00f5es) convenhamos, somos grandinhos o suficiente para entender que tais est\u00edmulos devem ser evitados, neutralizados ou simplesmente ignorados.<\/p>\n<p style=\"text-align: justify;\"><img decoding=\"async\" class=\"size-full wp-image-3126 aligncenter\" src=\"\/\/renatoalves.com.br\/blog\/wp-content\/uploads\/2016\/02\/concentracao3.jpg\" alt=\"Concentra\u00e7\u00e3o \u00e9 uma escolha\" width=\"1280\" height=\"854\" srcset=\"https:\/\/renatoalves.com.br\/blog\/wp-content\/uploads\/2016\/02\/concentracao3.jpg 1280w, https:\/\/renatoalves.com.br\/blog\/wp-content\/uploads\/2016\/02\/concentracao3-300x200.jpg 300w, https:\/\/renatoalves.com.br\/blog\/wp-content\/uploads\/2016\/02\/concentracao3-768x512.jpg 768w, https:\/\/renatoalves.com.br\/blog\/wp-content\/uploads\/2016\/02\/concentracao3-1024x683.jpg 1024w\" sizes=\"(max-width: 1280px) 100vw, 1280px\" \/><\/p>\n<p style=\"text-align: justify;\">Portanto, manter a mente focada numa \u00fanica tarefa nos torna mais r\u00e1pidos e eficientes. A nossa mente produz distra\u00e7\u00f5es, por isso, \u00e9 preciso ser maior do que a mente. E na verdade somos. Seja firme e simplesmente escolha ser mais concentrado.<\/p>\n<p style=\"text-align: justify;\">Gostou do texto? Deixe seus coment\u00e1rios abaixo, quero saber sua opini\u00e3o, aproveite\u00a0e conhe\u00e7a o meu <a class=\"\" href=\"https:\/\/memoriablindada.com.br\/\" target=\"_blank\" rel=\"noopener\">curso\u00a0Mem\u00f3ria Blindada.<\/a><\/p>\n<p style=\"text-align: justify;\">No treinamento eu lhe ensinarei de maneira pr\u00e1tica, como voc\u00ea poder\u00e1 ter melhor qualidade de vida e\u00a0aumentar\u00a0sua performance pessoal e profissional atrav\u00e9s da memoriza\u00e7\u00e3o.<\/p>\n<p style=\"text-align: justify;\">As aulas do <a class=\"\" href=\"https:\/\/memoriablindada.com.br\/\" target=\"_blank\" rel=\"noopener\">curso Mem\u00f3ria Blindada<\/a> por serem on-line,\u00a0podem ser assistidas no seu celular, tablet, computador ou Smart TV.<\/p>\n<p style=\"text-align: center;\"><a href=\"\/\/renatoalves.com.br\/depoimentos.html\">\u00bb Clique Aqui\u00a0e assista alguns depoimentos de alunos \u00ab<\/a><\/p>\n<p style=\"text-align: justify;\">Eu acredito tanto na efici\u00eancia do meu m\u00e9todo que al\u00e9m dos b\u00f4nus eu ainda lhe ofere\u00e7o uma garantia especial.<\/p>\n<p style=\"text-align: justify;\">Se em 7 dias, depois de aplicar o meu m\u00e9todo, voc\u00ea n\u00e3o estiver estiver satisfeito, eu assumo total responsabilidade e devolvo 100% do seu investimento. O que voc\u00ea acha? <a class=\"\" href=\"https:\/\/memoriablindada.com.br\/\" target=\"_blank\" rel=\"noopener\">Clique aqui e saiba mais sobre o treinamento!<\/a><\/p>\n<p style=\"text-align: justify;\"><em><strong>Renato Alves<\/strong>\u00a0\u00e9 escritor, pesquisador e primeiro brasileiro a receber o t\u00edtulo oficial de melhor mem\u00f3ria do Brasil. Autor de um m\u00e9todo patenteado de memoriza\u00e7\u00e3o que ganhou reconhecimento nacional e j\u00e1 est\u00e1 presente em mais de 100 pa\u00edses.<\/em><\/p>\n<p><a class=\"\" href=\"https:\/\/memoriablindada.com.br\/\" target=\"_blank\" rel=\"noopener\"><img decoding=\"async\" class=\"aligncenter wp-image-5387 size-full\" src=\"https:\/\/renatoalves.com.br\/blog\/wp-content\/uploads\/2015\/02\/banner_MB.jpg\" alt=\"\" width=\"3002\" height=\"353\" \/><\/a><\/p>\n","protected":false},"excerpt":{"rendered":"<p>Ser mais concentrado nas tarefas \u00e9 desejo comum para profissionais e estudantes e n\u00e3o \u00e9 para menos. Quando a mente est\u00e1 concentrada num \u00fanico alvo, somos capazes de reduzir em at\u00e9 80% o tempo despendido. E que mortal n\u00e3o desejaria isso? Ler um livro mais r\u00e1pido, ser mais preciso na realiza\u00e7\u00e3o dos afazeres e evitar erros tolos, dependem da concentra\u00e7\u00e3o, por isso, \u00e9 preciso entend\u00ea-la.<\/p>\n","protected":false},"author":24,"featured_media":3119,"comment_status":"open","ping_status":"open","sticky":false,"template":"","format":"standard","meta":{"footnotes":""},"categories":[262],"tags":[41,145,56,44,45,46,86,212,98,68,70,43,27,55,95,52],"class_list":["post-1157","post","type-post","status-publish","format-standard","has-post-thumbnail","hentry","category-estudo-e-desenvolvimento","tag-alzheimer","tag-boa-memoria","tag-branco-na-memoria","tag-concentracao","tag-curso-de-memorizacao","tag-curso-de-memorizacao-online","tag-curso-estudo-e-memorizacao","tag-curso-memoria-blindada","tag-curso-online-renato-alves","tag-curso-renato-alves","tag-dicas-memorizacao","tag-foco","tag-o-que-eu-acabei-de-ler","tag-renato-alves","tag-renato-alves-memorizacao","tag-ter-disciplina"],"_links":{"self":[{"href":"https:\/\/renatoalves.com.br\/blog\/wp-json\/wp\/v2\/posts\/1157","targetHints":{"allow":["GET"]}}],"collection":[{"href":"https:\/\/renatoalves.com.br\/blog\/wp-json\/wp\/v2\/posts"}],"about":[{"href":"https:\/\/renatoalves.com.br\/blog\/wp-json\/wp\/v2\/types\/post"}],"author":[{"embeddable":true,"href":"https:\/\/renatoalves.com.br\/blog\/wp-json\/wp\/v2\/users\/24"}],"replies":[{"embeddable":true,"href":"https:\/\/renatoalves.com.br\/blog\/wp-json\/wp\/v2\/comments?post=1157"}],"version-history":[{"count":2,"href":"https:\/\/renatoalves.com.br\/blog\/wp-json\/wp\/v2\/posts\/1157\/revisions"}],"predecessor-version":[{"id":7682,"href":"https:\/\/renatoalves.com.br\/blog\/wp-json\/wp\/v2\/posts\/1157\/revisions\/7682"}],"wp:featuredmedia":[{"embeddable":true,"href":"https:\/\/renatoalves.com.br\/blog\/wp-json\/wp\/v2\/media\/3119"}],"wp:attachment":[{"href":"https:\/\/renatoalves.com.br\/blog\/wp-json\/wp\/v2\/media?parent=1157"}],"wp:term":[{"taxonomy":"category","embeddable":true,"href":"https:\/\/renatoalves.com.br\/blog\/wp-json\/wp\/v2\/categories?post=1157"},{"taxonomy":"post_tag","embeddable":true,"href":"https:\/\/renatoalves.com.br\/blog\/wp-json\/wp\/v2\/tags?post=1157"}],"curies":[{"name":"wp","href":"https:\/\/api.w.org\/{rel}","templated":true}]}}