{"id":1161,"date":"2016-02-29T11:50:09","date_gmt":"2016-02-29T14:50:09","guid":{"rendered":"http:\/\/renatoalves.com.br\/blog\/?p=1161"},"modified":"2021-10-14T15:17:18","modified_gmt":"2021-10-14T18:17:18","slug":"memoria-ou-inteligencia","status":"publish","type":"post","link":"https:\/\/renatoalves.com.br\/blog\/memoria-ou-inteligencia\/","title":{"rendered":"Quem \u00e9 mais importante: Mem\u00f3ria ou intelig\u00eancia?"},"content":{"rendered":"<p style=\"text-align: justify;\">Uma pergunta que me fazem com frequ\u00eancia em meus workshops, por ser\u00a0preparador mnem\u00f4nico, as pessoas me perguntam se \u00e9 a Mem\u00f3ria ou intelig\u00eancia ou a intelig\u00eancia \u00e9 mais importe? Sem d\u00favidas \u00e9 a Mem\u00f3ria, confira!<\/p>\n<p style=\"text-align: justify;\"><strong>Intelig\u00eancia<\/strong> \u00e9 a capacidade humana de fazer escolhas, de decidir, de interagir com o mundo. A maneira como interagimos com o mundo, a manipula\u00e7\u00e3o do conhecimento adquirido pode produzir ideias geniais, mas para existir, a intelig\u00eancia depende da mem\u00f3ria tanto quanto um peixe depende da \u00e1gua.<\/p>\n<p style=\"text-align: justify;\">Olhe ao seu redor, tudo o que voc\u00ea est\u00e1 vendo s\u00f3 \u00e9 poss\u00edvel identificar por causa da mem\u00f3ria. Por exemplo: Voc\u00ea est\u00e1 finalizando aquela fantasia de Homem de Ferro que ir\u00e1 utilizar no baile. Sobre a mesa tem um CD usado que ir\u00e1 para o lixo. A intelig\u00eancia permite transformar o velho CD no c\u00edrculo luminoso que vai ao peito do Homem de Ferro.<\/p>\n<p style=\"text-align: justify;\"><img fetchpriority=\"high\" decoding=\"async\" class=\"alignnone size-full wp-image-3105\" src=\"\/\/renatoalves.com.br\/blog\/wp-content\/uploads\/2016\/02\/Fantasia-Homem-de-Ferro.jpg\" alt=\"Fantasia Homem de Ferro\" width=\"1280\" height=\"853\" srcset=\"https:\/\/renatoalves.com.br\/blog\/wp-content\/uploads\/2016\/02\/Fantasia-Homem-de-Ferro.jpg 1280w, https:\/\/renatoalves.com.br\/blog\/wp-content\/uploads\/2016\/02\/Fantasia-Homem-de-Ferro-300x200.jpg 300w, https:\/\/renatoalves.com.br\/blog\/wp-content\/uploads\/2016\/02\/Fantasia-Homem-de-Ferro-768x512.jpg 768w, https:\/\/renatoalves.com.br\/blog\/wp-content\/uploads\/2016\/02\/Fantasia-Homem-de-Ferro-1024x682.jpg 1024w\" sizes=\"(max-width: 1280px) 100vw, 1280px\" \/><\/p>\n<p style=\"text-align: justify;\">Uma forma de aumentar a nossa base de dados mental \u00e9 alimentarmos a mem\u00f3ria de conte\u00fado relevante. <a href=\"\/\/renatoalves.com.br\/blog\/voce-compra-livros-para-ler-ou-enfeitar-estante\/\">Ler bons livros ao inv\u00e9s de deixa-los de enfeite na estante<\/a>, viajar, assistir palestras, fazer cursos s\u00e3o op\u00e7\u00f5es que oferecem conte\u00fado de valor inestim\u00e1vel e que, bem manipulados pela intelig\u00eancia, produzem ideias originais.<\/p>\n<p style=\"text-align: justify;\">O mundo moderno \u00e9 extremamente competitivo. Boa mem\u00f3ria e intelig\u00eancia s\u00e3o recursos vitais. Vivemos na chamada Era da Mente, isso significa que for\u00e7a f\u00edsica n\u00e3o faz muita diferen\u00e7a para o sucesso. O mundo carece de novas ideias, de pessoas com conte\u00fado e habilidades diferenciadas. Invista em conhecimento. Boa mem\u00f3ria \u00e9 tudo.<\/p>\n<p style=\"text-align: justify;\">Para refor\u00e7ar, indico que assistam o v\u00eddeo de meu grande parceiro e escritor Roberto Shinyashiki falando sobre como ter novas ideais. Depois veja a mat\u00e9ria para a <a href=\"http:\/\/www.rtp.pt\">RTP em Portugal<\/a>, com os apresentadores Manuel Lu\u00eds Goucha e Sonia Ara\u00fajo, onde dou dicas pr\u00e1ticas de memoriza\u00e7\u00e3o para atividades di\u00e1rias.<\/p>\n<p><iframe title=\"21\/08 - Roberto Shinyashiki_01\" width=\"800\" height=\"600\" src=\"https:\/\/www.youtube.com\/embed\/ptA4i88MDDg?feature=oembed\" frameborder=\"0\" allow=\"accelerometer; autoplay; clipboard-write; encrypted-media; gyroscope; picture-in-picture; web-share\" referrerpolicy=\"strict-origin-when-cross-origin\" allowfullscreen><\/iframe><\/p>\n<h2 style=\"text-align: center;\"><strong>\u00bb Quem \u00e9 mais importante: Mem\u00f3ria ou intelig\u00eancia? \u00ab<\/strong><\/h2>\n<p><iframe title=\"O que \u00e9 mais importante: Aumentar a intelig\u00eancia ou a mem\u00f3ria? | Renato Alves\" width=\"800\" height=\"450\" src=\"https:\/\/www.youtube.com\/embed\/TQe6G7tNZ4Y?feature=oembed\" frameborder=\"0\" allow=\"accelerometer; autoplay; clipboard-write; encrypted-media; gyroscope; picture-in-picture; web-share\" referrerpolicy=\"strict-origin-when-cross-origin\" allowfullscreen><\/iframe><\/p>\n<p>Eu aprendi que in\u00edcio de ano \u00e9 \u00e9poca boa para silenciar a mente. Albert Einstein dizia que\u00a0<em>\u201cn\u00e3o podemos resolver os problemas com o mesmo n\u00edvel de consci\u00eancia que os criou\u201d<\/em>. Ent\u00e3o notei que era preciso respirar fundo e esvaziar a mente. Que devemos refletir ao inv\u00e9s de reagir, pensar antes de responder, aprender a dizer n\u00e3o a certos convites que a vida nos faz. Buscar a paz mental para que os solos da mem\u00f3ria possam receber boas sementes, que bem cultivadas dar\u00e3o bons frutos. Os frutos dos nossos sonhos.<\/p>\n<p style=\"text-align: center;\">[inf_infusionsoft_inline optin_id=optin_1]<\/p>\n<p style=\"text-align: justify;\">A mem\u00f3ria humana n\u00e3o para, visto que durante todo o dia estamos ouvindo sons, melodias, sentindo aromas, nosso paladar \u00e9 estimulado, e emo\u00e7\u00f5es como tristeza e alegria est\u00e3o naturalmente presentes, de fato memorizar \u00e9 algo que ocorre naturalmente, mas ter controle sobre o que se memoriza e recuperar esta informa\u00e7\u00e3o na hora que precisamos \u00e9 algo extraordin\u00e1rio.<\/p>\n<figure id=\"attachment_3108\" aria-describedby=\"caption-attachment-3108\" style=\"width: 960px\" class=\"wp-caption aligncenter\"><img decoding=\"async\" class=\"wp-image-3108 size-full\" src=\"\/\/renatoalves.com.br\/blog\/wp-content\/uploads\/2016\/02\/renato_alves_rtp.jpeg\" alt=\"Renato Alves na RTP de Portugal com os apresentadores Manuel Lu\u00eds Goucha e Sonia Ara\u00fajo\" width=\"960\" height=\"960\" srcset=\"https:\/\/renatoalves.com.br\/blog\/wp-content\/uploads\/2016\/02\/renato_alves_rtp.jpeg 960w, https:\/\/renatoalves.com.br\/blog\/wp-content\/uploads\/2016\/02\/renato_alves_rtp-300x300.jpeg 300w, https:\/\/renatoalves.com.br\/blog\/wp-content\/uploads\/2016\/02\/renato_alves_rtp-768x768.jpeg 768w\" sizes=\"(max-width: 960px) 100vw, 960px\" \/><figcaption id=\"caption-attachment-3108\" class=\"wp-caption-text\">Renato Alves na RTP de Portugal com os apresentadores Manuel Lu\u00eds Goucha e Sonia Ara\u00fajo<\/figcaption><\/figure>\n<p style=\"text-align: justify;\">Mesmo\u00a0a mem\u00f3ria sendo algo naturalmente incr\u00edvel em si, estudos\u00a0indicam que \u00e9 poss\u00edvel melhorar a mem\u00f3ria,\u00a0isso \u00e9 facilmente confirmado ao observar\u00a0indiv\u00edduos que conseguem memorizar uma quantidade\u00a0enorme de informa\u00e7\u00f5es.<\/p>\n<p style=\"text-align: justify;\"><span class=\"s1\">Gostou do texto? Deixe seus coment\u00e1rios abaixo, quero saber sua opini\u00e3o.<\/span><\/p>\n<p style=\"text-align: justify;\">Ps.:\u00a0Voc\u00ea sente dificuldade de memorizar e se lembrar de coisas do dia a dia?Aproveite\u00a0e conhe\u00e7a o meu <a class=\"\" href=\"https:\/\/memoriablindada.com.br\/\" target=\"_blank\" rel=\"noopener\">curso\u00a0Mem\u00f3ria Blindada.<\/a><\/p>\n<p style=\"text-align: justify;\">nesse treinamento eu lhe ensinarei de maneira pr\u00e1tica, como voc\u00ea poder\u00e1 ter melhor qualidade de vida e\u00a0aumentar\u00a0sua performance pessoal e profissional atrav\u00e9s da memoriza\u00e7\u00e3o.<\/p>\n<p style=\"text-align: justify;\">Ap\u00f3s o aprendizado, voc\u00ea ter\u00e1 condi\u00e7\u00f5es de aplicar esse conhecimento em todos as \u00e1reas da vida, trabalho, profiss\u00e3o ou em outras intera\u00e7\u00f5es sociais.<\/p>\n<p style=\"text-align: justify;\">As aulas do <a class=\"\" href=\"https:\/\/memoriablindada.com.br\/\" target=\"_blank\" rel=\"noopener\">curso Mem\u00f3ria Blindada<\/a> por serem on-line,\u00a0podem ser assistidas no seu celular, tablet, computador ou Smart TV.<\/p>\n<p style=\"text-align: center;\"><a href=\"\/\/renatoalves.com.br\/depoimentos.html\">\u00bb Clique Aqui\u00a0e assista alguns depoimentos de alunos \u00ab<\/a><\/p>\n<p style=\"text-align: justify;\">Eu acredito tanto na efici\u00eancia do meu m\u00e9todo que al\u00e9m dos b\u00f4nus eu ainda lhe ofere\u00e7o uma garantia especial.<\/p>\n<p style=\"text-align: justify;\">Se em 7 dias, depois de aplicar o meu m\u00e9todo, voc\u00ea n\u00e3o estiver estiver satisfeito, eu assumo total responsabilidade e devolvo 100% do seu investimento. Clique aqui e comece agora o <a class=\"\" href=\"https:\/\/memoriablindada.com.br\/\" target=\"_blank\" rel=\"noopener\">Mem\u00f3ria Blindada!<\/a><\/p>\n<p style=\"text-align: justify;\"><em><strong>Renato Alves<\/strong>\u00a0\u00e9 escritor, pesquisador e primeiro brasileiro a receber o t\u00edtulo oficial de melhor mem\u00f3ria do Brasil. Autor de um m\u00e9todo patenteado de memoriza\u00e7\u00e3o que ganhou reconhecimento nacional e j\u00e1 est\u00e1 presente em mais de 100 pa\u00edses.<\/em><\/p>\n<p><a class=\"\" href=\"https:\/\/memoriablindada.com.br\/\" target=\"_blank\" rel=\"noopener\"><img decoding=\"async\" class=\"aligncenter wp-image-5387 size-full\" src=\"https:\/\/renatoalves.com.br\/blog\/wp-content\/uploads\/2015\/02\/banner_MB.jpg\" alt=\"\" width=\"3002\" height=\"353\" \/><\/a><\/p>\n","protected":false},"excerpt":{"rendered":"<p>Conhecimento \u00e9 mem\u00f3ria adquirida e aumentando o conhecimento, amplia-se a capacidade de interagir com o mundo e produzir novas ideias, em outras palavras, quanto mais voc\u00ea alimenta a mem\u00f3ria, mais amplia a intelig\u00eancia.<\/p>\n","protected":false},"author":24,"featured_media":1162,"comment_status":"open","ping_status":"open","sticky":false,"template":"","format":"standard","meta":{"footnotes":""},"categories":[262],"tags":[45,46,86,70,51,30,29,42,122,74,27,55,95],"class_list":["post-1161","post","type-post","status-publish","format-standard","has-post-thumbnail","hentry","category-estudo-e-desenvolvimento","tag-curso-de-memorizacao","tag-curso-de-memorizacao-online","tag-curso-estudo-e-memorizacao","tag-dicas-memorizacao","tag-disciplina","tag-inteligencia","tag-memoria","tag-memorizacao","tag-memorizacao-renato-alves","tag-metodo-renato-alves","tag-o-que-eu-acabei-de-ler","tag-renato-alves","tag-renato-alves-memorizacao"],"_links":{"self":[{"href":"https:\/\/renatoalves.com.br\/blog\/wp-json\/wp\/v2\/posts\/1161","targetHints":{"allow":["GET"]}}],"collection":[{"href":"https:\/\/renatoalves.com.br\/blog\/wp-json\/wp\/v2\/posts"}],"about":[{"href":"https:\/\/renatoalves.com.br\/blog\/wp-json\/wp\/v2\/types\/post"}],"author":[{"embeddable":true,"href":"https:\/\/renatoalves.com.br\/blog\/wp-json\/wp\/v2\/users\/24"}],"replies":[{"embeddable":true,"href":"https:\/\/renatoalves.com.br\/blog\/wp-json\/wp\/v2\/comments?post=1161"}],"version-history":[{"count":2,"href":"https:\/\/renatoalves.com.br\/blog\/wp-json\/wp\/v2\/posts\/1161\/revisions"}],"predecessor-version":[{"id":7683,"href":"https:\/\/renatoalves.com.br\/blog\/wp-json\/wp\/v2\/posts\/1161\/revisions\/7683"}],"wp:featuredmedia":[{"embeddable":true,"href":"https:\/\/renatoalves.com.br\/blog\/wp-json\/wp\/v2\/media\/1162"}],"wp:attachment":[{"href":"https:\/\/renatoalves.com.br\/blog\/wp-json\/wp\/v2\/media?parent=1161"}],"wp:term":[{"taxonomy":"category","embeddable":true,"href":"https:\/\/renatoalves.com.br\/blog\/wp-json\/wp\/v2\/categories?post=1161"},{"taxonomy":"post_tag","embeddable":true,"href":"https:\/\/renatoalves.com.br\/blog\/wp-json\/wp\/v2\/tags?post=1161"}],"curies":[{"name":"wp","href":"https:\/\/api.w.org\/{rel}","templated":true}]}}