{"id":1166,"date":"2016-03-09T07:57:42","date_gmt":"2016-03-09T10:57:42","guid":{"rendered":"http:\/\/renatoalves.com.br\/blog\/?p=1166"},"modified":"2021-10-14T15:17:30","modified_gmt":"2021-10-14T18:17:30","slug":"inicio-do-ano-sobrecarrega-memoria-humana","status":"publish","type":"post","link":"https:\/\/renatoalves.com.br\/blog\/inicio-do-ano-sobrecarrega-memoria-humana\/","title":{"rendered":"In\u00edcio do ano sobrecarrega a mem\u00f3ria humana"},"content":{"rendered":"<p>Voc\u00ea j\u00e1 se perguntou se a mem\u00f3ria humana \u00e9 capaz de lidar com a quantidade de informa\u00e7\u00f5es que somos expostos?<\/p>\n<p style=\"text-align: justify;\">Segundo a neuroci\u00eancia, o volume de informa\u00e7\u00f5es que o c\u00e9rebro humano\u00a0processa diariamente ultrapassa dois milh\u00f5es.<\/p>\n<p style=\"text-align: justify;\">Quem n\u00e3o se prepara para lidar com esta montanha de dados sente a mente girar como um liquidificador que mistura pensamentos e produz confus\u00e3o.<\/p>\n<p style=\"text-align: justify;\">Acordar pensando no trabalho, na fam\u00edlia, na religi\u00e3o, no namoro. Enfim, com um desequil\u00edbrio na administra\u00e7\u00e3o dos pensamentos a paralisia e a baixa produtividade n\u00e3o tardam aparecer.<\/p>\n<p style=\"text-align: justify;\">N\u00e3o \u00e9 dif\u00edcil nos perguntarmos se a mem\u00f3ria humana tem capacidade para toda essa informa\u00e7\u00e3o.<\/p>\n<p>\u00c9 grande a press\u00e3o sofrida pelo sistema emocional nos meses de janeiro, fevereiro e mar\u00e7o, e apesar da mem\u00f3ria humana ter capacidade para lidar com essa carga de dados, \u00e9 nesta \u00e9poca que algumas pessoas apresentam sintomas como <a href=\"\/\/renatoalves.com.br\/blog\/dicas-para-lidar-com-brancos-na-memoria\/\">brancos na mem\u00f3ria<\/a>, dificuldade de foco e concentra\u00e7\u00e3o.<\/p>\n<h2>A mem\u00f3ria humana nos ajuda a administrar diversas atividades<\/h2>\n<p>Pense na quantidade de coisas que voc\u00ea precisa administrar com um \u00fanico c\u00e9rebro:<br \/>\n1. Esfera Pessoal<br \/>\n2. Profissional<br \/>\n3. Acad\u00eamica<br \/>\n4. Financeira<br \/>\n5. Familiar<br \/>\n6. Afetiva<br \/>\n7. Religiosa<br \/>\n8. Sexual<br \/>\n9. Social<br \/>\n10. Esportiva<br \/>\n11. Musical (m\u00fasicas internas tocando ininterruptamente)<br \/>\n12. Televisiva (acompanhar cap\u00edtulos de s\u00e9ries televisivas)<br \/>\n13. Redes sociais (Administrar <a href=\"http:\/\/www.facebook.com\/RenatoAlvesOficial\">Facebook<\/a>, <a href=\"http:\/\/www.twitter.com\/sigarenatoalves\">Twitter<\/a>, <a href=\"www.linkedin.com\/in\/renato-alves-memorizacao\">Linkedin<\/a> ou <a class=\"\" href=\"https:\/\/www.youtube.com\/user\/videosmemoria\/videos?sub_confirmation=1\" target=\"_blank\" rel=\"noopener\">Youtube<\/a>).<br \/>\n14. Lazer<\/p>\n<p style=\"text-align: justify;\">Eu aprendi que in\u00edcio de ano \u00e9 \u00e9poca boa para silenciar a mente.<\/p>\n<p style=\"text-align: justify;\">Albert Einstein dizia que <em>\u201cn\u00e3o podemos resolver os problemas com o mesmo n\u00edvel de consci\u00eancia que os criou\u201d<\/em>. Ent\u00e3o notei que era preciso respirar fundo e esvaziar a mente.<\/p>\n<p style=\"text-align: justify;\">Devemos refletir ao inv\u00e9s de reagir, pensar antes de responder, aprender a dizer n\u00e3o a certos convites que a vida nos faz. Buscar a paz mental para que os solos da mem\u00f3ria possam receber boas sementes, que bem cultivadas dar\u00e3o bons frutos. Os frutos dos nossos sonhos.<\/p>\n<p style=\"text-align: justify;\">A mem\u00f3ria humana n\u00e3o para, visto que durante todo o dia estamos ouvindo sons, melodias, sentindo aromas, nosso paladar \u00e9 estimulado, e emo\u00e7\u00f5es como tristeza e alegria est\u00e3o naturalmente presentes, de fato memorizar \u00e9 algo que ocorre naturalmente, mas ter controle sobre o que se memoriza e recuperar esta informa\u00e7\u00e3o na hora que precisamos \u00e9 algo extraordin\u00e1rio.<\/p>\n<p style=\"text-align: center;\">[inf_infusionsoft_inline optin_id=optin_1]<\/p>\n<p style=\"text-align: justify;\">Mesmo\u00a0a mem\u00f3ria sendo algo naturalmente incr\u00edvel em si, estudos\u00a0indicam que \u00e9 poss\u00edvel melhorar a mem\u00f3ria humana,\u00a0isso \u00e9 facilmente confirmado ao observar\u00a0indiv\u00edduos que conseguem memorizar uma quantidade\u00a0enorme de informa\u00e7\u00f5es.<\/p>\n<p>Voc\u00ea conhece pessoas com uma boa mem\u00f3ria? Comente abaixo.<\/p>\n<p style=\"text-align: justify;\"><strong>Ps.1:\u00a0<\/strong>Voc\u00ea sente dificuldade de memorizar e se lembrar de coisas do dia a dia? Gostaria de convidar voc\u00ea a conhecer o meu\u00a0<a href=\"https:\/\/memoriablindada.com.br\/\">curso\u00a0Mem\u00f3ria Blindada.<\/a><\/p>\n<p style=\"text-align: justify;\">H\u00e1 mais de 20 anos ensino este m\u00e9todo de memoriza\u00e7\u00e3o, que j\u00e1 est\u00e1 presente em mais de 100 pa\u00edses e tem 97% de avalia\u00e7\u00e3o positiva. D\u00ea uma olhadinha nos depoimentos dos nossos alunos:<\/p>\n<p style=\"text-align: center;\"><a href=\"\/\/renatoalves.com.br\/depoimentos.html\">\u00bb Clique Aqui\u00a0e assista alguns depoimentos de alunos do curso\u00a0\u00ab<\/a><\/p>\n<p style=\"text-align: justify;\">Nas videoaulas eu explico de maneira bem objetiva, todas as estrat\u00e9gias que utilizo para n\u00e3o esquecer de nada e me ajudaram a ganhar o t\u00edtulo de melhor mem\u00f3ria do Brasil.<\/p>\n<p style=\"text-align: justify;\">Acredito tanto na efici\u00eancia do m\u00e9todo que s<span style=\"font-size: 1rem;\">e em 7 dias voc\u00ea\u00a0 n\u00e3o notar melhoras no seu n\u00edvel de memoriza\u00e7\u00e3o, eu assumirei total responsabilidade e devolverei 100% do seu investimento. O que voc\u00ea acha?<\/span><\/p>\n<p style=\"text-align: center;\"><a href=\"https:\/\/memoriablindada.com.br\/\">Clique aqui e saiba mais sobre o treinamento!<\/a><\/p>\n<p style=\"text-align: justify;\"><span style=\"font-weight: 400;\">Viva bem. Lembre bem.<\/span><\/p>\n<p style=\"text-align: justify;\"><span style=\"font-weight: 400;\">At\u00e9 a pr\u00f3xima.<\/span><\/p>\n<p style=\"text-align: justify;\"><strong>Renato Alves<\/strong>\u00a0\u00e9 escritor, pesquisador e primeiro brasileiro a receber o t\u00edtulo oficial de melhor mem\u00f3ria do Brasil. Autor de um m\u00e9todo patenteado de memoriza\u00e7\u00e3o que ganhou reconhecimento nacional e j\u00e1 est\u00e1 presente em mais de 100 pa\u00edses.<\/p>\n<p><strong>Ps.2:\u00a0<\/strong>Quer ter acesso \u00e0 outras informa\u00e7\u00f5es?\u00a0<a href=\"https:\/\/www.facebook.com\/RenatoAlvesOficial\">Curta e siga a minha fanpage no Facebook<\/a>\u00a0e tamb\u00e9m\u00a0<a href=\"http:\/\/www.youtube.com\/videosmemoria\/videos?sub_confirmation=1\">inscreva-se no meu canal no Youtube.<\/a><\/p>\n<p style=\"text-align: justify;\"><a class=\"\" href=\"https:\/\/memoriablindada.com.br\/\" target=\"_blank\" rel=\"noopener\"><img fetchpriority=\"high\" decoding=\"async\" class=\"aligncenter wp-image-5387 size-full\" src=\"https:\/\/renatoalves.com.br\/blog\/wp-content\/uploads\/2018\/06\/blindada.jpg\" alt=\"\" width=\"3002\" height=\"353\" srcset=\"https:\/\/renatoalves.com.br\/blog\/wp-content\/uploads\/2018\/06\/blindada.jpg 2560w, https:\/\/renatoalves.com.br\/blog\/wp-content\/uploads\/2018\/06\/blindada-300x35.jpg 300w, https:\/\/renatoalves.com.br\/blog\/wp-content\/uploads\/2018\/06\/blindada-768x90.jpg 768w, https:\/\/renatoalves.com.br\/blog\/wp-content\/uploads\/2018\/06\/blindada-1024x120.jpg 1024w, https:\/\/renatoalves.com.br\/blog\/wp-content\/uploads\/2018\/06\/blindada-610x72.jpg 610w\" sizes=\"(max-width: 3002px) 100vw, 3002px\" \/><\/a><\/p>\n","protected":false},"excerpt":{"rendered":"<p>Eu aprendi que in\u00edcio de ano \u00e9 \u00e9poca boa para silenciar a mente. Albert Einstein dizia que \u201cn\u00e3o podemos resolver os problemas com o mesmo n\u00edvel de consci\u00eancia que os criou\u201d. Ent\u00e3o notei que era preciso respirar fundo e esvaziar a mente. Que devemos refletir ao inv\u00e9s de reagir, pensar antes de responder, aprender a dizer n\u00e3o a certos convites que a vida nos faz. Buscar a paz mental para que os solos da mem\u00f3ria possam receber boas sementes, que bem cultivadas dar\u00e3o bons frutos. Os frutos dos nossos sonhos.<\/p>\n","protected":false},"author":24,"featured_media":1167,"comment_status":"open","ping_status":"open","sticky":false,"template":"","format":"standard","meta":{"footnotes":""},"categories":[262,264],"tags":[41,145,56,65,66,84,44,45,46,86,212,98,68,29,42,55,95],"class_list":["post-1166","post","type-post","status-publish","format-standard","has-post-thumbnail","hentry","category-estudo-e-desenvolvimento","category-saude-e-qualidade-de-vida","tag-alzheimer","tag-boa-memoria","tag-branco-na-memoria","tag-como-estudar-para-concurso","tag-como-estudar-para-o-enem","tag-como-fazer-um-plano-de-estudo","tag-concentracao","tag-curso-de-memorizacao","tag-curso-de-memorizacao-online","tag-curso-estudo-e-memorizacao","tag-curso-memoria-blindada","tag-curso-online-renato-alves","tag-curso-renato-alves","tag-memoria","tag-memorizacao","tag-renato-alves","tag-renato-alves-memorizacao"],"_links":{"self":[{"href":"https:\/\/renatoalves.com.br\/blog\/wp-json\/wp\/v2\/posts\/1166","targetHints":{"allow":["GET"]}}],"collection":[{"href":"https:\/\/renatoalves.com.br\/blog\/wp-json\/wp\/v2\/posts"}],"about":[{"href":"https:\/\/renatoalves.com.br\/blog\/wp-json\/wp\/v2\/types\/post"}],"author":[{"embeddable":true,"href":"https:\/\/renatoalves.com.br\/blog\/wp-json\/wp\/v2\/users\/24"}],"replies":[{"embeddable":true,"href":"https:\/\/renatoalves.com.br\/blog\/wp-json\/wp\/v2\/comments?post=1166"}],"version-history":[{"count":2,"href":"https:\/\/renatoalves.com.br\/blog\/wp-json\/wp\/v2\/posts\/1166\/revisions"}],"predecessor-version":[{"id":7684,"href":"https:\/\/renatoalves.com.br\/blog\/wp-json\/wp\/v2\/posts\/1166\/revisions\/7684"}],"wp:featuredmedia":[{"embeddable":true,"href":"https:\/\/renatoalves.com.br\/blog\/wp-json\/wp\/v2\/media\/1167"}],"wp:attachment":[{"href":"https:\/\/renatoalves.com.br\/blog\/wp-json\/wp\/v2\/media?parent=1166"}],"wp:term":[{"taxonomy":"category","embeddable":true,"href":"https:\/\/renatoalves.com.br\/blog\/wp-json\/wp\/v2\/categories?post=1166"},{"taxonomy":"post_tag","embeddable":true,"href":"https:\/\/renatoalves.com.br\/blog\/wp-json\/wp\/v2\/tags?post=1166"}],"curies":[{"name":"wp","href":"https:\/\/api.w.org\/{rel}","templated":true}]}}