{"id":1191,"date":"2016-04-12T08:01:43","date_gmt":"2016-04-12T11:01:43","guid":{"rendered":"http:\/\/renatoalves.com.br\/blog\/?p=1191"},"modified":"2020-11-20T11:30:50","modified_gmt":"2020-11-20T14:30:50","slug":"dicas-para-manter-a-concentracao-no-trabalho","status":"publish","type":"post","link":"https:\/\/renatoalves.com.br\/blog\/dicas-para-manter-a-concentracao-no-trabalho\/","title":{"rendered":"Dicas para manter a concentra\u00e7\u00e3o no trabalho"},"content":{"rendered":"<p style=\"text-align: justify;\">Telefone tocando, pessoas conversando, televis\u00e3o ligada, e-mail aberto, atualiza\u00e7\u00f5es das redes sociais. N\u00e3o \u00e9 preciso muito para que nossa aten\u00e7\u00e3o seja desviada durante o expediente de trabalho, diante de um sen\u00e1rio assim, manter a concentra\u00e7\u00e3o no trabalho \u00e9 algo extremamente dif\u00edcil, mas saiba que n\u00e3o \u00e9 imposs\u00edvel.<\/p>\n<p style=\"text-align: justify;\">Mauro Alessi, especialista em memoriza\u00e7\u00e3o e concentra\u00e7\u00e3o, afirma que o profissional que se dispersa facilmente, n\u00e3o s\u00f3 n\u00e3o consegue realizar suas tarefas no prazo como fica mais vulner\u00e1vel para cometer erros.<\/p>\n<p style=\"text-align: justify;\">\u201cUm erro durante a manh\u00e3 pode acarretar uma s\u00e9rie de problemas para o per\u00edodo da tarde. A distra\u00e7\u00e3o e o esquecimento s\u00e3o as causas da maioria dos erros profissionais\u201d, diz Renato Alves escritor e preparador mnem\u00f4nico.<\/p>\n<p style=\"text-align: justify;\">A auto-observa\u00e7\u00e3o \u00e9 o suficiente para saber se voc\u00ea se distrai facilmente ou n\u00e3o. Para ambos os especialistas a facilidade de se distrair n\u00e3o depende somente de fatores externos.<\/p>\n<p style=\"text-align: justify;\">A pr\u00e1tica de atividade f\u00edsica, boa alimenta\u00e7\u00e3o e ter um boa noite de sono s\u00e3o h\u00e1bitos que ajudam o profissional a trabalhar com mais foco.<\/p>\n<p style=\"text-align: justify;\">\u201cComo regra geral, concentra\u00e7\u00e3o n\u00e3o pode ser definida como um elemento de posse, mas como um estado mental. N\u00e3o se diz: \u2018eu tenho concentra\u00e7\u00e3o\u2019 o correto \u00e9 \u2018eu estou concentrado\u201d, explica Alves. Para ter a habilidade de se concentrar onde e quando quiser \u00e9 preciso exercitar a mente.<\/p>\n<h2 style=\"text-align: justify;\">Confira abaixo as seis dicas dos especialistas para manter a concentra\u00e7\u00e3o no trabalho:<\/h2>\n<h3 style=\"text-align: justify;\">Organize-se e\u00a0manter a concentra\u00e7\u00e3o no trabalho ser\u00e1 algo muito f\u00e1cil<\/h3>\n<p style=\"text-align: justify;\">Elimine da sua \u00e1rea de trabalho todo tipo de est\u00edmulo que cause desvios de aten\u00e7\u00e3o. Silencie o celular, diminua a campainha do telefone e, se poss\u00edvel, posicione-se de maneira que o fluxo das pessoas n\u00e3o o distraia.<\/p>\n<h3 style=\"text-align: justify;\">Se precisar\u00a0pe\u00e7a ajuda se preciso<\/h3>\n<p style=\"text-align: justify;\">Ningu\u00e9m gosta de trabalhar com ru\u00eddos. Pedir para que os colegas de trabalho falem mais baixo significa pedir para que eles colaborem para tornar o ambiente de trabalho mais agrad\u00e1vel.<\/p>\n<h3 style=\"text-align: justify;\">Ignore os ru\u00eddos<\/h3>\n<p style=\"text-align: justify;\">Para Alessi, fones de ouvidos s\u00e3o \u201cmuletas\u201d para pessoas que tem dificuldade para se concentrar. O ideal \u00e9 que o profissional seja capaz de ignorar qualquer tipo de ru\u00eddo. \u201cQuando estamos realmente motivados, podem ligar um trator do nosso lado que nem percebemos\u201d, explica Alves.<\/p>\n<h3 style=\"text-align: justify;\">Estabele\u00e7a uma rotina<\/h3>\n<p style=\"text-align: justify;\">E se o cargo do profissional exige que a porta do escrit\u00f3rio esteja sempre aberta ou que a qualquer momento as pessoas o consultem? Alves recomenda que, nessas situa\u00e7\u00f5es, o profissional estabele\u00e7a uma rotina de agendamentos, por exemplo. Todos precisam de um tempo sem qualquer interrup\u00e7\u00e3o.<\/p>\n<p style=\"text-align: center;\">[inf_infusionsoft_inline optin_id=optin_1]<\/p>\n<h3 style=\"text-align: justify;\">Fa\u00e7a intervalos<\/h3>\n<p style=\"text-align: justify;\">Levante para tomar \u00e1gua, saia e v\u00e1 para algum lugar silencioso. Pode ser o corredor, a \u00e1rea externa do escrit\u00f3rio, o importante \u00e9 ter um espa\u00e7o em que voc\u00ea possa descansar durante cinco minutos para, ent\u00e3o, retornar ao trabalho.<\/p>\n<h3 style=\"text-align: justify;\">Trabalhe em hor\u00e1rios alternativos<\/h3>\n<p style=\"text-align: justify;\">\u201cProcure trabalhar em atividades que exijam maior concentra\u00e7\u00e3o naquele hor\u00e1rio em que est\u00e1 tudo mais calmo e silencioso\u201d, ensina Alves. Chegue uma hora mais cedo, espere seus colegas irem embora ou trabalhe no intervalo de almo\u00e7o. Mas lembre-se: pausar para almo\u00e7ar tamb\u00e9m \u00e9 crucial &#8211; nem que seja antes ou depois dos seus colegas.<\/p>\n<p style=\"text-align: justify;\">Ter foco e concentra\u00e7\u00e3o\u00a0\u00e9 desejo comum\u00a0a todos profissionais e estudantes e n\u00e3o \u00e9 para menos. Quando a mente est\u00e1 concentrada num \u00fanico alvo, somos capazes de reduzir em at\u00e9 80% o tempo despendido.<\/p>\n<p>Voc\u00ea tamb\u00e9m possui dificuldades em manter a concentra\u00e7\u00e3o no trabalho? Gostou das dicas? Que tal coloca-las em pr\u00e1tica agora mesmo?<\/p>\n<p>N\u00e3o esque\u00e7a de deixar seu coment\u00e1rio aqui abaixo e aproveite para conhecer o meu\u00a0<span class=\"s1\"><a class=\"\" href=\"https:\/\/memoriablindada.com.br\" target=\"_blank\" rel=\"noopener noreferrer\">curso\u00a0Mem\u00f3ria Blindada<\/a>\u00a0no treinamento eu ensino\u00a0a\u00a0aplica\u00e7\u00e3o pr\u00e1tica da memoriza\u00e7\u00e3o\u00a0no\u00a0dia a dia.<\/span><\/p>\n<p style=\"text-align: justify;\"><span class=\"s1\">Nas\u00a0videoaulas on-line eu explico de maneira simples e objetiva, todas as estrat\u00e9gias que utilizo para n\u00e3o esquecer de nada. Definitivamente com esse treinamento voc\u00ea ter\u00e1 todas as ferramentas para uma mem\u00f3ria mais jovem, forte e confi\u00e1vel<\/span>:<\/p>\n<p class=\"p1\" style=\"text-align: center;\"><a href=\"\/\/renatoalves.com.br\/depoimentos.html\">\u00bb Clique Aqui\u00a0e assista alguns depoimentos de alunos do curso\u00a0\u00ab<\/a><\/p>\n<p class=\"p1\" style=\"text-align: justify;\"><span class=\"s1\">Adquira agora mesmo o curso\u00a0<a class=\"\" href=\"https:\/\/memoriablindada.com.br\" target=\"_blank\" rel=\"noopener noreferrer\">Mem\u00f3ria Blindada, <\/a><\/span>eu acredito tanto na efici\u00eancia do meu m\u00e9todo que al\u00e9m dos b\u00f4nus eu ainda lhe ofere\u00e7o uma garantia especial.<\/p>\n<p class=\"p1\" style=\"text-align: justify;\">Se em 7 dias, depois de aplicar o m\u00e9todo, voc\u00ea\u00a0 n\u00e3o notar melhoras, eu assumo total responsabilidade e devolverei 100% do seu investimento. O que voc\u00ea acha?\u00a0<a class=\"\" href=\"https:\/\/memoriablindada.com.br\" target=\"_blank\" rel=\"noopener noreferrer\">Clique aqui e saiba mais sobre o treinamento!<\/a><\/p>\n<p style=\"text-align: justify;\"><em><strong>Renato Alves<\/strong>\u00a0\u00e9 escritor, pesquisador e primeiro brasileiro a receber o t\u00edtulo oficial de melhor mem\u00f3ria do Brasil. Autor de um m\u00e9todo patenteado de memoriza\u00e7\u00e3o que ganhou reconhecimento nacional e j\u00e1 est\u00e1 presente em mais de 100 pa\u00edses.<\/em><\/p>\n<p>Quer ter acesso a outras informa\u00e7\u00f5es?\u00a0<a href=\"https:\/\/www.facebook.com\/RenatoAlvesOficial\">Curta e siga a minha fanpage no Facebook<\/a>\u00a0e tamb\u00e9m\u00a0<a href=\"http:\/\/www.youtube.com\/videosmemoria\/videos?sub_confirmation=1\">inscreva-se no meu canal no Youtube.<\/a><\/p>\n<p style=\"text-align: justify;\"><a class=\"\" href=\"https:\/\/memoriablindada.com.br\" target=\"_blank\" rel=\"noopener noreferrer\"><img fetchpriority=\"high\" decoding=\"async\" class=\"wp-image-2519 size-full aligncenter\" src=\"\/\/renatoalves.com.br\/blog\/wp-content\/uploads\/2015\/02\/banner_MB.jpg\" alt=\"Curso Mem\u00f3ria Blindada\" width=\"3002\" height=\"353\" srcset=\"https:\/\/renatoalves.com.br\/blog\/wp-content\/uploads\/2015\/02\/banner_MB.jpg 2560w, https:\/\/renatoalves.com.br\/blog\/wp-content\/uploads\/2015\/02\/banner_MB-300x35.jpg 300w, https:\/\/renatoalves.com.br\/blog\/wp-content\/uploads\/2015\/02\/banner_MB-768x90.jpg 768w, https:\/\/renatoalves.com.br\/blog\/wp-content\/uploads\/2015\/02\/banner_MB-1024x120.jpg 1024w\" sizes=\"(max-width: 3002px) 100vw, 3002px\" \/><\/a><\/p>\n","protected":false},"excerpt":{"rendered":"<p> Telefone tocando, pessoas conversando, televis\u00e3o ligada, e-mail aberto, atualiza\u00e7\u00f5es das redes sociais. N\u00e3o \u00e9 preciso muito para que nossa aten\u00e7\u00e3o seja desviada durante o expediente de trabalho. O dif\u00edcil \u00e9 se concentrar e sustentar a concentra\u00e7\u00e3o.<\/p>\n","protected":false},"author":24,"featured_media":1193,"comment_status":"open","ping_status":"open","sticky":false,"template":"","format":"standard","meta":{"footnotes":""},"categories":[262],"tags":[65,44,86,68,97,29,55,52],"class_list":["post-1191","post","type-post","status-publish","format-standard","has-post-thumbnail","hentry","category-estudo-e-desenvolvimento","tag-como-estudar-para-concurso","tag-concentracao","tag-curso-estudo-e-memorizacao","tag-curso-renato-alves","tag-cursos-para-a-memoria","tag-memoria","tag-renato-alves","tag-ter-disciplina"],"_links":{"self":[{"href":"https:\/\/renatoalves.com.br\/blog\/wp-json\/wp\/v2\/posts\/1191","targetHints":{"allow":["GET"]}}],"collection":[{"href":"https:\/\/renatoalves.com.br\/blog\/wp-json\/wp\/v2\/posts"}],"about":[{"href":"https:\/\/renatoalves.com.br\/blog\/wp-json\/wp\/v2\/types\/post"}],"author":[{"embeddable":true,"href":"https:\/\/renatoalves.com.br\/blog\/wp-json\/wp\/v2\/users\/24"}],"replies":[{"embeddable":true,"href":"https:\/\/renatoalves.com.br\/blog\/wp-json\/wp\/v2\/comments?post=1191"}],"version-history":[{"count":2,"href":"https:\/\/renatoalves.com.br\/blog\/wp-json\/wp\/v2\/posts\/1191\/revisions"}],"predecessor-version":[{"id":7002,"href":"https:\/\/renatoalves.com.br\/blog\/wp-json\/wp\/v2\/posts\/1191\/revisions\/7002"}],"wp:featuredmedia":[{"embeddable":true,"href":"https:\/\/renatoalves.com.br\/blog\/wp-json\/wp\/v2\/media\/1193"}],"wp:attachment":[{"href":"https:\/\/renatoalves.com.br\/blog\/wp-json\/wp\/v2\/media?parent=1191"}],"wp:term":[{"taxonomy":"category","embeddable":true,"href":"https:\/\/renatoalves.com.br\/blog\/wp-json\/wp\/v2\/categories?post=1191"},{"taxonomy":"post_tag","embeddable":true,"href":"https:\/\/renatoalves.com.br\/blog\/wp-json\/wp\/v2\/tags?post=1191"}],"curies":[{"name":"wp","href":"https:\/\/api.w.org\/{rel}","templated":true}]}}