{"id":1206,"date":"2016-05-05T08:08:46","date_gmt":"2016-05-05T11:08:46","guid":{"rendered":"http:\/\/renatoalves.com.br\/blog\/?p=1206"},"modified":"2023-02-23T11:18:05","modified_gmt":"2023-02-23T14:18:05","slug":"o-que-e-personalidade","status":"publish","type":"post","link":"https:\/\/renatoalves.com.br\/blog\/o-que-e-personalidade\/","title":{"rendered":"O que \u00e9 personalidade? Quais s\u00e3o os tipos e como melhorar a sua?"},"content":{"rendered":"<p style=\"text-align: justify;\">Quantas vezes, depois de observarmos o comportamento de uma pessoa, pensamos ou dizemos frases como: &#8220;Ela tem uma personalidade forte&#8221;, ou, &#8220;Aquele sujeito tem muita personalidade&#8221; e at\u00e9 mesmo: &#8220;Este sujeito n\u00e3o tem personalidade nenhuma&#8221;, mas de fato o\u00a0que \u00e9 personalidade, como voc\u00ea definiria a sua?<\/p>\n<h2><span style=\"font-weight: 400;\">O que \u00e9 personalidade?<\/span><\/h2>\n<p><span style=\"font-weight: 400;\">Personalidade \u00e9 o tra\u00e7o que determina a individualidade da pessoa, \u00e9 um comportamento est\u00e1vel emitido regularmente, o modo habitual de agir e pensar. Ela se desenvolve e se mostra durante sua intera\u00e7\u00e3o com o meio que a envolve.<\/span><\/p>\n<h2><span style=\"font-weight: 400;\">Quais s\u00e3o os tipos de personalidade?<\/span><\/h2>\n<p><span style=\"font-weight: 400;\">Existem diferentes tipos de personalidade e cada indiv\u00edduo pode apresentar uma ou mais delas. Geralmente, seu comportamento e pensamento mais forte determina qual \u00e9 o tipo predominante.\u00a0<\/span><\/p>\n<p><span style=\"font-weight: 400;\">Atualmente, as mais reconhecidas s\u00e3o:<\/span><\/p>\n<ul>\n<li style=\"font-weight: 400;\" aria-level=\"1\"><span style=\"font-weight: 400;\">l\u00f3gica;<\/span><\/li>\n<li style=\"font-weight: 400;\" aria-level=\"1\"><span style=\"font-weight: 400;\">inovadora;<\/span><\/li>\n<li style=\"font-weight: 400;\" aria-level=\"1\"><span style=\"font-weight: 400;\">comandante;<\/span><\/li>\n<li style=\"font-weight: 400;\" aria-level=\"1\"><span style=\"font-weight: 400;\">arquiteto;<\/span><\/li>\n<li style=\"font-weight: 400;\" aria-level=\"1\"><span style=\"font-weight: 400;\">empreendedor;<\/span><\/li>\n<li style=\"font-weight: 400;\" aria-level=\"1\"><span style=\"font-weight: 400;\">animador;<\/span><\/li>\n<li style=\"font-weight: 400;\" aria-level=\"1\"><span style=\"font-weight: 400;\">aventureiro;<\/span><\/li>\n<li style=\"font-weight: 400;\" aria-level=\"1\"><span style=\"font-weight: 400;\">virtuoso;<\/span><\/li>\n<li style=\"font-weight: 400;\" aria-level=\"1\"><span style=\"font-weight: 400;\">ativista;<\/span><\/li>\n<li style=\"font-weight: 400;\" aria-level=\"1\"><span style=\"font-weight: 400;\">mediador;<\/span><\/li>\n<li style=\"font-weight: 400;\" aria-level=\"1\"><span style=\"font-weight: 400;\">protagonista;\u00a0<\/span><\/li>\n<li style=\"font-weight: 400;\" aria-level=\"1\"><span style=\"font-weight: 400;\">conselheiro;<\/span><\/li>\n<li style=\"font-weight: 400;\" aria-level=\"1\"><span style=\"font-weight: 400;\">executivo;<\/span><\/li>\n<li style=\"font-weight: 400;\" aria-level=\"1\"><span style=\"font-weight: 400;\">defensor;<\/span><\/li>\n<li style=\"font-weight: 400;\" aria-level=\"1\"><span style=\"font-weight: 400;\">provedor.<\/span><\/li>\n<\/ul>\n<h2><span style=\"font-weight: 400;\">O que significa ser uma pessoa de personalidade?<\/span><\/h2>\n<p><span style=\"font-weight: 400;\">A sociedade, de modo geral, erra ao julgar quem tem ou n\u00e3o, personalidade. Julgamentos, muitas vezes, infundados, sem qualquer crit\u00e9rio, simplesmente fundados em cren\u00e7as, experi\u00eancias pessoais ou pela for\u00e7a de express\u00e3o.\u00a0<\/span><\/p>\n<p><span style=\"font-weight: 400;\">Por exemplo: um grupo de amigos se re\u00fane para conhecer um novo restaurante. Se um deles diz educadamente que n\u00e3o gostou do restaurante, os que gostaram podem alegar que se trata de falta de personalidade, pois a opini\u00e3o da maioria vai contra a dele.<\/span><\/p>\n<p><span style=\"font-weight: 400;\">Por outro lado, se um indiv\u00edduo batesse a m\u00e3o sobre a mesa e dissesse num tom de voz acalorado que odiou o lugar e jamais voltar\u00e1 a frequent\u00e1-lo, o observador tende a afirmar que se trata de uma pessoa de personalidade forte, adotando-o como refer\u00eancia.\u00a0<\/span><\/p>\n<p><span style=\"font-weight: 400;\">Desta forma, pode-se dizer que o sujeito que falou num tom de voz brando pode ter tanta personalidade quanto o exaltado. Por apresentar este comportamento na maioria das vezes, podemos caracteriz\u00e1-lo com um indiv\u00edduo de caracter\u00edstica mansa, sossegada, de \u00edndole pac\u00edfica. Pessoas com este perfil s\u00e3o mais flex\u00edveis e abertas a discuss\u00e3o.<\/span><\/p>\n<p><span style=\"font-weight: 400;\">Quanto ao outro, se ele apresentar frequentemente um comportamento exaltado, ser\u00e1 rotulado como um sujeito de identidade irada, irritadi\u00e7a, brava e n\u00e3o necessariamente um sujeito forte.\u00a0<\/span><\/p>\n<p><span style=\"font-weight: 400;\">Quem tem este perfil, geralmente, acaba tornando-se absolutamente resistente, r\u00edgido, cr\u00edtico e inflex\u00edvel. Entende-se, desta maneira, que todas as pessoas possuem tra\u00e7os de personalidade e que \u00e9 incorreto julgar. Afinal, boa, m\u00e1, brava, mansa, cada uma tem o seu jeito de ser.<\/span><\/p>\n<h2><span style=\"font-weight: 400;\">Como avaliar a natureza comportamental de uma pessoa?<\/span><\/h2>\n<p><span style=\"font-weight: 400;\">Essa caracter\u00edstica deve ser avaliada pelo comportamento que o indiv\u00edduo emite na maioria das vezes e n\u00e3o por rea\u00e7\u00f5es isoladas. Ela \u00e9 determinada pelo que a pessoa \u00e9 na maioria das vezes e n\u00e3o como ela est\u00e1 em determinado momento.\u00a0<\/span><\/p>\n<p><span style=\"font-weight: 400;\">Conclui-se, dessa forma, que n\u00e3o d\u00e1 para definir a personalidade de algu\u00e9m em pouco tempo de conv\u00edvio. \u00c9 preciso conhecer, prestar mais aten\u00e7\u00e3o aos sinais emitidos na maioria do tempo.<\/span><\/p>\n<p><span style=\"font-weight: 400;\">Um l\u00edder de comportamento equilibrado, moderado e de bom senso \u00e9 um verdadeiro l\u00edder. Jamais diria: \u201cEste restaurante \u00e9 p\u00e9ssimo\u201d com o risco de gerar hostilidade e repulsa por parte dos que est\u00e3o sob sua lideran\u00e7a.\u00a0<\/span><\/p>\n<h2><span style=\"font-weight: 400;\">Como mudar sua identidade inconsciente com foco e disciplina?<\/span><\/h2>\n<p><span style=\"font-weight: 400;\">Nosso comportamento \u00e9 influenciado n\u00e3o s\u00f3 pela nossa caracter\u00edstica mais forte, mas tamb\u00e9m pelos acontecimentos cotidianos. Quando n\u00e3o temos foco e disciplina, nos envolvemos em estresses que poderiam ser evitados.<\/span><\/p>\n<p><span style=\"font-weight: 400;\">Por exemplo, quando perdemos as chaves por falta de aten\u00e7\u00e3o ou atrasamos a entrega de relat\u00f3rios por se enrolar nas tarefas, reagimos mal e nos tornamos estressados. A percep\u00e7\u00e3o que os outros ter\u00e3o de n\u00f3s nessas situa\u00e7\u00f5es \u00e9 de que temos uma personalidade dif\u00edcil.<\/span><\/p>\n<p><span style=\"font-weight: 400;\">Por isso, \u00e9 importante trabalhar o foco e disciplina, para moldar nosso comportamento e transmitir nossa real identidade. O livro \u201c<\/span><a href=\"https:\/\/renatoalves.com.br\/livro-memorizacao-aprendizado-cerebro-foco-disciplina\/\" target=\"_blank\" rel=\"noopener\"><span style=\"font-weight: 400;\">O c\u00e9rebro com foco e disciplina<\/span><\/a><span style=\"font-weight: 400;\">\u201d \u00e9 o ideal para fazer sua mente trabalhar a seu favor e mudar como voc\u00ea se relaciona com o mundo.<\/span><\/p>\n<p><span style=\"font-weight: 400;\">Gostou do conte\u00fado? Continue acompanhando nossas postagens e conhe\u00e7a os <\/span><a href=\"https:\/\/renatoalves.com.br\/cursos-memorizacao-leitura-dinamica\/\" target=\"_blank\" rel=\"noopener\"><span style=\"font-weight: 400;\">cursos de memoriza\u00e7\u00e3o e aprendizado<\/span><\/a><span style=\"font-weight: 400;\"> dispon\u00edveis hoje para voc\u00ea que deseja passar em concursos, testes e provas.<\/span><\/p>\n","protected":false},"excerpt":{"rendered":"<p>Quantas vezes, depois de observarmos o comportamento de uma pessoa, pensamos ou dizemos frases como: &#8220;Ela tem uma personalidade forte&#8221;, ou, &#8220;Aquele sujeito tem muita personalidade&#8221; e at\u00e9 mesmo: &#8220;Este sujeito n\u00e3o tem personalidade nenhuma&#8221;, mas de fato o\u00a0que \u00e9 personalidade, como voc\u00ea definiria a sua? O que \u00e9 personalidade? Personalidade \u00e9 o tra\u00e7o que [&hellip;]<\/p>\n","protected":false},"author":24,"featured_media":8462,"comment_status":"open","ping_status":"open","sticky":false,"template":"","format":"standard","meta":{"footnotes":""},"categories":[262],"tags":[85,68,70,74,99],"class_list":["post-1206","post","type-post","status-publish","format-standard","has-post-thumbnail","hentry","category-estudo-e-desenvolvimento","tag-curso-memorizacao","tag-curso-renato-alves","tag-dicas-memorizacao","tag-metodo-renato-alves","tag-qual-o-melhor-curso-de-memorizacao"],"_links":{"self":[{"href":"https:\/\/renatoalves.com.br\/blog\/wp-json\/wp\/v2\/posts\/1206","targetHints":{"allow":["GET"]}}],"collection":[{"href":"https:\/\/renatoalves.com.br\/blog\/wp-json\/wp\/v2\/posts"}],"about":[{"href":"https:\/\/renatoalves.com.br\/blog\/wp-json\/wp\/v2\/types\/post"}],"author":[{"embeddable":true,"href":"https:\/\/renatoalves.com.br\/blog\/wp-json\/wp\/v2\/users\/24"}],"replies":[{"embeddable":true,"href":"https:\/\/renatoalves.com.br\/blog\/wp-json\/wp\/v2\/comments?post=1206"}],"version-history":[{"count":2,"href":"https:\/\/renatoalves.com.br\/blog\/wp-json\/wp\/v2\/posts\/1206\/revisions"}],"predecessor-version":[{"id":8464,"href":"https:\/\/renatoalves.com.br\/blog\/wp-json\/wp\/v2\/posts\/1206\/revisions\/8464"}],"wp:featuredmedia":[{"embeddable":true,"href":"https:\/\/renatoalves.com.br\/blog\/wp-json\/wp\/v2\/media\/8462"}],"wp:attachment":[{"href":"https:\/\/renatoalves.com.br\/blog\/wp-json\/wp\/v2\/media?parent=1206"}],"wp:term":[{"taxonomy":"category","embeddable":true,"href":"https:\/\/renatoalves.com.br\/blog\/wp-json\/wp\/v2\/categories?post=1206"},{"taxonomy":"post_tag","embeddable":true,"href":"https:\/\/renatoalves.com.br\/blog\/wp-json\/wp\/v2\/tags?post=1206"}],"curies":[{"name":"wp","href":"https:\/\/api.w.org\/{rel}","templated":true}]}}