{"id":1219,"date":"2016-05-24T08:02:33","date_gmt":"2016-05-24T11:02:33","guid":{"rendered":"http:\/\/renatoalves.com.br\/blog\/?p=1219"},"modified":"2020-11-20T10:39:14","modified_gmt":"2020-11-20T13:39:14","slug":"voce-decide-que-entra-em-sua-memoria","status":"publish","type":"post","link":"https:\/\/renatoalves.com.br\/blog\/voce-decide-que-entra-em-sua-memoria\/","title":{"rendered":"Voc\u00ea realmente decide o que entra em sua mem\u00f3ria?"},"content":{"rendered":"<p style=\"text-align: justify;\">O foco \u00e9 produto do pensamento. Foco no trabalho \u00e9 uma escolha, \u00e9 resultado do modo de pensar, voc\u00ea \u00e9 quem deve escolher em que prestar aten\u00e7\u00e3o no que entra em sua mem\u00f3ria. Voc\u00ea tem o poder de escolher o que entra em sua mem\u00f3ria.<\/p>\n<h2>Atualmente o que entra em sua mem\u00f3ria?<\/h2>\n<p style=\"text-align: justify;\">Lembrar-se de apagar as luzes ao sair, p\u00f4r o lixo na rua, desligar a televis\u00e3o, fechar a torneira, dar carona a algu\u00e9m s\u00e3o exemplos de tarefas simples, rotineiras que exigem apenas um pouco de foco e talvez alguma t\u00e9cnica de memoriza\u00e7\u00e3o para que sejam lembradas e realizadas.<\/p>\n<p style=\"text-align: justify;\">Eu tive uma inf\u00e2ncia pobre. Minha m\u00e3e me ensinou que era preciso economizar. Esquecer luzes acesas, por exemplo, era uma falta grave que sempre rendia uma bronca e uma ordem:<\/p>\n<p style=\"text-align: justify;\">&#8220;Levante-se e v\u00e1 apagar a luz que voc\u00ea esqueceu acesa&#8221;.<\/p>\n<p style=\"text-align: justify;\">Esquecido trabalha duas vezes. Essa li\u00e7\u00e3o eu tamb\u00e9m aprendi bem cedo, e por meio dessa li\u00e7\u00e3o, ou motiva\u00e7\u00e3o, que me condicionei a levantar a m\u00e3o ao sair de qualquer c\u00f4modo e, sem ao menos pensar, j\u00e1 ir apagando as luzes.<\/p>\n<p style=\"text-align: justify;\">Temos de concordar que quando algo \u00e9 realmente importante, criamos um jeito de lembrar, seja por necessidade por prazer ou comprometimento com uma causa. \u00c9 fato que, quando precisamos, mantemos vigil\u00e2ncia cerrada e potencializamos a mem\u00f3ria.<\/p>\n<p style=\"text-align: justify;\">Se voc\u00ea estacionar seu carro \u00e0 noite em um local deserto, escuro e suspeito, certamente se lembrar\u00e1 de trancar as portas, de acionar o alarme e, de quebra, de dar uma volta ao redor do ve\u00edculo para verificar se todas as portas e janelas foram bem fechadas.<\/p>\n<p style=\"text-align: justify;\"><strong>Motiva\u00e7\u00e3o \u00e9 o melhor rem\u00e9dio para mem\u00f3ria.<\/strong> Manter a consci\u00eancia no presente, respirar lenta e profundamente, lan\u00e7ar um olhar a tento ao redor, disciplinar a mente para focar os detalhes s\u00e3o condicionamentos positivos que, com uma boa dose de disciplina, podem se sedimentar.<\/p>\n<p style=\"text-align: center;\">[inf_infusionsoft_inline optin_id=optin_1]<\/p>\n<h2>Algumas dicas pr\u00e1ticas<\/h2>\n<ol>\n<li>Cultive bons ciclos de amizade, o meio influencia a qualidade dos seus pensamentos;<\/li>\n<li>Crie sua realidade. Voc\u00ea \u00e9 o que voc\u00ea pensa;<\/li>\n<li>A televis\u00e3o ou o r\u00e1dio decide o que voc\u00ea pensa? Escolha bons programas.<\/li>\n<li>O destino \u00e9 a sabedoria de saber escolher;<\/li>\n<li>Por ultimo, mantenha o <a href=\"\/\/renatoalves.com.br\/blog\/saiba-como-nao-perder-o-foco-nos-estudos\/\">foco<\/a> quando precisar memorizar.<\/li>\n<\/ol>\n<p class=\"p1\" style=\"text-align: justify;\"><span class=\"s1\">Se voc\u00ea se preocupa com seu bem-estar e as situa\u00e7\u00f5es acima refletem a sua realidade, aconselho voc\u00ea a cuidar melhor da sua sa\u00fade, da sua mente e para isso, gostaria de lhe indicar um curso cujo objetivo n\u00e3o se limita apenas a acabar com os &#8220;brancos&#8221; de sua mem\u00f3ria e a falta de est\u00edmulo que eles causam dificultando o seu racioc\u00ednio, aten\u00e7\u00e3o e capacidade de pensar.<\/span><\/p>\n<p class=\"p1\" style=\"text-align: justify;\"><span class=\"s1\">Voc\u00ea encontrar\u00e1 no meu curso\u00a0<a href=\"https:\/\/memoriablindada.com.br\" target=\"_blank\" rel=\"noopener noreferrer\">Mem\u00f3ria Blindada<\/a>\u00a0um m\u00e9todo\u00a0detalhado de aplica\u00e7\u00e3o pr\u00e1tica da memoriza\u00e7\u00e3o\u00a0no\u00a0dia a dia, tudo explicado de maneira simples e objetiva em videoaulas on-line, prontas para voc\u00ea usufruir em qualquer lugar, onde quiser em seu celular, tablet, computador ou smart TV.<\/span><\/p>\n<p class=\"p1\" style=\"text-align: justify;\"><span class=\"s1\">No treinamento voc\u00ea ter\u00e1 acesso a todas as estrat\u00e9gias que utilizo para n\u00e3o esquecer de nada. Definitivamente \u00e9 sua hora de ter uma mem\u00f3ria mais jovem, forte e confi\u00e1vel.<\/span><\/p>\n<p class=\"p1\" style=\"text-align: justify;\"><span class=\"s1\">Como incentivo<\/span><span class=\"s1\">\u00a0<\/span>por acreditar tanto na efici\u00eancia do meu m\u00e9todo, al\u00e9m dos b\u00f4nus eu ainda lhe ofere\u00e7o uma garantia especial:<\/p>\n<p class=\"p1\" style=\"text-align: justify;\">Se em 7 dias, depois de aplicar o m\u00e9todo, voc\u00ea\u00a0 n\u00e3o notar melhoras, eu assumo total responsabilidade e devolverei 100% do seu investimento.\u00a0Risco zero. O que voc\u00ea acha?\u00a0<a href=\"https:\/\/memoriablindada.com.br\" target=\"_blank\" rel=\"noopener noreferrer\">Clique aqui e comece agora mesmo o treinamento!<\/a><\/p>\n<p><a href=\"https:\/\/www.facebook.com\/RenatoAlvesOficial\">Curta e siga a minha fanpage no Facebook<\/a>\u00a0e tamb\u00e9m\u00a0<a href=\"http:\/\/www.youtube.com\/videosmemoria\/videos?sub_confirmation=1\">inscreva-se no meu canal no Youtube<\/a>.<\/p>\n<p style=\"text-align: justify;\"><em><strong>Renato Alves<\/strong>\u00a0\u00e9 escritor, pesquisador e primeiro brasileiro a receber o t\u00edtulo oficial de melhor mem\u00f3ria do Brasil. Autor de um m\u00e9todo patenteado de memoriza\u00e7\u00e3o que ganhou reconhecimento nacional e j\u00e1 est\u00e1 presente em mais de 100 pa\u00edses.<\/em><\/p>\n<p><a href=\"https:\/\/memoriablindada.com.br\"><img fetchpriority=\"high\" decoding=\"async\" class=\"alignnone wp-image-2519 size-full\" src=\"\/\/renatoalves.com.br\/blog\/wp-content\/uploads\/2015\/02\/banner_MB.jpg\" alt=\"Curso Mem\u00f3ria Blindada\" width=\"3002\" height=\"353\" srcset=\"https:\/\/renatoalves.com.br\/blog\/wp-content\/uploads\/2015\/02\/banner_MB.jpg 2560w, https:\/\/renatoalves.com.br\/blog\/wp-content\/uploads\/2015\/02\/banner_MB-300x35.jpg 300w, https:\/\/renatoalves.com.br\/blog\/wp-content\/uploads\/2015\/02\/banner_MB-768x90.jpg 768w, https:\/\/renatoalves.com.br\/blog\/wp-content\/uploads\/2015\/02\/banner_MB-1024x120.jpg 1024w\" sizes=\"(max-width: 3002px) 100vw, 3002px\" \/><\/a><\/p>\n","protected":false},"excerpt":{"rendered":"<p>Sua mem\u00f3ria \u00e9 sua maior parceira, \u00e9 seu cofre mais seguro, e voc\u00ea deseja que ela seja cada vez mais eficiente. Pensar positivo, escolher o foco e ter motivos para prestar aten\u00e7\u00e3o nas tarefas tornar\u00e3o sua mem\u00f3ria muito superior.<\/p>\n","protected":false},"author":24,"featured_media":4304,"comment_status":"open","ping_status":"open","sticky":false,"template":"","format":"standard","meta":{"footnotes":""},"categories":[262],"tags":[41,145,44,212,68,70,43,42,99,47,52],"class_list":["post-1219","post","type-post","status-publish","format-standard","has-post-thumbnail","hentry","category-estudo-e-desenvolvimento","tag-alzheimer","tag-boa-memoria","tag-concentracao","tag-curso-memoria-blindada","tag-curso-renato-alves","tag-dicas-memorizacao","tag-foco","tag-memorizacao","tag-qual-o-melhor-curso-de-memorizacao","tag-remedio-para-memoria","tag-ter-disciplina"],"_links":{"self":[{"href":"https:\/\/renatoalves.com.br\/blog\/wp-json\/wp\/v2\/posts\/1219","targetHints":{"allow":["GET"]}}],"collection":[{"href":"https:\/\/renatoalves.com.br\/blog\/wp-json\/wp\/v2\/posts"}],"about":[{"href":"https:\/\/renatoalves.com.br\/blog\/wp-json\/wp\/v2\/types\/post"}],"author":[{"embeddable":true,"href":"https:\/\/renatoalves.com.br\/blog\/wp-json\/wp\/v2\/users\/24"}],"replies":[{"embeddable":true,"href":"https:\/\/renatoalves.com.br\/blog\/wp-json\/wp\/v2\/comments?post=1219"}],"version-history":[{"count":2,"href":"https:\/\/renatoalves.com.br\/blog\/wp-json\/wp\/v2\/posts\/1219\/revisions"}],"predecessor-version":[{"id":6883,"href":"https:\/\/renatoalves.com.br\/blog\/wp-json\/wp\/v2\/posts\/1219\/revisions\/6883"}],"wp:featuredmedia":[{"embeddable":true,"href":"https:\/\/renatoalves.com.br\/blog\/wp-json\/wp\/v2\/media\/4304"}],"wp:attachment":[{"href":"https:\/\/renatoalves.com.br\/blog\/wp-json\/wp\/v2\/media?parent=1219"}],"wp:term":[{"taxonomy":"category","embeddable":true,"href":"https:\/\/renatoalves.com.br\/blog\/wp-json\/wp\/v2\/categories?post=1219"},{"taxonomy":"post_tag","embeddable":true,"href":"https:\/\/renatoalves.com.br\/blog\/wp-json\/wp\/v2\/tags?post=1219"}],"curies":[{"name":"wp","href":"https:\/\/api.w.org\/{rel}","templated":true}]}}