{"id":122,"date":"2025-04-28T16:07:38","date_gmt":"2025-04-28T19:07:38","guid":{"rendered":"http:\/\/www.renatoalves.com.br\/blog\/?p=122"},"modified":"2025-04-28T16:08:06","modified_gmt":"2025-04-28T19:08:06","slug":"pare-de-dar-desculpas","status":"publish","type":"post","link":"https:\/\/renatoalves.com.br\/blog\/pare-de-dar-desculpas\/","title":{"rendered":"Pare de dar desculpas: assuma o controle da sua vida com estrat\u00e9gias pr\u00e1ticas"},"content":{"rendered":"\n<p>Quantas vezes voc\u00ea j\u00e1 se pegou dizendo &#8220;n\u00e3o tenho tempo&#8221;, &#8220;n\u00e3o \u00e9 o momento certo&#8221;, ou &#8220;n\u00e3o sou bom o suficiente&#8221;? Em meus anos como treinador de alta performance cognitiva, percebi que <strong>as desculpas s\u00e3o o principal obst\u00e1culo entre uma pessoa e o seu sucesso<\/strong>.<\/p>\n\n\n\n<p>Hoje, convido voc\u00ea a refletir: <strong>o que as desculpas est\u00e3o te impedindo de conquistar?<\/strong><\/p>\n\n\n\n<h2 class=\"wp-block-heading\"><strong>Entendendo a raiz das desculpas<\/strong><\/h2>\n\n\n\n<p>Dar desculpas \u00e9 uma forma de prote\u00e7\u00e3o psicol\u00f3gica. Nosso c\u00e9rebro, programado para evitar desconfortos e riscos, cria justificativas para nos manter na zona de conforto.<\/p>\n\n\n\n<p><strong>A desculpa \u00e9 confort\u00e1vel. O resultado, nem tanto.<\/strong><\/p>\n\n\n\n<h2 class=\"wp-block-heading\"><strong>Os tipos mais comuns de desculpas<\/strong><\/h2>\n\n\n\n<ul class=\"wp-block-list\">\n<li><strong>Falta de tempo:<\/strong> Quando a prioridade est\u00e1 mal definida.<\/li>\n\n\n\n<li><strong>Falta de capacidade:<\/strong> Quando o medo de fracassar impede a a\u00e7\u00e3o.<\/li>\n\n\n\n<li><strong>Condi\u00e7\u00f5es externas:<\/strong> Quando culpamos o ambiente pelas nossas limita\u00e7\u00f5es.<\/li>\n\n\n\n<li><strong>Procrastina\u00e7\u00e3o:<\/strong> Quando adiamos decis\u00f5es importantes para evitar desconfortos.<\/li>\n<\/ul>\n\n\n\n<h2 class=\"wp-block-heading\"><strong>O verdadeiro custo das desculpas<\/strong><\/h2>\n\n\n\n<p>Cada desculpa que voc\u00ea aceita refor\u00e7a um padr\u00e3o de estagna\u00e7\u00e3o. <strong>O tempo passa, as oportunidades evaporam e a frustra\u00e7\u00e3o se acumula.<\/strong><\/p>\n\n\n\n<p>Lembre-se: n\u00e3o existem condi\u00e7\u00f5es ideais para come\u00e7ar. O melhor momento \u00e9 agora, com o que voc\u00ea tem e sabe neste instante.<\/p>\n\n\n\n<figure class=\"wp-block-embed is-type-rich is-provider-incorporar-manipulador wp-block-embed-incorporar-manipulador wp-embed-aspect-16-9 wp-has-aspect-ratio\"><div class=\"wp-block-embed__wrapper\">\n<iframe title=\"20 Minutos Que Transformam Seu C\u00e9rebro\" width=\"800\" height=\"450\" src=\"https:\/\/www.youtube.com\/embed\/fwrsZ4qY5TU?feature=oembed\" frameborder=\"0\" allow=\"accelerometer; autoplay; clipboard-write; encrypted-media; gyroscope; picture-in-picture; web-share\" referrerpolicy=\"strict-origin-when-cross-origin\" allowfullscreen><\/iframe>\n<\/div><\/figure>\n\n\n\n<h2 class=\"wp-block-heading\"><strong>Como parar de dar desculpas e agir<\/strong><\/h2>\n\n\n\n<h3 class=\"wp-block-heading\"><strong>1. Assuma 100% da responsabilidade<\/strong><\/h3>\n\n\n\n<p>Entenda que <strong>o controle da sua vida est\u00e1 em suas m\u00e3os<\/strong>. N\u00e3o terceirize sua evolu\u00e7\u00e3o.<\/p>\n\n\n\n<h3 class=\"wp-block-heading\"><strong>2. Identifique padr\u00f5es de autossabotagem<\/strong><\/h3>\n\n\n\n<p>Perceba quais desculpas voc\u00ea mais usa e questione sua validade.<\/p>\n\n\n\n<h3 class=\"wp-block-heading\"><strong>3. Defina metas claras e prazos realistas<\/strong><\/h3>\n\n\n\n<p>Objetivos vagos geram dispers\u00e3o. Seja espec\u00edfico no que deseja alcan\u00e7ar.<\/p>\n\n\n\n<h3 class=\"wp-block-heading\"><strong>4. Divida grandes projetos em pequenas a\u00e7\u00f5es<\/strong><\/h3>\n\n\n\n<p>Agir diariamente, mesmo que em pequenos passos, gera progresso consistente.<\/p>\n\n\n\n<h3 class=\"wp-block-heading\"><strong>5. Celebre cada pequena conquista<\/strong><\/h3>\n\n\n\n<p>A motiva\u00e7\u00e3o cresce com o reconhecimento do seu pr\u00f3prio avan\u00e7o.<\/p>\n\n\n\n<h2 class=\"wp-block-heading\"><strong>Um caso real de transforma\u00e7\u00e3o<\/strong><\/h2>\n\n\n\n<p>Recordo-me de Rafael, que vivia adiando o sonho de passar em um <a href=\"https:\/\/renatoalves.com.br\/blog\/concurso-publico-descubra-se-voce-sabe-estudar\/\" target=\"_blank\" rel=\"noreferrer noopener\">concurso p\u00fablico<\/a>. Sempre dizia &#8220;n\u00e3o tenho tempo&#8221;. Ao aplicar t\u00e9cnicas de gest\u00e3o de tempo e autoconhecimento que ensino nos cursos, ele reorganizou sua rotina, eliminou desculpas e, meses depois, conquistou sua aprova\u00e7\u00e3o.<\/p>\n\n\n\n<p><strong>A mudan\u00e7a come\u00e7ou no dia em que ele decidiu parar de justificar e come\u00e7ou a agir.<\/strong><\/p>\n\n\n\n<p>\u00c9 isso mesmo, pare de dar desculpas, <strong>o que o impede de realizar um grande sonho?<\/strong> Deixe seu coment\u00e1rio abaixo e aproveite para conhecer o meu curso <a href=\"https:\/\/memoriablindada.com.br?utm_source=Blog&amp;utm_medium=pv-cmb&amp;utm_campaign=CMB&amp;utm_content=pare-de-dar-desculpas\" target=\"_blank\" rel=\"noreferrer noopener\">Mem\u00f3ria Blindada<\/a>, al\u00e9m de aprender a aplica\u00e7\u00e3o pr\u00e1tica da memoriza\u00e7\u00e3o para o dia a dia.<\/p>\n\n\n\n<p>Nas videoaulas on-line voc\u00ea receber\u00e1 acesso h\u00e1 uma palestra incr\u00edvel que lhe ensinar\u00e1 a ter foco e mais tempo para executar todos os seus objetivos.<\/p>\n\n\n\n<p class=\"has-text-align-center\"><a href=\"https:\/\/renatoalves.com.br\/acrobatas-da-memoria\/\"><strong>\u00bb Clique Aqui e assista alguns depoimentos de alunos dos cursos \u00ab<\/strong><\/a><\/p>\n\n\n\n<p>Para que voc\u00ea adquira ainda hoje o curso <a href=\"https:\/\/memoriablindada.com.br?utm_source=Blog&amp;utm_medium=pv-cmb&amp;utm_campaign=CMB&amp;utm_content=pare-de-dar-desculpas\" target=\"_blank\" rel=\"noreferrer noopener\">Mem\u00f3ria Blindada<\/a> e por acreditar tanto na efici\u00eancia do meu m\u00e9todo, al\u00e9m dos b\u00f4nus eu ainda lhe ofere\u00e7o uma garantia especial.<\/p>\n\n\n\n<p>Se em 7 dias, depois de aplicar o m\u00e9todo, voc\u00ea\u00a0 n\u00e3o notar melhoras, eu assumo total responsabilidade e devolverei 100% do seu investimento. Dessa forma voc\u00ea n\u00e3o corre nenhum risco. O que voc\u00ea acha? <a href=\"https:\/\/memoriablindada.com.br?utm_source=Blog&amp;utm_medium=pv-cmb&amp;utm_campaign=CMB&amp;utm_content=pare-de-dar-desculpas\">Clique aqui e saiba mais sobre o treinamento!<\/a><\/p>\n\n\n\n<h2 class=\"wp-block-heading\"><strong>Leitura complementar recomendada<\/strong><\/h2>\n\n\n\n<p>Para impulsionar ainda mais sua transforma\u00e7\u00e3o, recomendo:<\/p>\n\n\n\n<ul class=\"wp-block-list\">\n<li><a href=\"https:\/\/renatoalves.com.br\/blog\/estudos-concurso-planejamento-disciplina-sucesso\/\" target=\"_blank\" rel=\"noreferrer noopener\">Estudos para concursos: Planejamento e disciplina para o sucesso<\/a><\/li>\n\n\n\n<li><a href=\"https:\/\/renatoalves.com.br\/blog\/exercicios-vencer-preguica-mental\/\" target=\"_blank\" rel=\"noreferrer noopener\">Pregui\u00e7a mental | Exerc\u00edcios para venc\u00ea-la e ter um c\u00e9rebro forte<\/a><\/li>\n<\/ul>\n\n\n\n<h2 class=\"wp-block-heading\"><strong>Perguntas frequentes (FAQ)<\/strong><\/h2>\n\n\n\n<h3 class=\"wp-block-heading\"><strong>Por que \u00e9 t\u00e3o dif\u00edcil parar de dar desculpas?<\/strong><\/h3>\n\n\n\n<p>Porque exige sair da zona de conforto e enfrentar medos internos. Mas a pr\u00e1tica constante reverte esse padr\u00e3o.<\/p>\n\n\n\n<h3 class=\"wp-block-heading\"><strong>Como identificar que estou usando desculpas?<\/strong><\/h3>\n\n\n\n<p>Observe pensamentos autom\u00e1ticos que justificam a ina\u00e7\u00e3o e questione sua veracidade.<\/p>\n\n\n\n<h3 class=\"wp-block-heading\"><strong>Mudar a mentalidade realmente \u00e9 suficiente?<\/strong><\/h3>\n\n\n\n<p>Sim. Mudan\u00e7as externas come\u00e7am pela transforma\u00e7\u00e3o interna.<\/p>\n\n\n\n<h3 class=\"wp-block-heading\"><strong>Quanto tempo leva para abandonar o h\u00e1bito das desculpas?<\/strong><\/h3>\n\n\n\n<p>Depende da pr\u00e1tica consciente e da for\u00e7a de vontade, mas melhorias s\u00e3o percept\u00edveis em poucas semanas.<\/p>\n\n\n\n<h3 class=\"wp-block-heading\"><strong>Como manter a disciplina para agir mesmo sem vontade?<\/strong><\/h3>\n\n\n\n<p>Criando rotinas, estabelecendo metas claras e fortalecendo seu prop\u00f3sito pessoal.<\/p>\n\n\n\n<h2 class=\"wp-block-heading\"><strong>DICA B\u00d4NUS:&nbsp;<\/strong><\/h2>\n\n\n\n<p>Quer ter acesso a outras informa\u00e7\u00f5es? <a href=\"https:\/\/www.facebook.com\/RenatoAlvesOficial\" target=\"_blank\" rel=\"noreferrer noopener\">Curta e siga a minha fanpage no Facebook<\/a> e tamb\u00e9m <a href=\"http:\/\/www.youtube.com\/videosmemoria\/videos?sub_confirmation=1\" target=\"_blank\" rel=\"noreferrer noopener\">inscreva-se no meu canal no Youtube.<\/a><\/p>\n\n\n\n<figure class=\"wp-block-image aligncenter is-resized\"><a href=\"https:\/\/memoriablindada.com.br?utm_source=Blog&amp;utm_medium=pv-cmb&amp;utm_campaign=CMB&amp;utm_content=pare-de-dar-desculpas\" target=\"_blank\" rel=\"noopener noreferrer\"><img fetchpriority=\"high\" decoding=\"async\" width=\"2560\" height=\"301\" src=\"\/\/renatoalves.com.br\/blog\/wp-content\/uploads\/2015\/02\/banner_MB.jpg\" alt=\"Curso Mem\u00f3ria Blindada\" class=\"wp-image-2519\" style=\"aspect-ratio:1;width:212px;height:auto\" srcset=\"https:\/\/renatoalves.com.br\/blog\/wp-content\/uploads\/2015\/02\/banner_MB.jpg 2560w, https:\/\/renatoalves.com.br\/blog\/wp-content\/uploads\/2015\/02\/banner_MB-300x35.jpg 300w, https:\/\/renatoalves.com.br\/blog\/wp-content\/uploads\/2015\/02\/banner_MB-768x90.jpg 768w, https:\/\/renatoalves.com.br\/blog\/wp-content\/uploads\/2015\/02\/banner_MB-1024x120.jpg 1024w\" sizes=\"(max-width: 2560px) 100vw, 2560px\" \/><\/a><\/figure>\n\n\n\n<p><\/p>\n","protected":false},"excerpt":{"rendered":"<p>Se voc\u00ea quiser atingir uma meta especial, ter\u00e1 que estudar no hor\u00e1rio em que os outros est\u00e3o tomando chopp com batatas fritas. Ter\u00e1 de planejar, enquanto os outros permanecem \u00e0 frente da televis\u00e3o. Ter\u00e1 de trabalhar enquanto os outros tomam sol \u00e0 beira da piscina.<\/p>\n","protected":false},"author":24,"featured_media":4594,"comment_status":"open","ping_status":"open","sticky":false,"template":"","format":"standard","meta":{"footnotes":""},"categories":[264],"tags":[41,145,56,62,44,45,46,212,98,68,88,70,29,42,74,47],"class_list":["post-122","post","type-post","status-publish","format-standard","has-post-thumbnail","hentry","category-saude-e-qualidade-de-vida","tag-alzheimer","tag-boa-memoria","tag-branco-na-memoria","tag-campeonato-mundial-de-memoria-rio","tag-concentracao","tag-curso-de-memorizacao","tag-curso-de-memorizacao-online","tag-curso-memoria-blindada","tag-curso-online-renato-alves","tag-curso-renato-alves","tag-dicas-memoria","tag-dicas-memorizacao","tag-memoria","tag-memorizacao","tag-metodo-renato-alves","tag-remedio-para-memoria"],"_links":{"self":[{"href":"https:\/\/renatoalves.com.br\/blog\/wp-json\/wp\/v2\/posts\/122","targetHints":{"allow":["GET"]}}],"collection":[{"href":"https:\/\/renatoalves.com.br\/blog\/wp-json\/wp\/v2\/posts"}],"about":[{"href":"https:\/\/renatoalves.com.br\/blog\/wp-json\/wp\/v2\/types\/post"}],"author":[{"embeddable":true,"href":"https:\/\/renatoalves.com.br\/blog\/wp-json\/wp\/v2\/users\/24"}],"replies":[{"embeddable":true,"href":"https:\/\/renatoalves.com.br\/blog\/wp-json\/wp\/v2\/comments?post=122"}],"version-history":[{"count":5,"href":"https:\/\/renatoalves.com.br\/blog\/wp-json\/wp\/v2\/posts\/122\/revisions"}],"predecessor-version":[{"id":10067,"href":"https:\/\/renatoalves.com.br\/blog\/wp-json\/wp\/v2\/posts\/122\/revisions\/10067"}],"wp:featuredmedia":[{"embeddable":true,"href":"https:\/\/renatoalves.com.br\/blog\/wp-json\/wp\/v2\/media\/4594"}],"wp:attachment":[{"href":"https:\/\/renatoalves.com.br\/blog\/wp-json\/wp\/v2\/media?parent=122"}],"wp:term":[{"taxonomy":"category","embeddable":true,"href":"https:\/\/renatoalves.com.br\/blog\/wp-json\/wp\/v2\/categories?post=122"},{"taxonomy":"post_tag","embeddable":true,"href":"https:\/\/renatoalves.com.br\/blog\/wp-json\/wp\/v2\/tags?post=122"}],"curies":[{"name":"wp","href":"https:\/\/api.w.org\/{rel}","templated":true}]}}