{"id":1256,"date":"2016-10-28T22:07:25","date_gmt":"2016-10-29T01:07:25","guid":{"rendered":"http:\/\/renatoalves.com.br\/blog\/?p=1256"},"modified":"2020-11-20T11:35:24","modified_gmt":"2020-11-20T14:35:24","slug":"como-conciliar-trabalho-e-estudo","status":"publish","type":"post","link":"https:\/\/renatoalves.com.br\/blog\/como-conciliar-trabalho-e-estudo\/","title":{"rendered":"Como conciliar trabalho e estudo? Saiba aqui como deixar tudo em ordem"},"content":{"rendered":"<p style=\"text-align: justify;\">Como conciliar trabalho e estudo, voc\u00ea sabe? Na realidade nunca foi algo f\u00e1cil, mas n\u00e3o \u00e9 algo imposs\u00edvel. A realiza\u00e7\u00e3o dos nossos sonhos nos faz enfrentar caminhos dif\u00edceis, cansativos e que exigem o m\u00e1ximo de nossos esfor\u00e7os. Quem estuda e trabalha ao mesmo tempo sabe muito bem o que isso significa.<\/p>\n<p style=\"text-align: justify;\">\u00c9 comum que a falta de organiza\u00e7\u00e3o dessa dupla jornada cause ansiedade e frustra\u00e7\u00e3o. Por isso selecionei algumas dicas para voc\u00ea que tem dificuldade para conciliar trabalho e estudos e deseja otimizar seu tempo de estudos. Confira!<\/p>\n<h2 style=\"text-align: justify;\">Saiba agora como conciliar trabalho e estudo<\/h2>\n<h2 style=\"text-align: justify;\">1. Defina suas prioridades<\/h2>\n<p style=\"text-align: justify;\">Antes de dar qualquer passo \u00e9 necess\u00e1rio definir seus objetivos e prioridades. \u00c9 evidente que nem sempre \u00e9 poss\u00edvel simplesmente abandonar o trabalho para apenas focar nos estudos. Ainda assim, \u00e9 preciso manter-se focado em sua meta.<\/p>\n<p style=\"text-align: justify;\">Deseja passar em um concurso mas precisa trabalhar durante 8 horas por dia? Planeje sua rotina para encaixar suas horas de estudo. O ideal \u00e9 estudar tudo durante um dos per\u00edodos do dias, mas se isso n\u00e3o for poss\u00edvel, fragmente. Exemplo: estudar uma hora pela manh\u00e3, antes do trabalho, uma hora durante o almo\u00e7o e tr\u00eas horas ap\u00f3s o expediente.<\/p>\n<p style=\"text-align: justify;\">Dentro da jornada de <a href=\"\/\/renatoalves.com.br\/blog\/?p=1191\">trabalho<\/a>, procure ser altamente produtivo. Tente\u00a0se esfor\u00e7ar ao m\u00e1ximo para cumprir todas as obriga\u00e7\u00f5es sem necessitar de horas extras \u2014 principalmente se tiverem que ser cumpridas nos hor\u00e1rios da aula ou estudo em casa. Voc\u00ea tamb\u00e9m pode negociar com os seus gestores a possibilidade de chegar e sair mais cedo para ter mais tempo de estudar. Muitos apoiam profissionais que estudam.<\/p>\n<p style=\"text-align: justify;\">Avalie sua situa\u00e7\u00e3o atual e procure alternativas para adequ\u00e1-la aos estudos. Isso faz parte da organiza\u00e7\u00e3o da rotina que voc\u00ea ler\u00e1 a seguir.<\/p>\n<h2 style=\"text-align: justify;\">2. Organize sua rotina<\/h2>\n<p style=\"text-align: justify;\">Conciliar trabalho e estudo envolve manter uma rotina. Ela \u00e9 necess\u00e1ria para que voc\u00ea consiga realizar suas atividades e cumprir as tarefas ao longo do dia, evitando que se acumulem.<\/p>\n<p style=\"text-align: justify;\">Estabele\u00e7a dentro de sua rotina hor\u00e1rios fixos que devem ser dedicados aos estudos e ao trabalho.\u00a0Em um calend\u00e1rio, marque as datas das provas que voc\u00ea tem na faculdade, por exemplo.<\/p>\n<p style=\"text-align: justify;\">Respeite tamb\u00e9m os demais hor\u00e1rios do seu dia, principalmente os que envolvem alimenta\u00e7\u00e3o e descanso. Sem uma rotina estabelecida e organizada, as chances de perder o foco ser\u00e3o maiores.<\/p>\n<h2 style=\"text-align: justify;\">3. Baixe alguns aplicativos \u00fateis<\/h2>\n<p style=\"text-align: justify;\">O seu desafio \u00e9 conciliar trabalho e estudo, certo? Essa \u00e9 uma miss\u00e3o que somente uma pessoa \u00e9 capaz de cumprir: voc\u00ea. Mas para ajud\u00e1-lo que tal alguns aplicativos no seu smartphone?<\/p>\n<p style=\"text-align: justify;\">Para ter mais foco, experimente aplicativos que te ajudem a cronometrar o tempo de estudos. Um bom exemplo \u00e9 o Pomodoro Timer (<a href=\"\/\/itunes.apple.com\/br\/app\/be-focused-focus-timer-goal\/id973130201?mt=8\">iOS<\/a> e <a href=\"https:\/\/play.google.com\/store\/apps\/details?id=com.pomodrone.app\">Android<\/a>). Al\u00e9m de cronometrar o per\u00edodo de estudo e de pausa, ele tamb\u00e9m bloqueia sites que podem te distrair, como as redes sociais e portais de not\u00edcia.<\/p>\n<p style=\"text-align: justify;\">A mem\u00f3ria \u00e9 sua melhor parceira, por\u00e9m, se ela ainda n\u00e3o estiver afiada como a minha, um bom gerenciador de tarefas com lembretes e cronogramas tamb\u00e9m pode ser um \u00f3timo aliado para conciliar trabalho e estudo. Tente o <a href=\"https:\/\/evernote.com\/intl\/pt-br\/\">Evernote<\/a> ou o <a href=\"https:\/\/www.rememberthemilk.com\/\">Remember the Milk<\/a>.<\/p>\n<p style=\"text-align: justify;\">Precisa de um guia r\u00e1pido para te ajudar no Novo Acordo Ortogr\u00e1fico? Utilize <a href=\"http:\/\/www.academia.org.br\/noticias\/abl-lanca-aplicativo-gratuito-de-consulta-ao-vocabulario-ortografico-da-lingua-portuguesa\">este<\/a> aplicativo de consulta para qualquer momento do dia. Precisa de uma ajuda para treinar o ingl\u00eas? Tente o <a href=\"https:\/\/pt.duolingo.com\/\">Duolingo<\/a>.<\/p>\n<p style=\"text-align: justify;\">Enfim, utilize a tecnologia a seu favor e com sabedoria. Selecione aplicativos que podem te ajudar a organizar-se e a manter-se focado em suas tarefas.<\/p>\n<h2 style=\"text-align: justify;\"><\/h2>\n<h2 style=\"text-align: justify;\">4. Evite a procrastina\u00e7\u00e3o<\/h2>\n<p style=\"text-align: justify;\">Procrastinar \u00e9 deixar para depois o que precisa ser feito agora. Normalmente as consequ\u00eancias s\u00e3o prejudiciais para o indiv\u00edduo: ac\u00famulo de tarefas, muita frustra\u00e7\u00e3o e sentimento de fracasso.<\/p>\n<p style=\"text-align: justify;\">Para manter-se motivado e evitar a procrastina\u00e7\u00e3o e suas consequ\u00eancias nada ben\u00e9ficas, procure manter sempre em mente suas metas. Se preciso, anote tudo o que precisa fazer no dia, separe por prioridades e foque em uma tarefa de cada vez.<\/p>\n<p style=\"text-align: justify;\">Organizando-se dessa forma \u00e9 poss\u00edvel come\u00e7ar a evitar a <a href=\"\/\/renatoalves.com.br\/blog\/como-quebrar-o-ciclo-da-procrastinacao\/\">procrastina\u00e7\u00e3o<\/a> e concluir o que \u00e9 necess\u00e1rio.<\/p>\n<h2 style=\"text-align: justify;\">5. Alimente-se corretamente<\/h2>\n<p style=\"text-align: justify;\">Uma alimenta\u00e7\u00e3o correta tamb\u00e9m \u00e9 extremamente importante no processo de aprendizado. Lembra-se do ditado \u201csaco vazio n\u00e3o para em p\u00e9\u201d? \u00c9 verdade.<\/p>\n<p style=\"text-align: justify;\">Mantenha uma alimenta\u00e7\u00e3o equilibrada e certifique-se de que tenha acesso aos nutrientes necess\u00e1rios para ficar saud\u00e1vel.<\/p>\n<p style=\"text-align: justify;\">Pode parecer bobagem, mas uma alimenta\u00e7\u00e3o livre de muito sal, gordura e a\u00e7\u00facar o manter\u00e1 mais disposto e auxiliar\u00e1 na concentra\u00e7\u00e3o e reten\u00e7\u00e3o de conte\u00fados. Al\u00e9m disso, a melhora no sono ser\u00e1 consider\u00e1vel, j\u00e1 que dormir bem \u00e9 fundamental para fortalecer a mem\u00f3ria. Chega daqueles <a href=\"\/\/renatoalves.com.br\/blog\/?p=1209\">\u201cbrancos\u201d<\/a> no meio de uma prova ou logo ap\u00f3s estudar.<\/p>\n<p style=\"text-align: justify;\">Os hor\u00e1rios de alimenta\u00e7\u00e3o tamb\u00e9m devem ser respeitados, ok? Nada de pular as refei\u00e7\u00f5es ou substitu\u00ed-las por fast food.<\/p>\n<p style=\"text-align: center;\">[inf_infusionsoft_inline optin_id=optin_1]<\/p>\n<h2 style=\"text-align: justify;\">6. Durma bem para conciliar trabalho e estudo<\/h2>\n<p style=\"text-align: justify;\">Leve esta dica a s\u00e9rio: procure dormir entre 6 a 8 horas por noite. Seu corpo precisa de descanso. \u00c9 durante o sono que ele renova as c\u00e9lulas e armazena na\u00a0<a href=\"\/\/renatoalves.com.br\/blog\/?p=1219\">mem\u00f3ria<\/a> tudo o que voc\u00ea vivenciou e aprendeu ao longo do dia.<\/p>\n<p style=\"text-align: justify;\">\u00c9 muito importante que voc\u00ea tenha uma boa noite de sono, pois \u00e9 ela que vai garantir a energia suficiente para que voc\u00ea consiga encarar o pr\u00f3ximo dia com disposi\u00e7\u00e3o.<\/p>\n<h2 style=\"text-align: justify;\">7. Tenha um momento para si<\/h2>\n<p style=\"text-align: justify;\">Mesmo diante da correria, \u00e9 fundamental que voc\u00ea tenha alguns momentos para fazer o que gosta. Aproveite para refletir sobre sua vida, avaliar suas escolhas e checar o cumprimento de todas as metas e objetivos que voc\u00ea estabeleceu para si. Aproveite a fam\u00edlia e os amigos; pratique uma atividade f\u00edsica e tente descansar sua mente!<\/p>\n<p style=\"text-align: justify;\">Mas cuidado para n\u00e3o tornar os momentos livres em uma rotina de procrastina\u00e7\u00e3o. Aos finais de semana, por exemplo, voc\u00ea pode aproveitar os dias para fazer algo que deseja, mas tenha em mente os estudos (revis\u00e3o ou resolu\u00e7\u00e3o de exerc\u00edcios, por exemplo), ainda que por menos horas.<\/p>\n<p style=\"text-align: justify;\">De qualquer forma, ainda que voc\u00ea tenha uma rotina dif\u00edcil, manter suas rela\u00e7\u00f5es interpessoais \u00e9 importante para que siga motivado. Afinal, o apoio da fam\u00edlia e dos melhores amigos \u00e9 sempre importante!<\/p>\n<p style=\"text-align: justify;\">Conciliar trabalho e estudo n\u00e3o precisa ser uma miss\u00e3o imposs\u00edvel. Com foco, planejamento e organiza\u00e7\u00e3o, \u00e9 poss\u00edvel realizar seus objetivos e chegar aonde deseja.<\/p>\n<p style=\"text-align: justify;\">Persista e continue seu caminho de sacrif\u00edcios e estudo; voc\u00ea sabe que \u00e9 necess\u00e1rio passar por essa fase para chegar aonde quer: ter uma carreira de sucesso e uma vida est\u00e1vel e tranquila. Certamente voc\u00ea chegar\u00e1 l\u00e1!<\/p>\n<p style=\"text-align: justify;\">E voc\u00ea sabe como conciliar trabalho e estudo? Tem dificuldade em seguir um planejamento? Deixe o seu coment\u00e1rio abaixo e compartilhe comigo suas experi\u00eancias.<\/p>\n<p style=\"text-align: justify;\">Se conciliar trabalho e estudo \u00e9 um grande problema para voc\u00ea, saiba que\u00a0<span style=\"font-weight: 400;\">existe um forma validada de conseguir fazer essa concilia\u00e7\u00e3o, inclusive\u00a0<\/span><span style=\"font-size: 1rem;\">utilizada por diversos aprovados em concursos p\u00fablicos e vestibulares.<\/span><\/p>\n<p style=\"text-align: justify;\"><span style=\"font-weight: 400;\">Voc\u00ea pode ir em uma biblioteca e come\u00e7ar a devorar todo tipo de livro por alguns anos, ou voc\u00ea pode tomar um atalho e adquirir o meu<\/span> <a class=\"\" href=\"https:\/\/estudomemorizacao.com.br\" target=\"_blank\" rel=\"noopener noreferrer\"><span style=\"font-weight: 400;\">curso Estudo e Memoriza\u00e7\u00e3o.<\/span><\/a><\/p>\n<p style=\"text-align: justify;\"><span style=\"font-weight: 400;\">Nas videoaulas on-line eu explico de maneira simples e objetiva, todas as estrat\u00e9gias que voc\u00ea precisar\u00e1 para chegar ao topo da lista vip dos aprovados em concursos p\u00fablicos.<\/span><\/p>\n<p style=\"text-align: center;\"><a href=\"\/\/renatoalves.com.br\/depoimentos.html\">\u00bb Clique Aqui\u00a0e assista alguns depoimentos de alunos do curso\u00a0\u00ab<\/a><\/p>\n<p style=\"text-align: justify;\"><span style=\"font-weight: 400;\">Para que voc\u00ea adquira ainda hoje o<\/span> <a class=\"\" href=\"https:\/\/estudomemorizacao.com.br\" target=\"_blank\" rel=\"noopener noreferrer\"><span style=\"font-weight: 400;\">curso Estudo e Memoriza\u00e7\u00e3o,<\/span><\/a> <span style=\"font-weight: 400;\">e por acreditar tanto na efici\u00eancia do meu m\u00e9todo, al\u00e9m dos b\u00f4nus eu ainda lhe ofere\u00e7o uma garantia especial.<\/span><\/p>\n<p style=\"text-align: justify;\"><span style=\"font-weight: 400;\">Se em 7 dias, depois de aplicar o m\u00e9todo, voc\u00ea \u00a0n\u00e3o notar melhoras, eu assumo total responsabilidade e devolverei 100% do seu investimento. O que voc\u00ea acha?<\/span><\/p>\n<p style=\"text-align: justify;\"><a class=\"\" href=\"https:\/\/estudomemorizacao.com.br\" target=\"_blank\" rel=\"noopener noreferrer\"><span style=\"font-weight: 400;\">Clique aqui e comece agora mesmo o treinamento<\/span><\/a><span style=\"font-weight: 400;\">\u00a0<span style=\"font-size: 1rem;\">e finalmente entre para o seleto grupo dos aprovados em concursos p\u00fablicos e vestibulares.<\/span><\/span><\/p>\n<p style=\"text-align: justify;\"><b><i>Renato Alves<\/i><\/b><i><span style=\"font-weight: 400;\"> \u00e9 escritor, pesquisador e primeiro brasileiro a receber o t\u00edtulo oficial de melhor mem\u00f3ria do Brasil. Autor de um m\u00e9todo patenteado de memoriza\u00e7\u00e3o que ganhou reconhecimento nacional e j\u00e1 est\u00e1 presente em mais de 100 pa\u00edses.<\/span><\/i><\/p>\n<p style=\"text-align: justify;\"><span style=\"font-weight: 400;\">Quer ter acesso \u00e0 outras informa\u00e7\u00f5es? <\/span><a href=\"https:\/\/www.facebook.com\/RenatoAlvesOficial\"><span style=\"font-weight: 400;\">Curta e siga a minha fanpage no Facebook<\/span><\/a><span style=\"font-weight: 400;\"> e tamb\u00e9m <\/span><a href=\"http:\/\/www.youtube.com\/videosmemoria\/videos?sub_confirmation=1\"><span style=\"font-weight: 400;\">inscreva-se no meu canal no Youtube.<\/span><\/a><\/p>\n<p style=\"text-align: justify;\"><a href=\"https:\/\/estudomemorizacao.com.br\" target=\"_blank\" rel=\"noopener noreferrer\"><img fetchpriority=\"high\" decoding=\"async\" class=\"wp-image-2516 size-full aligncenter\" src=\"\/\/renatoalves.com.br\/blog\/wp-content\/uploads\/2015\/02\/banner_EM.jpg\" alt=\"Curso Estudo e Memoriza\u00e7\u00e3o\" width=\"3002\" height=\"353\" \/><\/a><\/p>\n<p style=\"text-align: justify;\">\n","protected":false},"excerpt":{"rendered":"<p>Como conciliar trabalho e estudo, voc\u00ea sabe? Na realidade nunca foi algo f\u00e1cil, mas n\u00e3o \u00e9 algo imposs\u00edvel. A realiza\u00e7\u00e3o dos nossos sonhos nos faz enfrentar caminhos dif\u00edceis, cansativos e que exigem o m\u00e1ximo de nossos esfor\u00e7os. Quem estuda e trabalha ao mesmo tempo sabe muito bem o que isso significa. \u00c9 comum que a [&hellip;]<\/p>\n","protected":false},"author":24,"featured_media":1257,"comment_status":"open","ping_status":"open","sticky":false,"template":"","format":"standard","meta":{"footnotes":""},"categories":[262],"tags":[60,65,66,84,75,112,46,98,67,70,74,119,120,55,95,117,118,116],"class_list":["post-1256","post","type-post","status-publish","format-standard","has-post-thumbnail","hentry","category-estudo-e-desenvolvimento","tag-como-estudar","tag-como-estudar-para-concurso","tag-como-estudar-para-o-enem","tag-como-fazer-um-plano-de-estudo","tag-como-passar-em-concurso","tag-concurso-publico","tag-curso-de-memorizacao-online","tag-curso-online-renato-alves","tag-dicas-de-memorizacao","tag-dicas-memorizacao","tag-metodo-renato-alves","tag-ordem","tag-otimizar-tempo","tag-renato-alves","tag-renato-alves-memorizacao","tag-rotina","tag-rotina-nos-estudos","tag-trabalho-e-estudo"],"_links":{"self":[{"href":"https:\/\/renatoalves.com.br\/blog\/wp-json\/wp\/v2\/posts\/1256","targetHints":{"allow":["GET"]}}],"collection":[{"href":"https:\/\/renatoalves.com.br\/blog\/wp-json\/wp\/v2\/posts"}],"about":[{"href":"https:\/\/renatoalves.com.br\/blog\/wp-json\/wp\/v2\/types\/post"}],"author":[{"embeddable":true,"href":"https:\/\/renatoalves.com.br\/blog\/wp-json\/wp\/v2\/users\/24"}],"replies":[{"embeddable":true,"href":"https:\/\/renatoalves.com.br\/blog\/wp-json\/wp\/v2\/comments?post=1256"}],"version-history":[{"count":4,"href":"https:\/\/renatoalves.com.br\/blog\/wp-json\/wp\/v2\/posts\/1256\/revisions"}],"predecessor-version":[{"id":7388,"href":"https:\/\/renatoalves.com.br\/blog\/wp-json\/wp\/v2\/posts\/1256\/revisions\/7388"}],"wp:featuredmedia":[{"embeddable":true,"href":"https:\/\/renatoalves.com.br\/blog\/wp-json\/wp\/v2\/media\/1257"}],"wp:attachment":[{"href":"https:\/\/renatoalves.com.br\/blog\/wp-json\/wp\/v2\/media?parent=1256"}],"wp:term":[{"taxonomy":"category","embeddable":true,"href":"https:\/\/renatoalves.com.br\/blog\/wp-json\/wp\/v2\/categories?post=1256"},{"taxonomy":"post_tag","embeddable":true,"href":"https:\/\/renatoalves.com.br\/blog\/wp-json\/wp\/v2\/tags?post=1256"}],"curies":[{"name":"wp","href":"https:\/\/api.w.org\/{rel}","templated":true}]}}