{"id":1262,"date":"2016-10-30T11:32:16","date_gmt":"2016-10-30T14:32:16","guid":{"rendered":"http:\/\/renatoalves.com.br\/blog\/?p=1262"},"modified":"2020-11-20T11:48:32","modified_gmt":"2020-11-20T14:48:32","slug":"tudo-sobre-ansiedade","status":"publish","type":"post","link":"https:\/\/renatoalves.com.br\/blog\/tudo-sobre-ansiedade\/","title":{"rendered":"Tudo sobre ansiedade: tire aqui suas d\u00favidas!"},"content":{"rendered":"<p style=\"text-align: justify;\">Tudo sobre ansiedade, tudo come\u00e7a com uma simples preocupa\u00e7\u00e3o:<\/p>\n<p style=\"text-align: justify;\"><em>&#8220;Tenho um\u00a0concurso p\u00fablico daqui a uma semana&#8221;<\/em><\/p>\n<h2>Saiba tudo sobre ansiedade e seja feliz<\/h2>\n<p style=\"text-align: justify;\"><strong>Voc\u00ea\u00a0alimenta esta preocupa\u00e7\u00e3o e inesperadamente ela se transforma em\u00a0ang\u00fastia. Voc\u00ea sofre por antecipa\u00e7\u00e3o e n\u00e3o consegue mais se\u00a0concentrar nos estudos.<\/strong><\/p>\n<p style=\"text-align: justify;\">As horas passam e voc\u00ea sente dores de cabe\u00e7a, os m\u00fasculos das costas enrijecem e para completar a metamorfose, a ang\u00fastia vira\u00a0o monstro da ansiedade, que paralisa seus estudos, escraviza sua mente, toma conta dos seus pensamentos e bloqueia\u00a0a sua mem\u00f3ria.<\/p>\n<p style=\"text-align: justify;\">A terapia cognitiva\u00a0mostrou que de 80 a 90% dos nossos pensamentos s\u00e3o considerados in\u00fateis, repetitivos, negativos, carregados de medo, preocupa\u00e7\u00e3o, ansiedade.<\/p>\n<p style=\"text-align: justify;\">Se sua cabe\u00e7a est\u00e1 cheia de pensamentos negativos e voc\u00ea n\u00e3o consegue focar nos estudos \u00e9 bem prov\u00e1vel que voc\u00ea esteja ansioso. Para tratar desse problema de forma assertiva, \u00e9 importante, antes,\u00a0que se saiba tudo sobre a ansiedade e suas manifesta\u00e7\u00f5es.<\/p>\n<p style=\"text-align: justify;\"><strong>Muitas vezes, pequenas cobran\u00e7as viram uma bola de neve na nossa mente<\/strong>, interferindo no nosso desempenho, nos tornando dispersos e estressados. Neste artigo, explicarei mais sobre esse transtorno e darei algumas dicas para que ele n\u00e3o interfira nos seus estudos e no desempenho da sua mem\u00f3ria.<\/p>\n<p style=\"text-align: justify;\"><a href=\"\/\/renatoalves.com.br\/blog\/wp-content\/uploads\/2016\/10\/tudo-sobre-ansiedade-tire-aqui-suas-duvidas.jpg\"><img fetchpriority=\"high\" decoding=\"async\" class=\"aligncenter size-full wp-image-1263\" src=\"\/\/renatoalves.com.br\/blog\/wp-content\/uploads\/2016\/10\/tudo-sobre-ansiedade-tire-aqui-suas-duvidas.jpg\" alt=\"tudo-sobre-ansiedade-tire-aqui-suas-duvidas\" width=\"1000\" height=\"667\" srcset=\"https:\/\/renatoalves.com.br\/blog\/wp-content\/uploads\/2016\/10\/tudo-sobre-ansiedade-tire-aqui-suas-duvidas.jpg 1000w, https:\/\/renatoalves.com.br\/blog\/wp-content\/uploads\/2016\/10\/tudo-sobre-ansiedade-tire-aqui-suas-duvidas-300x200.jpg 300w\" sizes=\"(max-width: 1000px) 100vw, 1000px\" \/><\/a><\/p>\n<h2 style=\"text-align: justify;\">Tudo sobre ansiedade: o\u00a0que \u00e9,\u00a0o que causa e quais os sintomas<\/h2>\n<p style=\"text-align: justify;\"><strong>\u00c9 importante entender que todos estamos sujeitos \u00e0 ansiedade<\/strong>, posso dizer que ela \u00e9 um mal necess\u00e1rio, um estado mental que pode ser desencadeado por diversos fatores, como\u00a0acidentes traum\u00e1ticos, conflitos,\u00a0choques intensos,\u00a0estresse ou press\u00f5es di\u00e1rias geradas por um padr\u00e3o de pensamento, como uma preocupa\u00e7\u00e3o com a prova de amanh\u00e3. A ansiedade\u00a0se manifesta de formas diferentes em cada um.<\/p>\n<p style=\"text-align: justify;\">Todo mundo fica nervoso ou ansioso\u00a0ao falar em p\u00fablico, antes de realizar aquela prova t\u00e3o esperada, come\u00e7ar no emprego novo ou diante de alguma dificuldade financeira, n\u00e3o \u00e9 mesmo?\u00a0S\u00e3o situa\u00e7\u00f5es comuns que precisamos superar no dia a dia, por\u00e9m, para algumas pessoas, a expectativa em torno delas se torna excessiva, acentuando algumas inseguran\u00e7as e interferindo no bem-estar.\u00a0<strong>\u00c9 quando\u00a0a ansiedade se torna frequente e\u00a0come\u00e7a a afetar negativamente nossas vidas que temos um problema<\/strong>.<\/p>\n<p style=\"text-align: justify;\">A ansiedade \u00e9\u00a0caracterizada\u00a0como uma doen\u00e7a ps\u00edquica e passa a preocupar quando\u00a0aparece na forma\u00a0de\u00a0fobias, ansiedade social, ataques de p\u00e2nico, sudorese, dores de cabe\u00e7a, tens\u00f5es musculares,\u00a0vertigens, n\u00e1useas, perda de voz s\u00fabita e sensa\u00e7\u00e3o de medo constante.<\/p>\n<p style=\"text-align: center;\">[inf_infusionsoft_inline optin_id=optin_1]<\/p>\n<p style=\"text-align: justify;\">Al\u00e9m disso,\u00a0ela pode se associar a outras doen\u00e7as, como as cardiovasculares ou respirat\u00f3rias, e prejudicar ainda mais a sua sa\u00fade f\u00edsica e psicol\u00f3gica.\u00a0O consumo abusivo de determinados alimentos, como a cafe\u00edna, e de alguns medicamentos, como sedativos, alucin\u00f3genos e estimulantes, tamb\u00e9m pode\u00a0influenciar e desencadear crises de ang\u00fastia.<\/p>\n<h2 style=\"text-align: justify;\">Ansiedade:\u00a0uma das\u00a0principais inimigas da mem\u00f3ria<\/h2>\n<p style=\"text-align: justify;\">Quando n\u00e3o tratada, a preocupa\u00e7\u00e3o excessiva, at\u00e9 com coisas banais da rotina,\u00a0gera\u00a0pensamentos nocivos\u00a0que duram horas e, \u00e0s vezes, dias.\u00a0A ang\u00fastia e a preocupa\u00e7\u00e3o interferem em suas tarefas e afazeres, a fatiga aumenta e a sensa\u00e7\u00e3o de incapacidade toma conta de voc\u00ea.\u00a0\u00c9 nesse momento que outro grande inimigo da <a href=\"\/\/renatoalves.com.br\/blog\/?p=1040\" target=\"_blank\" rel=\"noopener noreferrer\">mem\u00f3ria<\/a>\u00a0aparece: o estresse. Juntos, eles promovem a <strong>libera\u00e7\u00e3o do cortisol<\/strong>, tamb\u00e9m conhecido como o <strong>horm\u00f4nio do estresse<\/strong>, que, em excesso, atrofia\u00a0o hipocampo, regi\u00e3o do c\u00e9rebro onde s\u00e3o processadas nossas lembran\u00e7as e conhecimentos adquiridos.<\/p>\n<p style=\"text-align: justify;\">Portanto, a ansiedade\u00a0dificulta a concentra\u00e7\u00e3o, o que, consequentemente, atrapalha a <a href=\"http:\/\/www.renatoalves.com.br\">memoriza\u00e7\u00e3o<\/a>. Voc\u00ea passa a esquecer\u00a0coisas simples, como nomes de conhecidos, telefones, onde deixou suas coisas,\u00a0al\u00e9m de se distrair\u00a0com facilidade e se confundir frequentemente.<\/p>\n<h2 style=\"text-align: justify;\">Como a ansiedade prejudica os seus\u00a0estudos<\/h2>\n<p style=\"text-align: justify;\"><strong>Quando sua mem\u00f3ria \u00e9 afetada e voc\u00ea passa a ter dificuldades em aprender coisas novas e reter conhecimentos, isso afeta os seus estudos<\/strong>.\u00a0O comprometimento com a vida acad\u00eamica \u00e9 reduzido, h\u00e1 um claro aumento da sensa\u00e7\u00e3o de sobrecarga de conte\u00fado, sua autoestima diminui e o seu rendimento cai drasticamente.\u00a0A situa\u00e7\u00e3o de estresse s\u00f3 ir\u00e1 aumentar \u00e0\u00a0medida que\u00a0a press\u00e3o for crescendo.<\/p>\n<p style=\"text-align: justify;\">E se voc\u00ea estabeleceu um\u00a0<a href=\"\/\/renatoalves.com.br\/blog\/?p=694\" target=\"_blank\" rel=\"noopener noreferrer\">plano de estudo<\/a> e pretende realizar um concurso\u00a0a fim de dar um passo a mais na vida e crescer financeiramente, sabe que\u00a0que a ansiedade ser\u00e1 a sua principal inimiga ao longo desse processo, porque al\u00e9m de provocar isolamento, desist\u00eancia e, em casos mais graves, depress\u00e3o, ela bloqueia a sua mem\u00f3ria. Sem mem\u00f3ria n\u00e3o h\u00e1 estudo que se sustente, n\u00e3o \u00e9 verdade?<\/p>\n<p style=\"text-align: justify;\">Mas n\u00e3o se deixe abater por essa situa\u00e7\u00e3o, pois trago uma boa not\u00edcia para voc\u00ea: a ansiedade, por mais complexa que pare\u00e7a, pode ser tratada.<\/p>\n<h2 style=\"text-align: justify;\"><a href=\"\/\/renatoalves.com.br\/blog\/wp-content\/uploads\/2016\/10\/ansiedade.jpg\"><img decoding=\"async\" class=\"aligncenter wp-image-1265\" src=\"\/\/renatoalves.com.br\/blog\/wp-content\/uploads\/2016\/10\/ansiedade.jpg\" alt=\"ansiedade\" width=\"346\" height=\"473\" srcset=\"https:\/\/renatoalves.com.br\/blog\/wp-content\/uploads\/2016\/10\/ansiedade.jpg 586w, https:\/\/renatoalves.com.br\/blog\/wp-content\/uploads\/2016\/10\/ansiedade-220x300.jpg 220w\" sizes=\"(max-width: 346px) 100vw, 346px\" \/><\/a><\/h2>\n<h2 style=\"text-align: justify;\"><\/h2>\n<h2 style=\"text-align: justify;\">Alguns passos simples para entender tudo sobre ansiedade<\/h2>\n<p style=\"text-align: justify;\">Se voc\u00ea percebeu que est\u00e1 ansioso e enfrenta\u00a0problemas por causa disso, saiba que a solu\u00e7\u00e3o est\u00e1 em ensinar ao seu c\u00e9rebro a responder de maneira diferente \u00e0s preocupa\u00e7\u00f5es.<\/p>\n<p style=\"text-align: justify;\">Determina\u00e7\u00e3o e persist\u00eancia s\u00e3o fundamentais. Voc\u00ea tamb\u00e9m precisar\u00e1 rever sua rotina e a\u00a0sua alimenta\u00e7\u00e3o. Confira, abaixo,\u00a0algumas dicas importantes para\u00a0ajudar nesse processo:<\/p>\n<h3 style=\"text-align: justify;\">Pratique exerc\u00edcios f\u00edsicos<\/h3>\n<p style=\"text-align: justify;\"><strong>Exercitar-se, correr, lutar, dan\u00e7ar ou malhar\u00a0diariamente<\/strong> podem ser uma \u00f3tima v\u00e1lvula de escape para aliviar as tens\u00f5es acumuladas e eliminar o estresse, pois\u00a0al\u00e9m de distrair a mente, a pr\u00e1tica de exerc\u00edcios f\u00edsicos libera endorfinas na corrente sangu\u00ednea e promove o bem-estar.<\/p>\n<h3 style=\"text-align: justify;\">Valorize o seu sono<\/h3>\n<p style=\"text-align: justify;\">Pessoas ansiosas costumam ter ins\u00f4nia e acabam desperdi\u00e7ando horas importantes de descanso premeditando eventos futuros, o que as deixa cansadas, irritadi\u00e7as e indispostas no dia seguinte.<\/p>\n<p style=\"text-align: justify;\">Por isso, evite cair nesse erro!\u00a0<strong>Dormir bem, em m\u00e9dia oito horas por dia<\/strong>, \u00e9 essencial para a nossa sa\u00fade e para a consolida\u00e7\u00e3o do aprendizado ao longo do dia e <a href=\"\/\/renatoalves.com.br\/blog\/?p=795\" target=\"_blank\" rel=\"noopener noreferrer\">reten\u00e7\u00e3o da mem\u00f3ria<\/a>.<\/p>\n<h3 style=\"text-align: justify;\">Aprenda a relaxar<\/h3>\n<p style=\"text-align: justify;\">Quando estou ansioso e sinto que meu corpo entra em um estado de &#8220;lutar ou fugir&#8221;, tensionando os m\u00fasculos, acelerando a respira\u00e7\u00e3o e os meus batimentos card\u00edacos eu imediatamente respiro fundo e relaxo todos os meus m\u00fasculos.<\/p>\n<p style=\"text-align: justify;\">Quando voc\u00ea est\u00e1 relaxado, acontece o contr\u00e1rio, portanto \u00e9 imposs\u00edvel sentir os dois estados ao mesmo tempo.\u00a0<strong>Algumas t\u00e9cnicas de relaxamento podem ser muito \u00fateis para te ajudar a regular a sua ansiedade<\/strong>, como meditar, praticar yoga, respirar profundamente e\u00a0alongar-se.<\/p>\n<h3 style=\"text-align: justify;\">Adote uma alimenta\u00e7\u00e3o saud\u00e1vel<\/h3>\n<p style=\"text-align: justify;\"><strong>Aprenda a se alimentar regularmente e de forma saud\u00e1vel<\/strong>. A alimenta\u00e7\u00e3o tem papel importante contra a ansiedade e diversas outras doen\u00e7as que podem te afetar.<\/p>\n<p style=\"text-align: justify;\">\u00c9 importante, como dito anteriormente, evitar cafe\u00edna e tamb\u00e9m cortar a ingest\u00e3o de a\u00e7\u00facar, que pode te deixar irritado e aumentar os n\u00edveis de preocupa\u00e7\u00e3o.\u00a0Procure ingerir produtos integrais, fibras e alimentos ricos em \u00f4mega 3, como peixes.<\/p>\n<p style=\"text-align: justify;\">Outra dica importante \u00e9 a inclus\u00e3o de ervas na sua rotina. Voc\u00ea pode fazer ch\u00e1s de\u00a0camomila, erva-cidreira, alecrim e passiflora, entre outras, que possuem efeitos calmantes, sedativos e terap\u00eauticos no combate ao estresse.<\/p>\n<h3 style=\"text-align: justify;\">Tire um momento s\u00f3 pra voc\u00ea<\/h3>\n<p style=\"text-align: justify;\">De tudo sobre ansiedade que pode ser dito, creio que ela piora quando nos deixamos sucumbir em preocupa\u00e7\u00f5es e estresse.<\/p>\n<p style=\"text-align: justify;\">Quando voc\u00ea sentir que sua rotina est\u00e1 corrida e agitada demais, que est\u00e1 ansioso,\u00a0com dificuldades para estudar e se concentrar, ou que pensamentos catastr\u00f3ficos e negativos est\u00e3o tomando conta da sua mente, <strong>tire um momento s\u00f3 para si.<\/strong><\/p>\n<p style=\"text-align: justify;\">V\u00e1 ao cinema, \u00e0 praia, marque um passeio com seus amigos ou familiares, saia para dan\u00e7ar, <a href=\"http:\/\/www.humanoeditora.com.br\/o-cerebro-com-foco-e-disciplina-p70\">leia um livro<\/a> ou assista a\u00a0uma s\u00e9rie, n\u00e3o importa. Apenas fa\u00e7a algo que voc\u00ea goste e que te distraia. Isso \u00e9 fundamental para te ajudar a relaxar e aliviar seus pensamentos.<\/p>\n<p style=\"text-align: justify;\">N\u00e3o \u00e9 poss\u00edvel ter\u00a0controle tudo sobre ansiedade, mas voc\u00ea pode, sim, dominar a sua mente e torn\u00e1-la saud\u00e1vel e equilibrada. Se a prova \u00e9 daqui a uma semana, ent\u00e3o ao inv\u00e9s de ficar ansioso pergunte: O\u00a0que posso fazer agora sobre isto? Com certeza algo dentro de voc\u00ea vai lhe mostrar o melhor caminho.<\/p>\n<p style=\"text-align: justify;\">E agora que voc\u00ea entendeu tudo sobre ansiedade e como funciona esse transtorno, que tal se aprofundar um pouco mais no assunto e\u00a0<a href=\"\/\/renatoalves.com.br\/blog\/?p=1125\" target=\"_blank\" rel=\"noopener noreferrer\">vencer de vez a ansiedade que paralisa?<\/a><\/p>\n<hr \/>\n<p style=\"text-align: justify;\"><strong>Acesse abaixo a vers\u00e3o em audio deste post e fa\u00e7a o <em>download<\/em> para escutar as dicas do professor Renato Alves sempre que desejar.<\/strong><\/p>\n<p style=\"text-align: justify;\"><iframe src=\"https:\/\/w.soundcloud.com\/player\/?url=https%3A\/\/api.soundcloud.com\/tracks\/297570688&amp;color=ff5500&amp;auto_play=false&amp;hide_related=false&amp;show_comments=true&amp;show_user=true&amp;show_reposts=false\" width=\"100%\" height=\"166\" frameborder=\"no\" scrolling=\"no\"><\/iframe><\/p>\n<hr \/>\n<p style=\"text-align: justify;\">Sucesso sempre!<\/p>\n<p style=\"text-align: justify;\"><strong>Ps.1:\u00a0<\/strong>Voc\u00ea sente dificuldade de memorizar e se lembrar de coisas do dia a dia? Gostaria de convidar voc\u00ea a conhecer o meu\u00a0<a class=\"\" href=\"https:\/\/memoriablindada.com.br\" target=\"_blank\" rel=\"noopener noreferrer\">curso\u00a0Mem\u00f3ria Blindada.<\/a><\/p>\n<p style=\"text-align: justify;\">H\u00e1 mais de 20 anos ensino este m\u00e9todo de memoriza\u00e7\u00e3o, que j\u00e1 est\u00e1 presente em mais de 100 pa\u00edses e tem 97% de avalia\u00e7\u00e3o positiva. D\u00ea uma olhadinha nos depoimentos dos nossos alunos:<\/p>\n<p style=\"text-align: center;\"><a href=\"\/\/renatoalves.com.br\/depoimentos.html\">\u00bb Clique Aqui\u00a0e assista alguns depoimentos de alunos do curso\u00a0\u00ab<\/a><\/p>\n<p style=\"text-align: justify;\">Nas videoaulas eu explico de maneira bem objetiva, todas as estrat\u00e9gias que utilizo para n\u00e3o esquecer de nada e me ajudaram a ganhar o t\u00edtulo de melhor mem\u00f3ria do Brasil.<\/p>\n<p style=\"text-align: justify;\">Acredito tanto na efici\u00eancia do m\u00e9todo que s<span style=\"font-size: 1rem;\">e em 7 dias voc\u00ea\u00a0 n\u00e3o notar melhoras no seu n\u00edvel de memoriza\u00e7\u00e3o, eu assumirei total responsabilidade e devolverei 100% do seu investimento. O que voc\u00ea acha?<\/span><\/p>\n<p style=\"text-align: center;\"><a class=\"\" href=\"https:\/\/memoriablindada.com.br\" target=\"_blank\" rel=\"noopener noreferrer\">Clique aqui e saiba mais sobre o treinamento!<\/a><\/p>\n<p style=\"text-align: justify;\"><span style=\"font-weight: 400;\">Viva bem. Lembre bem.<\/span><\/p>\n<p style=\"text-align: justify;\"><span style=\"font-weight: 400;\">At\u00e9 a pr\u00f3xima.<\/span><\/p>\n<p style=\"text-align: justify;\"><strong>Renato Alves<\/strong>\u00a0\u00e9 escritor, pesquisador e primeiro brasileiro a receber o t\u00edtulo oficial de melhor mem\u00f3ria do Brasil. Autor de um m\u00e9todo patenteado de memoriza\u00e7\u00e3o que ganhou reconhecimento nacional e j\u00e1 est\u00e1 presente em mais de 100 pa\u00edses.<\/p>\n<p><strong>Ps.2:\u00a0<\/strong>Quer ter acesso \u00e0 outras informa\u00e7\u00f5es?\u00a0<a href=\"https:\/\/www.facebook.com\/RenatoAlvesOficial\">Curta e siga a minha fanpage no Facebook<\/a>\u00a0e tamb\u00e9m\u00a0<a href=\"http:\/\/www.youtube.com\/videosmemoria\/videos?sub_confirmation=1\">inscreva-se no meu canal no Youtube.<\/a><\/p>\n<p><a class=\"\" href=\"https:\/\/memoriablindada.com.br\" target=\"_blank\" rel=\"noopener noreferrer\"><img decoding=\"async\" class=\"aligncenter wp-image-5387 size-full\" src=\"https:\/\/renatoalves.com.br\/blog\/wp-content\/uploads\/2018\/06\/blindada.jpg\" alt=\"\" width=\"3002\" height=\"353\" srcset=\"https:\/\/renatoalves.com.br\/blog\/wp-content\/uploads\/2018\/06\/blindada.jpg 2560w, https:\/\/renatoalves.com.br\/blog\/wp-content\/uploads\/2018\/06\/blindada-300x35.jpg 300w, https:\/\/renatoalves.com.br\/blog\/wp-content\/uploads\/2018\/06\/blindada-768x90.jpg 768w, https:\/\/renatoalves.com.br\/blog\/wp-content\/uploads\/2018\/06\/blindada-1024x120.jpg 1024w, https:\/\/renatoalves.com.br\/blog\/wp-content\/uploads\/2018\/06\/blindada-610x72.jpg 610w\" sizes=\"(max-width: 3002px) 100vw, 3002px\" \/><\/a><\/p>\n","protected":false},"excerpt":{"rendered":"<p>Tudo sobre ansiedade, tudo come\u00e7a com uma simples preocupa\u00e7\u00e3o: &#8220;Tenho um\u00a0concurso p\u00fablico daqui a uma semana&#8221; Saiba tudo sobre ansiedade e seja feliz Voc\u00ea\u00a0alimenta esta preocupa\u00e7\u00e3o e inesperadamente ela se transforma em\u00a0ang\u00fastia. Voc\u00ea sofre por antecipa\u00e7\u00e3o e n\u00e3o consegue mais se\u00a0concentrar nos estudos. As horas passam e voc\u00ea sente dores de cabe\u00e7a, os m\u00fasculos das [&hellip;]<\/p>\n","protected":false},"author":24,"featured_media":1264,"comment_status":"open","ping_status":"open","sticky":false,"template":"","format":"standard","meta":{"footnotes":""},"categories":[262,264],"tags":[41,105,145,56,45,46,86,212,98,43,111,21,55,95],"class_list":["post-1262","post","type-post","status-publish","format-standard","has-post-thumbnail","hentry","category-estudo-e-desenvolvimento","category-saude-e-qualidade-de-vida","tag-alzheimer","tag-ansiedade","tag-boa-memoria","tag-branco-na-memoria","tag-curso-de-memorizacao","tag-curso-de-memorizacao-online","tag-curso-estudo-e-memorizacao","tag-curso-memoria-blindada","tag-curso-online-renato-alves","tag-foco","tag-metodo","tag-neutralizar-a-ansiedade","tag-renato-alves","tag-renato-alves-memorizacao"],"_links":{"self":[{"href":"https:\/\/renatoalves.com.br\/blog\/wp-json\/wp\/v2\/posts\/1262","targetHints":{"allow":["GET"]}}],"collection":[{"href":"https:\/\/renatoalves.com.br\/blog\/wp-json\/wp\/v2\/posts"}],"about":[{"href":"https:\/\/renatoalves.com.br\/blog\/wp-json\/wp\/v2\/types\/post"}],"author":[{"embeddable":true,"href":"https:\/\/renatoalves.com.br\/blog\/wp-json\/wp\/v2\/users\/24"}],"replies":[{"embeddable":true,"href":"https:\/\/renatoalves.com.br\/blog\/wp-json\/wp\/v2\/comments?post=1262"}],"version-history":[{"count":2,"href":"https:\/\/renatoalves.com.br\/blog\/wp-json\/wp\/v2\/posts\/1262\/revisions"}],"predecessor-version":[{"id":7073,"href":"https:\/\/renatoalves.com.br\/blog\/wp-json\/wp\/v2\/posts\/1262\/revisions\/7073"}],"wp:featuredmedia":[{"embeddable":true,"href":"https:\/\/renatoalves.com.br\/blog\/wp-json\/wp\/v2\/media\/1264"}],"wp:attachment":[{"href":"https:\/\/renatoalves.com.br\/blog\/wp-json\/wp\/v2\/media?parent=1262"}],"wp:term":[{"taxonomy":"category","embeddable":true,"href":"https:\/\/renatoalves.com.br\/blog\/wp-json\/wp\/v2\/categories?post=1262"},{"taxonomy":"post_tag","embeddable":true,"href":"https:\/\/renatoalves.com.br\/blog\/wp-json\/wp\/v2\/tags?post=1262"}],"curies":[{"name":"wp","href":"https:\/\/api.w.org\/{rel}","templated":true}]}}