{"id":141,"date":"2025-04-28T16:28:48","date_gmt":"2025-04-28T19:28:48","guid":{"rendered":"http:\/\/www.renatoalves.com.br\/blog\/?p=141"},"modified":"2025-04-28T16:28:52","modified_gmt":"2025-04-28T19:28:52","slug":"quem-e-mais-importante-memoria-ou-a-inteligencia","status":"publish","type":"post","link":"https:\/\/renatoalves.com.br\/blog\/quem-e-mais-importante-memoria-ou-a-inteligencia\/","title":{"rendered":"Quem \u00e9 mais importante: a mem\u00f3ria ou a intelig\u00eancia?"},"content":{"rendered":"\n<p>Ao longo da minha jornada como pesquisador da mente humana, essa pergunta sempre surgiu em palestras, entrevistas e conversas com alunos: <strong>afinal, o que \u00e9 mais importante para o sucesso \u2014 a mem\u00f3ria ou a intelig\u00eancia?<\/strong><\/p>\n\n\n\n<p>A resposta, como veremos, \u00e9 mais profunda do que parece.<\/p>\n\n\n\n<h2 class=\"wp-block-heading\"><strong>Entendendo mem\u00f3ria e intelig\u00eancia<\/strong><\/h2>\n\n\n\n<h3 class=\"wp-block-heading\"><strong>O que \u00e9 mem\u00f3ria?<\/strong><\/h3>\n\n\n\n<p><a href=\"https:\/\/renatoalves.com.br\/?utm_source=Blog&amp;utm_medium=st-ra&amp;utm_campaign=&amp;utm_content=quem-e-mais-importante-memoria-ou-a-inteligencia\" target=\"_blank\" rel=\"noreferrer noopener\">Mem\u00f3ria <\/a>\u00e9 a capacidade de adquirir, armazenar e recuperar informa\u00e7\u00f5es. Sem mem\u00f3ria, <strong>n\u00e3o conseguimos aprender, tomar decis\u00f5es, nem construir conhecimentos<\/strong>.<\/p>\n\n\n\n<h3 class=\"wp-block-heading\"><strong>O que \u00e9 intelig\u00eancia?<\/strong><\/h3>\n\n\n\n<p>Intelig\u00eancia \u00e9 a habilidade de resolver problemas, adaptar-se a novas situa\u00e7\u00f5es e utilizar o conhecimento de maneira eficaz.<\/p>\n\n\n\n<p><strong>Mem\u00f3ria e intelig\u00eancia n\u00e3o competem: elas se complementam.<\/strong><\/p>\n\n\n\n<h2 class=\"wp-block-heading\"><strong>Por que a mem\u00f3ria \u00e9 a base da intelig\u00eancia<\/strong><\/h2>\n\n\n\n<p>Imagine tentar resolver um problema sem lembrar conceitos b\u00e1sicos, experi\u00eancias anteriores ou dados importantes. Seria como tentar montar um quebra-cabe\u00e7a sem ter pe\u00e7as suficientes.<\/p>\n\n\n\n<p><strong>A mem\u00f3ria fornece a mat\u00e9ria-prima que a intelig\u00eancia utiliza para criar solu\u00e7\u00f5es.<\/strong><\/p>\n\n\n\n<p>Pessoas brilhantes s\u00e3o, em sua maioria, grandes memorizadoras: dominam informa\u00e7\u00f5es essenciais e conseguem aplic\u00e1-las de maneira criativa.<\/p>\n\n\n\n<h2 class=\"wp-block-heading\"><strong>A mem\u00f3ria estrat\u00e9gica: muito al\u00e9m da decoreba<\/strong><\/h2>\n\n\n\n<p><a href=\"https:\/\/renatoalves.com.br\/blog\/qual-a-diferenca-entre-memorizar-e-decorar\/\" target=\"_blank\" rel=\"noreferrer noopener\">Memorizar n\u00e3o \u00e9 decorar<\/a> sem sentido. Em meus cursos, ensino que <strong>mem\u00f3ria eficaz \u00e9 aquela que seleciona, organiza e torna acess\u00edvel o que \u00e9 relevante<\/strong>.<\/p>\n\n\n\n<p>Uma mem\u00f3ria bem treinada impulsiona a capacidade anal\u00edtica, o racioc\u00ednio r\u00e1pido e a criatividade.<\/p>\n\n\n\n<h2 class=\"wp-block-heading\"><strong>Um caso real para ilustrar<\/strong><\/h2>\n\n\n\n<p>Lembro-me de Lucas, um jovem concurseiro que se julgava &#8220;sem intelig\u00eancia&#8221;. Descobrimos que seu desafio era a falta de t\u00e9cnicas de memoriza\u00e7\u00e3o eficazes. Ap\u00f3s aprender m\u00e9todos como mapas mentais e associa\u00e7\u00e3o de ideias, seu desempenho disparou. Hoje, \u00e9 servidor p\u00fablico em cargo de alta responsabilidade.<\/p>\n\n\n\n<p><strong>Intelig\u00eancia \u00e9 a arte de usar a mem\u00f3ria de forma estrat\u00e9gica.<\/strong><\/p>\n\n\n\n<h2 class=\"wp-block-heading\"><strong>Como desenvolver mem\u00f3ria e intelig\u00eancia simultaneamente<\/strong><\/h2>\n\n\n\n<ul class=\"wp-block-list\">\n<li><strong>Pratique t\u00e9cnicas de memoriza\u00e7\u00e3o:<\/strong> associa\u00e7\u00e3o, repeti\u00e7\u00e3o espa\u00e7ada, visualiza\u00e7\u00e3o.<\/li>\n\n\n\n<li><strong>Exercite o racioc\u00ednio l\u00f3gico:<\/strong> resolva problemas, fa\u00e7a jogos mentais.<\/li>\n\n\n\n<li><strong>Mantenha a curiosidade ativa:<\/strong> aprenda algo novo todos os dias.<\/li>\n\n\n\n<li><strong>Cuide da sa\u00fade cerebral:<\/strong> alimenta\u00e7\u00e3o equilibrada, sono de qualidade e atividade f\u00edsica regular.<\/li>\n<\/ul>\n\n\n\n<p>E ent\u00e3o, voc\u00ea alguma vez j\u00e1 havia se perguntado se quem era mais importante a mem\u00f3ria ou a intelig\u00eancia? Deixe seu coment\u00e1rio abaixo e aproveite para conhecer o meu curso <a href=\"https:\/\/memoriablindada.com.br?utm_source=Blog&amp;utm_medium=pv-cmb&amp;utm_campaign=CMB&amp;utm_content=quem-e-mais-importante-memoria-ou-a-inteligencia\" target=\"_blank\" rel=\"noreferrer noopener\">Mem\u00f3ria Blindada<\/a> no treinamento eu ensino a aplica\u00e7\u00e3o pr\u00e1tica da memoriza\u00e7\u00e3o para o dia a dia.<\/p>\n\n\n\n<p>Nas videoaulas on-line eu explico de maneira simples e objetiva, todas as estrat\u00e9gias que utilizo para n\u00e3o esquecer de nada. Com esse curso voc\u00ea ser\u00e1 capaz de nunca mais esquecer nomes, rostos, data importantes etc.<\/p>\n\n\n\n<p class=\"has-text-align-center\"><a href=\"https:\/\/renatoalves.com.br\/acrobatas-da-memoria\/\"><strong>\u00bb Clique Aqui e assista alguns depoimentos de alunos do curso \u00ab<\/strong><\/a><\/p>\n\n\n\n<p>Adquira agora mesmo o curso <a href=\"https:\/\/memoriablindada.com.br?utm_source=Blog&amp;utm_medium=pv-cmb&amp;utm_campaign=CMB&amp;utm_content=quem-e-mais-importante-memoria-ou-a-inteligencia\" target=\"_blank\" rel=\"noreferrer noopener\">Mem\u00f3ria Blindada<\/a>, eu acredito tanto na efici\u00eancia do meu m\u00e9todo que al\u00e9m dos b\u00f4nus eu ainda lhe ofere\u00e7o uma garantia especial.<\/p>\n\n\n\n<p>Se em 7 dias, depois de aplicar o m\u00e9todo, voc\u00ea\u00a0 n\u00e3o notar melhoras, eu assumo total responsabilidade e devolverei 100% do seu investimento. Dessa forma voc\u00ea n\u00e3o corre nenhum risco. O que voc\u00ea acha? <a href=\"https:\/\/memoriablindada.com.br?utm_source=Blog&amp;utm_medium=pv-cmb&amp;utm_campaign=CMB&amp;utm_content=quem-e-mais-importante-memoria-ou-a-inteligencia\" target=\"_blank\" rel=\"noreferrer noopener\">Clique aqui e saiba mais sobre o treinamento!<\/a><\/p>\n\n\n\n<h2 class=\"wp-block-heading\"><strong>Leitura complementar recomendada<\/strong><\/h2>\n\n\n\n<p>Para impulsionar seu desenvolvimento mental, sugiro tamb\u00e9m:<\/p>\n\n\n\n<ul class=\"wp-block-list\">\n<li><a href=\"https:\/\/renatoalves.com.br\/blog\/como-desfrutar-de-uma-memoria-rapida\/\" target=\"_blank\" rel=\"noreferrer noopener\">Como conquistar uma mem\u00f3ria r\u00e1pida: estrat\u00e9gias para pensar melhor e aprender mais<\/a><\/li>\n\n\n\n<li><a href=\"https:\/\/renatoalves.com.br\/blog\/5-dicas-para-melhorar-a-memoria\/\" target=\"_blank\" rel=\"noreferrer noopener\">5 dicas para melhorar a mem\u00f3ria \u2013 Como ter um c\u00e9rebro jovem \u2013 Confira<\/a><\/li>\n<\/ul>\n\n\n\n<h2 class=\"wp-block-heading\"><strong>Perguntas frequentes (FAQ)<\/strong><\/h2>\n\n\n\n<h3 class=\"wp-block-heading\"><strong>\u00c9 poss\u00edvel ser inteligente sem ter boa mem\u00f3ria?<\/strong><\/h3>\n\n\n\n<p>Dificilmente. A intelig\u00eancia se apoia na capacidade de acessar informa\u00e7\u00f5es relevantes de maneira r\u00e1pida e eficaz.<\/p>\n\n\n\n<h3 class=\"wp-block-heading\"><strong>A mem\u00f3ria pode ser treinada?<\/strong><\/h3>\n\n\n\n<p>Sim. T\u00e9cnicas espec\u00edficas podem aprimorar a mem\u00f3ria em qualquer fase da vida.<\/p>\n\n\n\n<h3 class=\"wp-block-heading\"><strong>Existem exerc\u00edcios para desenvolver intelig\u00eancia?<\/strong><\/h3>\n\n\n\n<p>Sim. Racioc\u00ednio l\u00f3gico, criatividade e adaptabilidade podem ser treinados com pr\u00e1ticas regulares.<\/p>\n\n\n\n<h3 class=\"wp-block-heading\"><strong>A idade influencia na mem\u00f3ria e intelig\u00eancia?<\/strong><\/h3>\n\n\n\n<p>Com o est\u00edmulo certo, \u00e9 poss\u00edvel manter e at\u00e9 melhorar essas capacidades ao longo da vida.<\/p>\n\n\n\n<h3 class=\"wp-block-heading\"><strong>O que \u00e9 mais importante para passar em provas e concursos: mem\u00f3ria ou intelig\u00eancia?<\/strong><\/h3>\n\n\n\n<p>Ambos s\u00e3o fundamentais, mas uma mem\u00f3ria bem treinada proporciona maior seguran\u00e7a e rapidez na resolu\u00e7\u00e3o das quest\u00f5es.<\/p>\n\n\n\n<h2 class=\"wp-block-heading\"><strong>DICA B\u00d4NUS:&nbsp;<\/strong><\/h2>\n\n\n\n<p>Quer ter acesso a outras informa\u00e7\u00f5es? <a href=\"https:\/\/www.facebook.com\/RenatoAlvesOficial\" target=\"_blank\" rel=\"noreferrer noopener\">Curta e siga a minha fanpage no Facebook<\/a> e tamb\u00e9m <a href=\"http:\/\/www.youtube.com\/videosmemoria\/videos?sub_confirmation=1\" target=\"_blank\" rel=\"noreferrer noopener\">inscreva-se no meu canal no Youtube.<\/a><\/p>\n\n\n\n<figure class=\"wp-block-image aligncenter\"><a href=\"https:\/\/memoriablindada.com.br?utm_source=Blog&amp;utm_medium=pv-cmb&amp;utm_campaign=CMB&amp;utm_content=quem-e-mais-importante-memoria-ou-a-inteligencia\" target=\"_blank\" rel=\"noopener noreferrer\"><img fetchpriority=\"high\" decoding=\"async\" width=\"2560\" height=\"301\" src=\"\/\/renatoalves.com.br\/blog\/wp-content\/uploads\/2015\/02\/banner_MB.jpg\" alt=\"Curso Mem\u00f3ria Blindada\" class=\"wp-image-2519\" srcset=\"https:\/\/renatoalves.com.br\/blog\/wp-content\/uploads\/2015\/02\/banner_MB.jpg 2560w, https:\/\/renatoalves.com.br\/blog\/wp-content\/uploads\/2015\/02\/banner_MB-300x35.jpg 300w, https:\/\/renatoalves.com.br\/blog\/wp-content\/uploads\/2015\/02\/banner_MB-768x90.jpg 768w, https:\/\/renatoalves.com.br\/blog\/wp-content\/uploads\/2015\/02\/banner_MB-1024x120.jpg 1024w\" sizes=\"(max-width: 2560px) 100vw, 2560px\" \/><\/a><\/figure>\n\n\n\n<p><\/p>\n","protected":false},"excerpt":{"rendered":"<p>Quem \u00e9 mais importante: Mem\u00f3ria ou a intelig\u00eancia? <\/p>\n","protected":false},"author":24,"featured_media":2652,"comment_status":"open","ping_status":"open","sticky":false,"template":"","format":"standard","meta":{"footnotes":""},"categories":[264],"tags":[41,145,56,44,212,98,68,97,70,6,43,31,30,29],"class_list":["post-141","post","type-post","status-publish","format-standard","has-post-thumbnail","hentry","category-saude-e-qualidade-de-vida","tag-alzheimer","tag-boa-memoria","tag-branco-na-memoria","tag-concentracao","tag-curso-memoria-blindada","tag-curso-online-renato-alves","tag-curso-renato-alves","tag-cursos-para-a-memoria","tag-dicas-memorizacao","tag-evitar-esquecimentos","tag-foco","tag-ideias","tag-inteligencia","tag-memoria"],"_links":{"self":[{"href":"https:\/\/renatoalves.com.br\/blog\/wp-json\/wp\/v2\/posts\/141","targetHints":{"allow":["GET"]}}],"collection":[{"href":"https:\/\/renatoalves.com.br\/blog\/wp-json\/wp\/v2\/posts"}],"about":[{"href":"https:\/\/renatoalves.com.br\/blog\/wp-json\/wp\/v2\/types\/post"}],"author":[{"embeddable":true,"href":"https:\/\/renatoalves.com.br\/blog\/wp-json\/wp\/v2\/users\/24"}],"replies":[{"embeddable":true,"href":"https:\/\/renatoalves.com.br\/blog\/wp-json\/wp\/v2\/comments?post=141"}],"version-history":[{"count":5,"href":"https:\/\/renatoalves.com.br\/blog\/wp-json\/wp\/v2\/posts\/141\/revisions"}],"predecessor-version":[{"id":10080,"href":"https:\/\/renatoalves.com.br\/blog\/wp-json\/wp\/v2\/posts\/141\/revisions\/10080"}],"wp:featuredmedia":[{"embeddable":true,"href":"https:\/\/renatoalves.com.br\/blog\/wp-json\/wp\/v2\/media\/2652"}],"wp:attachment":[{"href":"https:\/\/renatoalves.com.br\/blog\/wp-json\/wp\/v2\/media?parent=141"}],"wp:term":[{"taxonomy":"category","embeddable":true,"href":"https:\/\/renatoalves.com.br\/blog\/wp-json\/wp\/v2\/categories?post=141"},{"taxonomy":"post_tag","embeddable":true,"href":"https:\/\/renatoalves.com.br\/blog\/wp-json\/wp\/v2\/tags?post=141"}],"curies":[{"name":"wp","href":"https:\/\/api.w.org\/{rel}","templated":true}]}}