{"id":150,"date":"2025-04-29T05:34:05","date_gmt":"2025-04-29T08:34:05","guid":{"rendered":"http:\/\/www.renatoalves.com.br\/blog\/?p=150"},"modified":"2025-04-29T05:34:07","modified_gmt":"2025-04-29T08:34:07","slug":"mitos-sobre-a-memoria","status":"publish","type":"post","link":"https:\/\/renatoalves.com.br\/blog\/mitos-sobre-a-memoria\/","title":{"rendered":"Mitos sobre a mem\u00f3ria: descubra verdades que fortalecem sua mente"},"content":{"rendered":"\n<p>Ao longo de mais de duas d\u00e9cadas estudando a mente humana, encontrei diversos mitos que rondam a mem\u00f3ria \u2014 cren\u00e7as que, longe de ajudar, atrapalham o desenvolvimento do verdadeiro potencial mental.<\/p>\n\n\n\n<p><strong>Hoje, convido voc\u00ea a desvendar essas falsas ideias e dar um passo definitivo rumo a uma mem\u00f3ria forte e saud\u00e1vel.<\/strong><\/p>\n\n\n\n<h2 class=\"wp-block-heading\"><strong>Mito 1: &#8220;Mem\u00f3ria boa \u00e9 um dom de nascen\u00e7a&#8221;<\/strong><\/h2>\n\n\n\n<p>A realidade \u00e9 que <strong>a <a href=\"https:\/\/renatoalves.com.br\/?utm_source=Blog&amp;utm_medium=st-ra&amp;utm_campaign=&amp;utm_content=mitos-sobre-a-memoria\" target=\"_blank\" rel=\"noreferrer noopener\">mem\u00f3ria <\/a>\u00e9 uma habilidade trein\u00e1vel<\/strong>. Assim como fortalecemos m\u00fasculos na academia, podemos treinar o c\u00e9rebro com t\u00e9cnicas e const\u00e2ncia.<\/p>\n\n\n\n<p>Ningu\u00e9m nasce &#8220;condenado&#8221; a ter mem\u00f3ria ruim. O que faz diferen\u00e7a \u00e9 o m\u00e9todo e a pr\u00e1tica.<\/p>\n\n\n\n<h2 class=\"wp-block-heading\"><strong>Mito 2: &#8220;Com a idade, a mem\u00f3ria inevitavelmente piora&#8221;<\/strong><\/h2>\n\n\n\n<p>Embora o envelhecimento traga mudan\u00e7as naturais no c\u00e9rebro, <strong>a perda de mem\u00f3ria n\u00e3o \u00e9 inevit\u00e1vel<\/strong>. Com est\u00edmulo cont\u00ednuo, h\u00e1bitos saud\u00e1veis e t\u00e9cnicas adequadas, \u00e9 poss\u00edvel manter \u2014 e at\u00e9 melhorar \u2014 a capacidade de memoriza\u00e7\u00e3o em qualquer fase da vida.<\/p>\n\n\n\n<figure class=\"wp-block-embed is-type-rich is-provider-incorporar-manipulador wp-block-embed-incorporar-manipulador wp-embed-aspect-16-9 wp-has-aspect-ratio\"><div class=\"wp-block-embed__wrapper\">\n<iframe title=\"\u00c9 por isso que voc\u00ea N\u00c3O CONSEGUE SE CONCENTRAR (Ci\u00eancia Explica)\" width=\"800\" height=\"450\" src=\"https:\/\/www.youtube.com\/embed\/75UIX7QfryY?feature=oembed\" frameborder=\"0\" allow=\"accelerometer; autoplay; clipboard-write; encrypted-media; gyroscope; picture-in-picture; web-share\" referrerpolicy=\"strict-origin-when-cross-origin\" allowfullscreen><\/iframe>\n<\/div><\/figure>\n\n\n\n<h2 class=\"wp-block-heading\"><strong>Mito 3: &#8220;Quem esquece nomes ou datas tem problema de mem\u00f3ria&#8221;<\/strong><\/h2>\n\n\n\n<p>Esquecer informa\u00e7\u00f5es pontuais \u00e9 normal e pode estar ligado a fatores como distra\u00e7\u00e3o, excesso de tarefas ou estresse, e n\u00e3o necessariamente a problemas graves de mem\u00f3ria.<\/p>\n\n\n\n<p><strong>A aten\u00e7\u00e3o \u00e9 a porta de entrada da mem\u00f3ria. Sem aten\u00e7\u00e3o, n\u00e3o h\u00e1 registro.<\/strong><\/p>\n\n\n\n<h2 class=\"wp-block-heading\"><strong>Mito 4: &#8220;Decorar tudo \u00e9 sinal de intelig\u00eancia&#8221;<\/strong><\/h2>\n\n\n\n<p>Decorar informa\u00e7\u00f5es sem compreender o conte\u00fado gera mem\u00f3ria fr\u00e1gil. <strong>Mem\u00f3ria eficiente \u00e9 aquela que entende, organiza e relaciona conceitos<\/strong>, facilitando o resgate posterior.<\/p>\n\n\n\n<p>Aprender a estudar de forma ativa, usando t\u00e9cnicas como mapas mentais e associa\u00e7\u00e3o de ideias, potencializa a memoriza\u00e7\u00e3o de maneira natural e duradoura.<\/p>\n\n\n\n<h2 class=\"wp-block-heading\"><strong>Mito 5: &#8220;Tecnologia substitui a necessidade de boa mem\u00f3ria&#8221;<\/strong><\/h2>\n\n\n\n<p>Smartphones, assistentes virtuais e aplicativos ajudam, mas <strong>n\u00e3o substituem a capacidade natural do c\u00e9rebro de armazenar e processar informa\u00e7\u00f5es<\/strong>.<\/p>\n\n\n\n<p>A depend\u00eancia excessiva de tecnologia enfraquece a mem\u00f3ria natural. Use a tecnologia como suporte, n\u00e3o como muleta.<\/p>\n\n\n\n<h2 class=\"wp-block-heading\"><strong>Um exemplo real de supera\u00e7\u00e3o<\/strong><\/h2>\n\n\n\n<p>Lembro-me de Patr\u00edcia, aluna que acreditava ter &#8220;mem\u00f3ria fraca&#8221;. Ao aprender t\u00e9cnicas de visualiza\u00e7\u00e3o e repeti\u00e7\u00e3o espa\u00e7ada, desenvolveu uma capacidade memor\u00e1vel de lembrar datas, nomes e informa\u00e7\u00f5es de estudo. Hoje, atua com destaque em sua \u00e1rea profissional.<\/p>\n\n\n\n<p><strong>Transformar a mem\u00f3ria \u00e9 poss\u00edvel \u2014 basta entender e praticar corretamente.<\/strong><\/p>\n\n\n\n<p>E voc\u00ea acreditava em alguns dos mitos sobre a mem\u00f3ria? Deixe seu coment\u00e1rio abaixo e aproveite para conhecer o meu curso <a href=\"https:\/\/memoriablindada.com.br?utm_source=Blog&amp;utm_medium=pv-cmb&amp;utm_campaign=CMB&amp;utm_content=mitos-sobre-a-memoria\" target=\"_blank\" rel=\"noreferrer noopener\">Mem\u00f3ria Blindada<\/a> no treinamento eu ensino a aplica\u00e7\u00e3o pr\u00e1tica da memoriza\u00e7\u00e3o para o dia a dia.<\/p>\n\n\n\n<p>Nas videoaulas on-line eu explicado de maneira simples e objetiva, todas as estrat\u00e9gias que utilizo para n\u00e3o esquecer de nada. Lembrar rostos, nomes, datas, tarefas, lugares etc.<\/p>\n\n\n\n<p class=\"has-text-align-center\"><a href=\"https:\/\/renatoalves.com.br\/acrobatas-da-memoria\/\"><strong>\u00bb Clique Aqui e assista alguns depoimentos de alunos do curso \u00ab<\/strong><\/a><\/p>\n\n\n\n<p>Para que voc\u00ea adquira ainda hoje mesmo o curso <a href=\"https:\/\/memoriablindada.com.br?utm_source=Blog&amp;utm_medium=pv-cmb&amp;utm_campaign=CMB&amp;utm_content=mitos-sobre-a-memoria\" target=\"_blank\" rel=\"noreferrer noopener\">Mem\u00f3ria Blindada<\/a> e por acreditar tanto na efici\u00eancia do meu m\u00e9todo, al\u00e9m dos b\u00f4nus eu ainda lhe ofere\u00e7o uma garantia especial.<\/p>\n\n\n\n<p>Se em 7 dias, depois de aplicar o m\u00e9todo, voc\u00ea\u00a0 n\u00e3o notar melhoras, eu assumo total responsabilidade e devolverei 100% do seu investimento. O que voc\u00ea acha? <a href=\"https:\/\/memoriablindada.com.br?utm_source=Blog&amp;utm_medium=pv-cmb&amp;utm_campaign=CMB&amp;utm_content=mitos-sobre-a-memoria\" target=\"_blank\" rel=\"noreferrer noopener\">Clique aqui e saiba mais sobre o treinamento!<\/a><\/p>\n\n\n\n<h2 class=\"wp-block-heading\"><strong>Leitura complementar recomendada<\/strong><\/h2>\n\n\n\n<p>Para fortalecer ainda mais seu conhecimento, recomendo:<\/p>\n\n\n\n<ul class=\"wp-block-list\">\n<li><a href=\"https:\/\/renatoalves.com.br\/blog\/quem-e-mais-importante-memoria-ou-a-inteligencia\/\" target=\"_blank\" rel=\"noreferrer noopener\">Quem \u00e9 mais importante: a mem\u00f3ria ou a intelig\u00eancia?<\/a><\/li>\n\n\n\n<li><a href=\"https:\/\/renatoalves.com.br\/blog\/pare-de-dar-desculpas\/\" target=\"_blank\" rel=\"noreferrer noopener\">Pare de dar desculpas: assuma o controle da sua vida com estrat\u00e9gias pr\u00e1ticas<\/a><\/li>\n<\/ul>\n\n\n\n<h2 class=\"wp-block-heading\"><strong>Perguntas frequentes (FAQ)<\/strong><\/h2>\n\n\n\n<h3 class=\"wp-block-heading\"><strong>Todo esquecimento indica problema de mem\u00f3ria?<\/strong><\/h3>\n\n\n\n<p>N\u00e3o. Pequenos esquecimentos fazem parte da vida normal e geralmente est\u00e3o ligados \u00e0 falta de aten\u00e7\u00e3o ou estresse.<\/p>\n\n\n\n<h3 class=\"wp-block-heading\"><strong>Mem\u00f3ria pode ser treinada em qualquer idade?<\/strong><\/h3>\n\n\n\n<p>Sim. A neuroplasticidade permite o fortalecimento da mem\u00f3ria em todas as fases da vida.<\/p>\n\n\n\n<h3 class=\"wp-block-heading\"><strong>A tecnologia prejudica a mem\u00f3ria?<\/strong><\/h3>\n\n\n\n<p>O uso excessivo e passivo pode prejudicar, mas o uso consciente como ferramenta de apoio \u00e9 positivo.<\/p>\n\n\n\n<h3 class=\"wp-block-heading\"><strong>T\u00e9cnica de estudo melhora a mem\u00f3ria?<\/strong><\/h3>\n\n\n\n<p>Sim. M\u00e9todos como associa\u00e7\u00e3o de ideias, visualiza\u00e7\u00e3o e mapas mentais s\u00e3o comprovadamente eficazes.<\/p>\n\n\n\n<h3 class=\"wp-block-heading\"><strong>A alimenta\u00e7\u00e3o influencia na mem\u00f3ria?<\/strong><\/h3>\n\n\n\n<p>Sim. Uma dieta rica em nutrientes, antioxidantes e \u00f4mega-3 favorece a sa\u00fade cerebral.<\/p>\n\n\n\n<h2 class=\"wp-block-heading\"><strong>DICA B\u00d4NUS:&nbsp;<\/strong><\/h2>\n\n\n\n<p>Quer ter acesso a outras informa\u00e7\u00f5es? <a href=\"https:\/\/www.facebook.com\/RenatoAlvesOficial\" target=\"_blank\" rel=\"noreferrer noopener\">Curta e siga a minha fanpage no Facebook<\/a> e tamb\u00e9m <a href=\"http:\/\/www.youtube.com\/videosmemoria\/videos?sub_confirmation=1\" target=\"_blank\" rel=\"noreferrer noopener\">inscreva-se no meu canal no Youtube.<\/a><\/p>\n\n\n\n<figure class=\"wp-block-image aligncenter\"><a href=\"https:\/\/memoriablindada.com.br?utm_source=Blog&amp;utm_medium=pv-cmb&amp;utm_campaign=CMB&amp;utm_content=mitos-sobre-a-memoria\" target=\"_blank\" rel=\"noopener noreferrer\"><img fetchpriority=\"high\" decoding=\"async\" width=\"2560\" height=\"301\" src=\"\/\/renatoalves.com.br\/blog\/wp-content\/uploads\/2015\/02\/banner_MB.jpg\" alt=\"Curso Mem\u00f3ria Blindada\" class=\"wp-image-2519\" srcset=\"https:\/\/renatoalves.com.br\/blog\/wp-content\/uploads\/2015\/02\/banner_MB.jpg 2560w, https:\/\/renatoalves.com.br\/blog\/wp-content\/uploads\/2015\/02\/banner_MB-300x35.jpg 300w, https:\/\/renatoalves.com.br\/blog\/wp-content\/uploads\/2015\/02\/banner_MB-768x90.jpg 768w, https:\/\/renatoalves.com.br\/blog\/wp-content\/uploads\/2015\/02\/banner_MB-1024x120.jpg 1024w\" sizes=\"(max-width: 2560px) 100vw, 2560px\" \/><\/a><\/figure>\n","protected":false},"excerpt":{"rendered":"<p>Ao longo de mais de duas d\u00e9cadas estudando a mente humana, encontrei diversos mitos que rondam a mem\u00f3ria \u2014 cren\u00e7as que, longe de ajudar, atrapalham o desenvolvimento do verdadeiro potencial mental. Hoje, convido voc\u00ea a desvendar essas falsas ideias e dar um passo definitivo rumo a uma mem\u00f3ria forte e saud\u00e1vel. Mito 1: &#8220;Mem\u00f3ria boa [&hellip;]<\/p>\n","protected":false},"author":24,"featured_media":2655,"comment_status":"open","ping_status":"open","sticky":false,"template":"","format":"standard","meta":{"footnotes":""},"categories":[262],"tags":[145,56,44,67],"class_list":["post-150","post","type-post","status-publish","format-standard","has-post-thumbnail","hentry","category-estudo-e-desenvolvimento","tag-boa-memoria","tag-branco-na-memoria","tag-concentracao","tag-dicas-de-memorizacao"],"_links":{"self":[{"href":"https:\/\/renatoalves.com.br\/blog\/wp-json\/wp\/v2\/posts\/150","targetHints":{"allow":["GET"]}}],"collection":[{"href":"https:\/\/renatoalves.com.br\/blog\/wp-json\/wp\/v2\/posts"}],"about":[{"href":"https:\/\/renatoalves.com.br\/blog\/wp-json\/wp\/v2\/types\/post"}],"author":[{"embeddable":true,"href":"https:\/\/renatoalves.com.br\/blog\/wp-json\/wp\/v2\/users\/24"}],"replies":[{"embeddable":true,"href":"https:\/\/renatoalves.com.br\/blog\/wp-json\/wp\/v2\/comments?post=150"}],"version-history":[{"count":4,"href":"https:\/\/renatoalves.com.br\/blog\/wp-json\/wp\/v2\/posts\/150\/revisions"}],"predecessor-version":[{"id":10084,"href":"https:\/\/renatoalves.com.br\/blog\/wp-json\/wp\/v2\/posts\/150\/revisions\/10084"}],"wp:featuredmedia":[{"embeddable":true,"href":"https:\/\/renatoalves.com.br\/blog\/wp-json\/wp\/v2\/media\/2655"}],"wp:attachment":[{"href":"https:\/\/renatoalves.com.br\/blog\/wp-json\/wp\/v2\/media?parent=150"}],"wp:term":[{"taxonomy":"category","embeddable":true,"href":"https:\/\/renatoalves.com.br\/blog\/wp-json\/wp\/v2\/categories?post=150"},{"taxonomy":"post_tag","embeddable":true,"href":"https:\/\/renatoalves.com.br\/blog\/wp-json\/wp\/v2\/tags?post=150"}],"curies":[{"name":"wp","href":"https:\/\/api.w.org\/{rel}","templated":true}]}}