{"id":163,"date":"2025-04-29T10:00:13","date_gmt":"2025-04-29T13:00:13","guid":{"rendered":"http:\/\/www.renatoalves.com.br\/blog\/?p=163"},"modified":"2025-04-29T10:22:07","modified_gmt":"2025-04-29T13:22:07","slug":"como-obter-mais-concentracao-no-trabalho-e-nos-estudos","status":"publish","type":"post","link":"https:\/\/renatoalves.com.br\/blog\/como-obter-mais-concentracao-no-trabalho-e-nos-estudos\/","title":{"rendered":"Como obter mais concentra\u00e7\u00e3o no trabalho e nos estudos"},"content":{"rendered":"\n<p>Se voc\u00ea sente que sua mente se dispersa facilmente diante de tarefas importantes, saiba que n\u00e3o est\u00e1 sozinho. <strong>Concentrar-se tornou-se um desafio em tempos de excesso de est\u00edmulos.<\/strong><\/p>\n\n\n\n<p>Ao longo da minha carreira, auxiliando milhares de pessoas a aprimorarem mem\u00f3ria e foco, identifiquei padr\u00f5es claros \u2014 e solu\u00e7\u00f5es pr\u00e1ticas \u2014 para conquistar uma concentra\u00e7\u00e3o poderosa.<\/p>\n\n\n\n<h2 class=\"wp-block-heading\"><strong>Por que \u00e9 t\u00e3o dif\u00edcil manter a concentra\u00e7\u00e3o?<\/strong><\/h2>\n\n\n\n<p>A concentra\u00e7\u00e3o exige a uni\u00e3o de tr\u00eas fatores principais:<\/p>\n\n\n\n<ul class=\"wp-block-list\">\n<li><strong>Aten\u00e7\u00e3o plena:<\/strong> Estar no aqui e agora.<\/li>\n\n\n\n<li><strong>Interesse genu\u00edno:<\/strong> Ter prop\u00f3sito naquilo que se faz.<\/li>\n\n\n\n<li><strong>Ambiente adequado:<\/strong> Reduzir distra\u00e7\u00f5es externas e internas.<\/li>\n<\/ul>\n\n\n\n<p>Sem esses pilares, o c\u00e9rebro naturalmente busca al\u00edvio em distra\u00e7\u00f5es.<\/p>\n\n\n\n<h2 class=\"wp-block-heading\"><strong>Estrat\u00e9gias pr\u00e1ticas para melhorar a concentra\u00e7\u00e3o<\/strong><\/h2>\n\n\n\n<h3 class=\"wp-block-heading\"><strong>1. Crie um ambiente favor\u00e1vel<\/strong><\/h3>\n\n\n\n<p>Organize seu local de trabalho ou estudo:<\/p>\n\n\n\n<ul class=\"wp-block-list\">\n<li>Elimine itens desnecess\u00e1rios.<\/li>\n\n\n\n<li>Silencie notifica\u00e7\u00f5es.<\/li>\n\n\n\n<li>Avise pessoas pr\u00f3ximas sobre seu momento de foco.<\/li>\n<\/ul>\n\n\n\n<h3 class=\"wp-block-heading\"><strong>2. Defina objetivos claros<\/strong><\/h3>\n\n\n\n<p>Antes de iniciar qualquer atividade, estabele\u00e7a o que exatamente voc\u00ea deseja concluir. <strong>Objetivos vagos geram dispers\u00e3o.<\/strong><\/p>\n\n\n\n<h3 class=\"wp-block-heading\"><strong>3. Use a t\u00e9cnica Pomodoro<\/strong><\/h3>\n\n\n\n<p>Estude ou trabalhe focadamente por 25 minutos e fa\u00e7a uma pausa breve de 5 minutos. A <a href=\"https:\/\/renatoalves.com.br\/blog\/tecnica-de-pomodoro-para-os-estudos\/\" target=\"_blank\" rel=\"noreferrer noopener\">t\u00e9cnica Pomodoro<\/a> combate a fadiga mental e mant\u00e9m o foco ativo.<\/p>\n\n\n\n<h3 class=\"wp-block-heading\"><strong>4. Pratique mindfulness<\/strong><\/h3>\n\n\n\n<p>Exerc\u00edcios simples de aten\u00e7\u00e3o plena treinam seu c\u00e9rebro a permanecer focado no presente, reduzindo a ansiedade e a distra\u00e7\u00e3o.<\/p>\n\n\n\n<h3 class=\"wp-block-heading\"><strong>5. Alimente corpo e mente corretamente<\/strong><\/h3>\n\n\n\n<p>A falta de nutrientes essenciais e o cansa\u00e7o f\u00edsico sabotam a concentra\u00e7\u00e3o. <strong>Durma bem, hidrate-se e mantenha uma alimenta\u00e7\u00e3o equilibrada.<\/strong><\/p>\n\n\n\n<figure class=\"wp-block-embed is-type-rich is-provider-incorporar-manipulador wp-block-embed-incorporar-manipulador wp-embed-aspect-16-9 wp-has-aspect-ratio\"><div class=\"wp-block-embed__wrapper\">\n<iframe title=\"\u00c9 por isso que voc\u00ea N\u00c3O CONSEGUE SE CONCENTRAR (Ci\u00eancia Explica)\" width=\"800\" height=\"450\" src=\"https:\/\/www.youtube.com\/embed\/75UIX7QfryY?feature=oembed\" frameborder=\"0\" allow=\"accelerometer; autoplay; clipboard-write; encrypted-media; gyroscope; picture-in-picture; web-share\" referrerpolicy=\"strict-origin-when-cross-origin\" allowfullscreen><\/iframe>\n<\/div><\/figure>\n\n\n\n<h2 class=\"wp-block-heading\"><strong>Um exemplo real de supera\u00e7\u00e3o da distra\u00e7\u00e3o<\/strong><\/h2>\n\n\n\n<p>Recordo-me de Joana, uma aluna que sentia extrema dificuldade para <a href=\"https:\/\/renatoalves.com.br\/blog\/comecar-estudar-concursos\/\" target=\"_blank\" rel=\"noreferrer noopener\">estudar para concursos<\/a>. Ao adotar pequenos ajustes em sua rotina \u2014 como definir objetivos di\u00e1rios e praticar t\u00e9cnicas de aten\u00e7\u00e3o plena \u2014 ela transformou completamente sua produtividade e foi aprovada no concurso dos sonhos.<\/p>\n\n\n\n<p><strong>Concentra\u00e7\u00e3o n\u00e3o \u00e9 dom, \u00e9 treino.<\/strong><\/p>\n\n\n\n<p>Ter foco e concentra\u00e7\u00e3o \u00e9 desejo comum a todos profissionais e estudantes e n\u00e3o \u00e9 para menos. Quando a mente est\u00e1 concentrada num \u00fanico alvo, somos capazes de reduzir em at\u00e9 80% o tempo despendido.<\/p>\n\n\n\n<p>No curso<a href=\"https:\/\/memoriablindada.com.br\" target=\"_blank\" rel=\"noreferrer noopener\"> Mem\u00f3ria Blindada<\/a>, eu lhe ensinarei de maneira simples e pr\u00e1tica, tudo o que voc\u00ea precisa e como obter mais concentra\u00e7\u00e3o no trabalho e nos estudos e de quebra o m\u00e9todo que desenvolvi de memoriza\u00e7\u00e3o pr\u00e1tica para o dia a dia.<\/p>\n\n\n\n<p>As aulas por serem on-line, voc\u00ea poder\u00e1 fazer o treinamento no seu celular, tablet, computador ou Smart TV.<\/p>\n\n\n\n<p>Para que voc\u00ea adquira ainda hoje o curso <a href=\"https:\/\/memoriablindada.com.br?utm_source=Blog&amp;utm_medium=pv-cmb&amp;utm_campaign=CMB&amp;utm_content=como-obter-mais-concentracao-no-trabalho-e-nos-estudos\" target=\"_blank\" rel=\"noreferrer noopener\">Mem\u00f3ria Blindada<\/a>, e por acreditar tanto na efici\u00eancia do meu m\u00e9todo, al\u00e9m dos b\u00f4nus eu ainda lhe ofere\u00e7o uma garantia mais que especial.<\/p>\n\n\n\n<p class=\"has-text-align-center\"><a href=\"https:\/\/renatoalves.com.br\/acrobatas-da-memoria\/\"><strong>\u00bb Clique Aqui e assista alguns depoimentos de alunos do curso \u00ab<\/strong><\/a><\/p>\n\n\n\n<p>Se em 7 dias, depois de aplicar o m\u00e9todo, voc\u00ea&nbsp; n\u00e3o notar melhoras, eu assumo total responsabilidade e devolverei 100% do seu investimento. O que voc\u00ea acha? <a href=\"https:\/\/memoriablindada.com.br?utm_source=Blog&amp;utm_medium=pv-cmb&amp;utm_campaign=CMB&amp;utm_content=como-obter-mais-concentracao-no-trabalho-e-nos-estudos\" target=\"_blank\" rel=\"noreferrer noopener\">Clique aqui e saiba mais sobre o treinamento!<\/a><\/p>\n\n\n\n<h2 class=\"wp-block-heading\"><strong>Leitura complementar recomendada<\/strong><\/h2>\n\n\n\n<p>Para impulsionar ainda mais seu desempenho, sugiro tamb\u00e9m:<\/p>\n\n\n\n<ul class=\"wp-block-list\">\n<li><a href=\"https:\/\/renatoalves.com.br\/blog\/exercicios-vencer-preguica-mental\/\" target=\"_blank\" rel=\"noreferrer noopener\">Pregui\u00e7a mental | Exerc\u00edcios para venc\u00ea-la e ter um c\u00e9rebro forte<\/a><\/li>\n\n\n\n<li><a href=\"https:\/\/renatoalves.com.br\/blog\/como-desfrutar-de-uma-memoria-rapida\/\" target=\"_blank\" rel=\"noreferrer noopener\">Como conquistar uma mem\u00f3ria r\u00e1pida: estrat\u00e9gias para pensar melhor e aprender mais<\/a><\/li>\n<\/ul>\n\n\n\n<h2 class=\"wp-block-heading\"><strong>Perguntas frequentes (FAQ)<\/strong><\/h2>\n\n\n\n<h3 class=\"wp-block-heading\"><strong>Qual \u00e9 o maior inimigo da concentra\u00e7\u00e3o?<\/strong><\/h3>\n\n\n\n<p>O excesso de est\u00edmulos simult\u00e2neos, como redes sociais e interrup\u00e7\u00f5es frequentes.<\/p>\n\n\n\n<h3 class=\"wp-block-heading\"><strong>T\u00e9cnicas como Pomodoro funcionam para qualquer pessoa?<\/strong><\/h3>\n\n\n\n<p>Sim. Adaptar o tempo de foco e pausa \u00e0s suas necessidades torna a t\u00e9cnica eficaz para diferentes perfis.<\/p>\n\n\n\n<h3 class=\"wp-block-heading\"><strong>Dormir pouco afeta a concentra\u00e7\u00e3o?<\/strong><\/h3>\n\n\n\n<p>Muito. A priva\u00e7\u00e3o de sono reduz drasticamente a capacidade de foco e tomada de decis\u00e3o.<\/p>\n\n\n\n<h3 class=\"wp-block-heading\"><strong>A pr\u00e1tica de mindfulness realmente ajuda no foco?<\/strong><\/h3>\n\n\n\n<p>Sim. Estudos comprovam que a aten\u00e7\u00e3o plena aumenta significativamente a capacidade de concentra\u00e7\u00e3o.<\/p>\n\n\n\n<h3 class=\"wp-block-heading\"><strong>Quanto tempo leva para melhorar a concentra\u00e7\u00e3o?<\/strong><\/h3>\n\n\n\n<p>Com treino di\u00e1rio, \u00e9 poss\u00edvel notar melhoras em poucas semanas.<\/p>\n\n\n\n<h2 class=\"wp-block-heading\"><strong>DICA B\u00d4NUS:&nbsp;<\/strong><\/h2>\n\n\n\n<p>Quer ter acesso a outras informa\u00e7\u00f5es? <a href=\"https:\/\/www.facebook.com\/RenatoAlvesOficial\" target=\"_blank\" rel=\"noreferrer noopener\">Curta e siga a minha fanpage no Facebook<\/a> e tamb\u00e9m <a href=\"http:\/\/www.youtube.com\/videosmemoria\/videos?sub_confirmation=1\" target=\"_blank\" rel=\"noreferrer noopener\">inscreva-se no meu canal no Youtube.<\/a><\/p>\n\n\n\n<figure class=\"wp-block-image aligncenter is-resized\"><a href=\"https:\/\/memoriablindada.com.br?utm_source=Blog&amp;utm_medium=pv-cmb&amp;utm_campaign=CMB&amp;utm_content=como-obter-mais-concentracao-no-trabalho-e-nos-estudos\"><img fetchpriority=\"high\" decoding=\"async\" width=\"2560\" height=\"301\" src=\"\/\/renatoalves.com.br\/blog\/wp-content\/uploads\/2015\/02\/banner_MB.jpg\" alt=\"Curso Mem\u00f3ria Blindada\" class=\"wp-image-2519\" style=\"aspect-ratio:1;width:840px;height:auto\" srcset=\"https:\/\/renatoalves.com.br\/blog\/wp-content\/uploads\/2015\/02\/banner_MB.jpg 2560w, https:\/\/renatoalves.com.br\/blog\/wp-content\/uploads\/2015\/02\/banner_MB-300x35.jpg 300w, https:\/\/renatoalves.com.br\/blog\/wp-content\/uploads\/2015\/02\/banner_MB-768x90.jpg 768w, https:\/\/renatoalves.com.br\/blog\/wp-content\/uploads\/2015\/02\/banner_MB-1024x120.jpg 1024w\" sizes=\"(max-width: 2560px) 100vw, 2560px\" \/><\/a><\/figure>\n","protected":false},"excerpt":{"rendered":"<p>\u00c9 preciso ter estomago para digitar \u201cacidente de trabalho\u201d no link de imagens do site de busca Google. A quantidade de trabalhadores destro\u00e7ados \u00e9 t\u00e3o grande que faz filmes de terror parecer contos infantis. Os acidentes de trabalho s\u00e3o grandes afluentes de um rio de problemas causados pela falta de concentra\u00e7\u00e3o.<\/p>\n","protected":false},"author":24,"featured_media":2660,"comment_status":"open","ping_status":"open","sticky":false,"template":"","format":"standard","meta":{"footnotes":""},"categories":[262],"tags":[65,44,45,46,86,68,52],"class_list":["post-163","post","type-post","status-publish","format-standard","has-post-thumbnail","hentry","category-estudo-e-desenvolvimento","tag-como-estudar-para-concurso","tag-concentracao","tag-curso-de-memorizacao","tag-curso-de-memorizacao-online","tag-curso-estudo-e-memorizacao","tag-curso-renato-alves","tag-ter-disciplina"],"_links":{"self":[{"href":"https:\/\/renatoalves.com.br\/blog\/wp-json\/wp\/v2\/posts\/163","targetHints":{"allow":["GET"]}}],"collection":[{"href":"https:\/\/renatoalves.com.br\/blog\/wp-json\/wp\/v2\/posts"}],"about":[{"href":"https:\/\/renatoalves.com.br\/blog\/wp-json\/wp\/v2\/types\/post"}],"author":[{"embeddable":true,"href":"https:\/\/renatoalves.com.br\/blog\/wp-json\/wp\/v2\/users\/24"}],"replies":[{"embeddable":true,"href":"https:\/\/renatoalves.com.br\/blog\/wp-json\/wp\/v2\/comments?post=163"}],"version-history":[{"count":6,"href":"https:\/\/renatoalves.com.br\/blog\/wp-json\/wp\/v2\/posts\/163\/revisions"}],"predecessor-version":[{"id":10090,"href":"https:\/\/renatoalves.com.br\/blog\/wp-json\/wp\/v2\/posts\/163\/revisions\/10090"}],"wp:featuredmedia":[{"embeddable":true,"href":"https:\/\/renatoalves.com.br\/blog\/wp-json\/wp\/v2\/media\/2660"}],"wp:attachment":[{"href":"https:\/\/renatoalves.com.br\/blog\/wp-json\/wp\/v2\/media?parent=163"}],"wp:term":[{"taxonomy":"category","embeddable":true,"href":"https:\/\/renatoalves.com.br\/blog\/wp-json\/wp\/v2\/categories?post=163"},{"taxonomy":"post_tag","embeddable":true,"href":"https:\/\/renatoalves.com.br\/blog\/wp-json\/wp\/v2\/tags?post=163"}],"curies":[{"name":"wp","href":"https:\/\/api.w.org\/{rel}","templated":true}]}}