{"id":1648,"date":"2016-12-22T11:03:35","date_gmt":"2016-12-22T14:03:35","guid":{"rendered":"http:\/\/renatoalves.com.br\/blog\/?p=1648"},"modified":"2021-02-11T11:01:28","modified_gmt":"2021-02-11T14:01:28","slug":"subvocalizacao","status":"publish","type":"post","link":"https:\/\/renatoalves.com.br\/blog\/subvocalizacao\/","title":{"rendered":"O que \u00e9 subvocaliza\u00e7\u00e3o?"},"content":{"rendered":"<p class=\"p1\" style=\"text-align: justify;\">Subvocaliza\u00e7\u00e3o, voc\u00ea sabe o que \u00e9? Para melhor explicar, vamos voltar v\u00e1rios atr\u00e1s em uma \u00e9poca que \u00a0duas coisas me irritavam na \u00e9poca de provas na faculdade. Uma era aquelas pessoas que falavam baixinho enquanto liam um texto. Eu n\u00e3o conseguia me concentrar com aquele zunzunzum no ouvido. A outra, era que toda vez que isso acontecia o professor ficava plantado do nosso lado, achando que aquele ru\u00eddo vinha de algu\u00e9m que estava passando cola.<\/p>\n<h2>Entendendo a\u00a0Subvocaliza\u00e7\u00e3o<\/h2>\n<p class=\"p3\" style=\"text-align: justify;\"><span class=\"s2\">A leitura \u00e9 um processo interessante. Antes de conhecer os benef\u00edcios da <a class=\"\" href=\"https:\/\/renatoalves.com.br\/blog\/leitura-dinamica-com-o-metodo-certo-nao-prejudica-a-visao\/\" target=\"_blank\" rel=\"noopener\"><span class=\"s1\">leitura din\u00e2mica<\/span><\/a> eu era um leitor a moda antiga, que para ler uma palavra precisava somar as s\u00edlabas, exemplo: ba-ta-ta. Este padr\u00e3o de leitura, chamado, leitura sil\u00e1bica, era incentivado pelas professoras da alfabetiza\u00e7\u00e3o e ajudou a formar o que hoje conhecemos como leitores tar-ta-ru-gas.<\/span><\/p>\n<p class=\"p3\" style=\"text-align: justify;\"><span class=\"s2\">Dentre os h\u00e1bitos de leitura existe algo que incomoda mais do que ler em voz alta ou ler devagar, que \u00e9 ler ouvindo uma voz dentro da cabe\u00e7a repetindo tudo o que est\u00e1 escrito no texto. O nome desta voz misteriosa \u00e9 subvocaliza\u00e7\u00e3o.<\/span><\/p>\n<p class=\"p4\" style=\"text-align: justify;\"><span class=\"s2\">Deixe-me explicar como ocorre esse fen\u00f4meno.<\/span><\/p>\n<p class=\"p4\" style=\"text-align: justify;\"><span class=\"s2\">Existem no c\u00e9rebro \u00e1reas espec\u00edficas respons\u00e1veis pela linguagem, que pode ser entendida como um conjunto de a\u00e7\u00f5es que envolvem:<\/span><\/p>\n<ul style=\"text-align: justify;\">\n<li class=\"li4\"><span class=\"s2\">Produ\u00e7\u00e3o e compreens\u00e3o da fala;<\/span><\/li>\n<li class=\"li4\"><span class=\"s2\">Mem\u00f3ria de palavras;<\/span><\/li>\n<li class=\"li4\"><span class=\"s2\">Leitura;<\/span><\/li>\n<li class=\"li4\"><span class=\"s2\">Escrita.<\/span><\/li>\n<\/ul>\n<p class=\"p4\" style=\"text-align: justify;\"><span class=\"s2\">Essas \u00e1reas atuam sinergicamente durante a leitura envolvendo os sistemas sensorial e motor como a vis\u00e3o, audi\u00e7\u00e3o e o controle motor dos m\u00fasculos esquel\u00e9ticos.<\/span><\/p>\n<p class=\"p4\" style=\"text-align: justify;\"><span class=\"s2\">Al\u00e9m disso, para que a leitura fa\u00e7a sentido elas tamb\u00e9m requisitam a mem\u00f3ria de trabalho para o registro tempor\u00e1rio do texto que estamos lendo (\u00e9 aquela mem\u00f3ria que se n\u00e3o estiver fortalecida faz voc\u00ea esquecer rapidamente tudo o que leu nas linhas anteriores).<\/span><\/p>\n<p class=\"p4\" style=\"text-align: justify;\"><span class=\"s2\">Quando falamos em leitura, inevitavelmente pensamos na produ\u00e7\u00e3o da vocaliza\u00e7\u00e3o ou subvocaliza\u00e7\u00e3o (ambos tem o mesmo significado, ou seja,<span class=\"Apple-converted-space\">\u00a0 <\/span>leitura silenciosa ou leitura mental).<\/span><\/p>\n<p class=\"p4\" style=\"text-align: justify;\"><span class=\"s2\">Este processo envolve o sistema motor que controla a musculatura da l\u00edngua que produz a fala. Esse processo motor foi potencializado naquela \u00e9poca em que a professora nos pedia para ler em voz alta para saber se t\u00ednhamos aprendido a unir as s\u00edlabas. <\/span><\/p>\n<p class=\"p4\" style=\"text-align: justify;\"><span class=\"s2\">A leitura como a conhecemos, envolve dois processos diferentes:<\/span><\/p>\n<ul style=\"text-align: justify;\">\n<li class=\"li4\"><span class=\"s2\">O reconhecimento direto da palavra como um todo e a atribui\u00e7\u00e3o do som a cada uma das suas letras. Esse \u00e9 chamando de processo de leitura da palavra inteira;<\/span><\/li>\n<li class=\"li4\"><span class=\"s2\">E quando nos deparamos com palavras desconhecidas, o que exige o reconhecimento de letras individuais e o conhecimento dos sons que elas produzem individualmente, este processo \u00e9 nomeado de leitura fon\u00e9tica.<\/span><\/li>\n<\/ul>\n<p class=\"p4\" style=\"text-align: justify;\"><a href=\"https:\/\/clkdmg.site\/lead\/646890c5-bbcb-4b0f-9eb7-ede651ff2639?utm_content=subvocalizacao\"><img fetchpriority=\"high\" decoding=\"async\" class=\"aligncenter size-full wp-image-1649\" style=\"display: none !important;\" src=\"\/\/renatoalves.com.br\/blog\/wp-content\/uploads\/2016\/12\/lde-728x90-1.jpg\" alt=\"lde-728x90-1\" width=\"728\" height=\"90\" srcset=\"https:\/\/renatoalves.com.br\/blog\/wp-content\/uploads\/2016\/12\/lde-728x90-1.jpg 728w, https:\/\/renatoalves.com.br\/blog\/wp-content\/uploads\/2016\/12\/lde-728x90-1-300x37.jpg 300w\" sizes=\"(max-width: 728px) 100vw, 728px\" \/><\/a><\/p>\n<p class=\"p4\" style=\"text-align: justify;\"><span class=\"s2\">Algumas situa\u00e7\u00f5es podem acontecer quando temos problemas com a leitura.<\/span><\/p>\n<p class=\"p4\" style=\"text-align: justify;\"><span class=\"s2\">Se o nosso vocabul\u00e1rio for limitado, isso implicar\u00e1 na execu\u00e7\u00e3o da leitura fon\u00e9tica. Isso acontece quando n\u00e3o conhecemos bem a palavra, a aten\u00e7\u00e3o \u00e9 maior para compreend\u00ea-la e isso ativa as \u00e1reas cerebrais respons\u00e1veis por essa atividade, a musculatura da l\u00edngua tamb\u00e9m \u00e9 ativada para pronunci\u00e1-la, mesmo quando estamos fazendo leitura silenciosa.<\/span><\/p>\n<p class=\"p4\" style=\"text-align: justify;\"><span class=\"s2\">Esse epis\u00f3dio promove a subvocaliza\u00e7\u00e3o, ou seja, repetimos a palavra em nossa \u201cmente\u201d para fixa\u00e7\u00e3o na mem\u00f3ria. Neste caso minha sugest\u00e3o \u00e9 fazer uma pr\u00e9-leitura criteriosa, destacando as palavras desconhecidas para posteriormente procurar conhecer seu significado e ap\u00f3s isso, retomar os exerc\u00edcios da <a class=\"\" href=\"https:\/\/renatoalves.com.br\/blog\/famosos-que-utilizam-leitura-dinamica-segredos\/\" target=\"_blank\" rel=\"noopener\"><span class=\"s4\">leitura din\u00e2mica<\/span>.<\/a><\/span><\/p>\n<p class=\"p4\" style=\"text-align: justify;\"><span class=\"s2\">Outra situa\u00e7\u00e3o se d\u00e1 quando o aluno encontra-se em n\u00edveis de ansiedade muito altos, a aten\u00e7\u00e3o e a concentra\u00e7\u00e3o diminuem prejudicando recupera\u00e7\u00e3o de informa\u00e7\u00f5es da mem\u00f3ria, como por exemplo, relembrar conceitos e palavras j\u00e1 aprendidas. Essa recupera\u00e7\u00e3o ajuda a avan\u00e7ar na leitura, pois diminuem a subvocaliza\u00e7\u00e3o.<\/span><\/p>\n<p style=\"text-align: center;\">[inf_infusionsoft_inline optin_id=optin_1]<\/p>\n<p class=\"p4\" style=\"text-align: justify;\"><span class=\"s2\">Voc\u00ea pode utilizar algumas t\u00e9cnicas de relaxamento para diminuir o estresse e aumentar a concentra\u00e7\u00e3o e o controle do silenciamento da subvocaliza\u00e7\u00e3o.<\/span><\/p>\n<p class=\"p4\" style=\"text-align: justify;\"><span class=\"s2\"> Mesmo quando se est\u00e1 em sil\u00eancio, ainda existem \u201cvozes na mente\u201d, e esse fen\u00f4meno ocorre porque existe a ativa\u00e7\u00e3o da musculatura da l\u00edngua, que faz com que essas vozes continuem a falar em nossa cabe\u00e7a. Mesmo em sil\u00eancio.<\/span><\/p>\n<p class=\"p4\" style=\"text-align: justify;\"><span class=\"s2\">Para que haja o silenciamento dessas vozes, voc\u00ea pode fazer exerc\u00edcios espec\u00edficos para o relaxamento da l\u00edngua. Deixo para voc\u00eas uma sugest\u00e3o simples para relaxar a regi\u00e3o da cabe\u00e7a e a l\u00edngua.<\/span><\/p>\n<p class=\"p4\" style=\"text-align: justify;\"><span class=\"s2\">Vamos l\u00e1: Circule a cabe\u00e7a para a direita e para a esquerda, mantenha sua boca levemente aberta e a l\u00edngua relaxada. Repita os movimentos com a cabe\u00e7a para os lados, para cima e para baixo.<\/span><\/p>\n<p class=\"p4\" style=\"text-align: justify;\"><span class=\"s2\">Fa\u00e7a caretas procurando utilizar todos os m\u00fasculos do rosto e continue a manter sua l\u00edngua relaxada. Articule A-E-I-O-U, for\u00e7ando o diafragma e analisando as express\u00f5es.<\/span><\/p>\n<p class=\"p4\" style=\"text-align: justify;\"><a href=\"https:\/\/clkdmg.site\/lead\/646890c5-bbcb-4b0f-9eb7-ede651ff2639?utm_content=subvocalizacao\"><img decoding=\"async\" class=\"size-full wp-image-857 aligncenter\" src=\"\/\/renatoalves.com.br\/blog\/wp-content\/uploads\/2015\/06\/bN-FST.jpg\" alt=\"bN-FST\" width=\"971\" height=\"95\" srcset=\"https:\/\/renatoalves.com.br\/blog\/wp-content\/uploads\/2015\/06\/bN-FST.jpg 971w, https:\/\/renatoalves.com.br\/blog\/wp-content\/uploads\/2015\/06\/bN-FST-300x29.jpg 300w\" sizes=\"(max-width: 971px) 100vw, 971px\" \/><\/a><\/p>\n<hr \/>\n<p style=\"text-align: justify;\"><strong>Acesse abaixo a vers\u00e3o em audio deste post e fa\u00e7a o <em>download<\/em> para escutar as dicas do professor Renato Alves sempre que desejar.<\/strong><\/p>\n<p style=\"text-align: center;\"><iframe src=\"https:\/\/w.soundcloud.com\/player\/?url=https%3A\/\/api.soundcloud.com\/tracks\/296983822&amp;color=ff5500&amp;auto_play=false&amp;hide_related=false&amp;show_comments=true&amp;show_user=true&amp;show_reposts=false\" width=\"100%\" height=\"166\" frameborder=\"no\" scrolling=\"no\"><\/iframe><\/p>\n<hr \/>\n<p style=\"text-align: justify;\">Gostou do Texto?\u00a0N\u00e3o esque\u00e7a de comentar abaixo e indicar para um amigo. Quer receber mais dicas? Curta a minha p\u00e1gina do\u00a0<a href=\"https:\/\/www.facebook.com\/RenatoAlvesOficial?utm_source=blog&amp;utm_campaign=rc_blogpost\">Facebook<\/a>\u00a0e inscreva-se no meu canal no\u00a0<a href=\"https:\/\/www.youtube.com\/user\/videosmemoria\/videos?sub_confirmation=1\">Youtube<\/a>\u00a0e receba novidades em primeira m\u00e3o!<\/p>\n<p class=\"p1\" style=\"text-align: justify;\"><span class=\"s1\">Aproveite e conhe\u00e7a o meu curso\u00a0<a class=\"\" href=\"https:\/\/leiturarapida.com.br\" target=\"_blank\" rel=\"noopener\">FastRead,<\/a>\u00a0como incentivo<\/span><span class=\"s1\">\u00a0<\/span>por acreditar tanto na efici\u00eancia do meu m\u00e9todo, al\u00e9m dos b\u00f4nus eu ainda lhe ofere\u00e7o uma garantia mais que especial.<\/p>\n<p class=\"p1\" style=\"text-align: justify;\">Se em 7 dias, depois de aplicar o m\u00e9todo, voc\u00ea\u00a0 n\u00e3o notar melhoras, eu assumo total responsabilidade e devolverei 100% do seu investimento. O que voc\u00ea acha?\u00a0<a class=\"\" href=\"https:\/\/leiturarapida.com.br\" target=\"_blank\" rel=\"noopener\">Clique aqui e comece agora mesmo<\/a> a sua caminhada rumo ao seleto grupo de pessoas que conseguem ler tranquilamente mais de 50 livros por ano.<\/p>\n<p style=\"text-align: center;\"><a href=\"\/\/renatoalves.com.br\/depoimentos.html\">\u00bb Clique Aqui\u00a0e assista alguns depoimentos de alunos do curso\u00a0\u00ab<\/a><\/p>\n<p style=\"text-align: justify;\"><em><strong>Renato Alves<\/strong>\u00a0\u00e9 escritor, pesquisador e primeiro brasileiro a receber o t\u00edtulo oficial de melhor mem\u00f3ria do Brasil. Autor de um m\u00e9todo patenteado de memoriza\u00e7\u00e3o que ganhou reconhecimento nacional e j\u00e1 est\u00e1 presente em mais de 100 pa\u00edses.<\/em><\/p>\n<p><a href=\"https:\/\/clkdmg.site\/lead\/646890c5-bbcb-4b0f-9eb7-ede651ff2639?utm_content=subvocalizacao\" target=\"_blank\" rel=\"noopener\"><img decoding=\"async\" class=\"wp-image-2517 size-full aligncenter\" src=\"\/\/renatoalves.com.br\/blog\/wp-content\/uploads\/2015\/02\/banner_FR.jpg\" alt=\"Curso Fast Read\" width=\"3002\" height=\"353\" srcset=\"https:\/\/renatoalves.com.br\/blog\/wp-content\/uploads\/2015\/02\/banner_FR.jpg 3002w, https:\/\/renatoalves.com.br\/blog\/wp-content\/uploads\/2015\/02\/banner_FR-300x35.jpg 300w, https:\/\/renatoalves.com.br\/blog\/wp-content\/uploads\/2015\/02\/banner_FR-768x90.jpg 768w, https:\/\/renatoalves.com.br\/blog\/wp-content\/uploads\/2015\/02\/banner_FR-1024x120.jpg 1024w\" sizes=\"(max-width: 3002px) 100vw, 3002px\" \/><\/a><\/p>\n","protected":false},"excerpt":{"rendered":"<p>Subvocaliza\u00e7\u00e3o, voc\u00ea sabe o que \u00e9? Para melhor explicar, vamos voltar v\u00e1rios atr\u00e1s em uma \u00e9poca que \u00a0duas coisas me irritavam na \u00e9poca de provas na faculdade. Uma era aquelas pessoas que falavam baixinho enquanto liam um texto. Eu n\u00e3o conseguia me concentrar com aquele zunzunzum no ouvido. A outra, era que toda vez que [&hellip;]<\/p>\n","protected":false},"author":24,"featured_media":1651,"comment_status":"open","ping_status":"open","sticky":false,"template":"","format":"standard","meta":{"footnotes":""},"categories":[263],"tags":[44,45,46,204,67,138,43,158,89,76,29,42,55],"class_list":["post-1648","post","type-post","status-publish","format-standard","has-post-thumbnail","hentry","category-leitura-e-leitura-dinamica","tag-concentracao","tag-curso-de-memorizacao","tag-curso-de-memorizacao-online","tag-curso-fast-read","tag-dicas-de-memorizacao","tag-fast-read","tag-foco","tag-habito-de-leitura","tag-leitura","tag-leitura-dinamica","tag-memoria","tag-memorizacao","tag-renato-alves"],"_links":{"self":[{"href":"https:\/\/renatoalves.com.br\/blog\/wp-json\/wp\/v2\/posts\/1648","targetHints":{"allow":["GET"]}}],"collection":[{"href":"https:\/\/renatoalves.com.br\/blog\/wp-json\/wp\/v2\/posts"}],"about":[{"href":"https:\/\/renatoalves.com.br\/blog\/wp-json\/wp\/v2\/types\/post"}],"author":[{"embeddable":true,"href":"https:\/\/renatoalves.com.br\/blog\/wp-json\/wp\/v2\/users\/24"}],"replies":[{"embeddable":true,"href":"https:\/\/renatoalves.com.br\/blog\/wp-json\/wp\/v2\/comments?post=1648"}],"version-history":[{"count":1,"href":"https:\/\/renatoalves.com.br\/blog\/wp-json\/wp\/v2\/posts\/1648\/revisions"}],"predecessor-version":[{"id":7306,"href":"https:\/\/renatoalves.com.br\/blog\/wp-json\/wp\/v2\/posts\/1648\/revisions\/7306"}],"wp:featuredmedia":[{"embeddable":true,"href":"https:\/\/renatoalves.com.br\/blog\/wp-json\/wp\/v2\/media\/1651"}],"wp:attachment":[{"href":"https:\/\/renatoalves.com.br\/blog\/wp-json\/wp\/v2\/media?parent=1648"}],"wp:term":[{"taxonomy":"category","embeddable":true,"href":"https:\/\/renatoalves.com.br\/blog\/wp-json\/wp\/v2\/categories?post=1648"},{"taxonomy":"post_tag","embeddable":true,"href":"https:\/\/renatoalves.com.br\/blog\/wp-json\/wp\/v2\/tags?post=1648"}],"curies":[{"name":"wp","href":"https:\/\/api.w.org\/{rel}","templated":true}]}}