{"id":1691,"date":"2017-01-04T14:12:04","date_gmt":"2017-01-04T17:12:04","guid":{"rendered":"http:\/\/renatoalves.com.br\/blog\/redes-sociais-e-memoria-veja-o-impacto-dessa-relacao-no-cerebro\/"},"modified":"2021-10-14T15:20:11","modified_gmt":"2021-10-14T18:20:11","slug":"redes-sociais-e-memoria-veja-o-impacto-dessa-relacao-no-cerebro","status":"publish","type":"post","link":"https:\/\/renatoalves.com.br\/blog\/redes-sociais-e-memoria-veja-o-impacto-dessa-relacao-no-cerebro\/","title":{"rendered":"Redes sociais e mem\u00f3ria: veja o impacto dessa rela\u00e7\u00e3o no c\u00e9rebro"},"content":{"rendered":"<p style=\"text-align: justify;\">Hoje em dia, conversar\u00a0com as pessoas\u00a0nas\u00a0Redes Sociais j\u00e1 faz\u00a0parte da\u00a0rotina cotidiana de cada um. Seja para trabalho, lazer ou trivialidades, como\u00a0comunicar ao mundo que voc\u00ea est\u00e1 curtindo\u00a0um delicioso a\u00e7a\u00ed\u00a0na tigela, o endere\u00e7o de encontro da\u00a0galera \u00e9 a internet. O curioso\u00a0\u00e9 que\u00a0muitas\u00a0dessas intera\u00e7\u00f5es acontecem sem que as pessoas tenham\u00a0se conhecido pessoalmente.<\/p>\n<p style=\"text-align: justify;\">\u00c9 importante saber que intera\u00e7\u00f5es,\u00a0sejam elas pessoais\u00a0ou virtuais,\u00a0deixam marcas na mem\u00f3ria. Por isso, quero propor uma reflex\u00e3o: afinal de contas, passar muitas horas nas redes sociais,\u00a0faz bem\u00a0para o\u00a0c\u00e9rebro?<\/p>\n<p style=\"text-align: justify;\">Vamos investigar?<\/p>\n<h2 style=\"text-align: justify;\">Quais s\u00e3o os pontos positivos da rela\u00e7\u00e3o entre redes sociais e mem\u00f3ria?<\/h2>\n<p style=\"text-align: justify;\">Se tantas pessoas est\u00e3o fazendo uso das redes sociais \u00e9 porque algo positivo elas possuem, certo? Isso \u00e9 verdade! As redes sociais e a internet t\u00eam um impacto positivo sobre nossa mem\u00f3ria e nosso c\u00e9rebro.<\/p>\n<p style=\"text-align: justify;\"><strong>O prazer que as pessoas sentem ao estarem conectadas com outras e compartilhando experi\u00eancias podem estimular o organismo a liberar dopamina, uma subst\u00e2ncia neurotransmissora que causa sensa\u00e7\u00e3o de bem-estar.<\/strong><\/p>\n<p style=\"text-align: justify;\">Durante o uso das redes sociais, o c\u00e9rebro mant\u00e9m a regi\u00e3o que libera dopamina em um estado muito ativo. \u00c9 por isso que as pessoas se divertem e dizem que relaxam quando est\u00e3o conectadas. Elas realmente se sentem felizes.<\/p>\n<p style=\"text-align: justify;\">E um fato curioso \u00e9 que esse efeito \u00e9 potencializado quando o tema debatido somos n\u00f3s mesmos. Ao falarmos de nossas experi\u00eancias, gostos, prefer\u00eancias e rotina, sentimos ainda mais prazer no uso da rede social. E quando o <em>feedback<\/em> das demais pessoas sobre o assunto que postamos \u00e9 positivo, essa situa\u00e7\u00e3o tem um forte impacto para nossa autoestima. Mas onde a mem\u00f3ria entra nessa hist\u00f3ria?<\/p>\n<p style=\"text-align: justify;\">As redes sociais podem ser uma boa op\u00e7\u00e3o para quem deseja <a href=\"\/\/renatoalves.com.br\/blog\/3-formas-de-melhorar-sua-memoria\/?utm_source=blog&amp;utm_campaign=rc_blogpost\"><u>estimular a memoriza\u00e7\u00e3o<\/u><\/a>. Isso porque, ao falarmos sobre situa\u00e7\u00f5es que acontecem conosco, ou ent\u00e3o quando debatemos algum tema, nosso c\u00e9rebro assimila melhor esse conte\u00fado e tem mais facilidade para record\u00e1-lo.<\/p>\n<p style=\"text-align: justify;\">De um passeio que postamos na internet, por exemplo, conseguimos nos lembrar dos detalhes, porque as pessoas v\u00e3o comentar e perguntar como foi, o que houve por l\u00e1, como era o lugar. Tudo isso far\u00e1 com que precisemos acessar essas informa\u00e7\u00f5es em nossa mente, e esse \u00e9 o est\u00edmulo para a mem\u00f3ria.<\/p>\n<p style=\"text-align: justify;\">A espera pela aprova\u00e7\u00e3o e coment\u00e1rio dos amigos tamb\u00e9m nos ajuda a manter o tema ativo em nossa mem\u00f3ria de trabalho. Nos lembramos daquilo que postamos e isso estimula a boa mem\u00f3ria, a recorda\u00e7\u00e3o.<\/p>\n<p style=\"text-align: justify;\">Outro ponto positivo para a rela\u00e7\u00e3o entre redes sociais e mem\u00f3ria \u00e9 quando temas antigos s\u00e3o recordados, como quando algu\u00e9m curte uma foto postada h\u00e1 alguns meses, quando um amigo posta aquele v\u00eddeo da festa de quinze anos onde voc\u00ea usava aquela cal\u00e7a acima do umbigo ou quando s\u00e3o feitas retrospectivas, como aquelas que o Facebook costuma criar.<\/p>\n<p style=\"text-align: justify;\">Ao retomar esses temas, relembrar momentos, fotografias, coment\u00e1rios, entre outros, nosso c\u00e9rebro \u00e9 estimulado a buscar em seus registros aquele fato. Esse \u00e9 um excelente exerc\u00edcio para nossa mente!<\/p>\n<p style=\"text-align: justify;\">Por\u00e9m, \u00e9 preciso ter consci\u00eancia de que, para que as redes sociais tenham um efeito positivo sobre nosso c\u00e9rebro, \u00e9 essencial utiliz\u00e1-las com modera\u00e7\u00e3o. Porque tamb\u00e9m podem ter um efeito negativo quando n\u00e3o colocamos limites nesse uso.<\/p>\n<p style=\"text-align: center;\">[inf_infusionsoft_inline optin_id=optin_1]<\/p>\n<h2 style=\"text-align: justify;\">E os pontos negativos?<\/h2>\n<p style=\"text-align: justify;\">Estar sempre de olho nas redes sociais \u00e9 um v\u00edcio que muitas pessoas j\u00e1 possuem. E n\u00e3o estamos falando em linguagem figurativa, mas, sim, literal. O uso excessivo das redes sociais impacta o c\u00e9rebro assim como algumas subst\u00e2ncias nocivas.<\/p>\n<p style=\"text-align: justify;\">As pessoas que n\u00e3o conseguem ficar desconectadas da internet e das redes sociais apresentam um v\u00edcio psicol\u00f3gico, sendo essa a diferen\u00e7a para v\u00edcios como drogas, \u00e1lcool ou tabaco. No entanto, a forma como o c\u00e9rebro \u00e9 estimulado \u00e9 a mesma.<\/p>\n<p style=\"text-align: justify;\">Nas pessoas que apresentam esse tipo de v\u00edcio psicol\u00f3gico, o c\u00e9rebro \u00e9 estimulado intensamente nas mesmas regi\u00f5es de uma pessoa viciada em drogas, como a coca\u00edna. As \u00e1reas afetadas s\u00e3o aquelas respons\u00e1veis por controlar a aten\u00e7\u00e3o, as emo\u00e7\u00f5es e as tomadas de decis\u00e3o.<\/p>\n<p style=\"text-align: justify;\">E como j\u00e1 hav\u00edamos falado, o c\u00e9rebro libera, tamb\u00e9m, a <strong>dopamina<\/strong>, e essa sensa\u00e7\u00e3o de satisfa\u00e7\u00e3o e prazer sem esfor\u00e7o \u00e9 viciante para ele. Isso faz com que tenhamos vontade de entrar novamente nas redes sociais para nos sentirmos satisfeitos.<\/p>\n<p style=\"text-align: justify;\">Como abordei\u00a0em meu s\u00e9timo livro,\u00a0<a href=\"http:\/\/www.humanoeditora.com.br\/o-cerebro-com-foco-e-disciplina-p70?utm_source=blog&amp;utm_campaign=rc_blogpost\" target=\"_blank\" rel=\"noopener noreferrer\">O C\u00e9rebro com Foco e Disciplina<\/a> (Editora Gente, 2014) o\u00a0efeito desse retorno constante para visualizar postagens, coment\u00e1rios e curtidas assemelha-se a pequenas doses de droga ingeridas. Assim, cada vez que voltamos a usar a rede social, nosso c\u00e9rebro \u00e9 estimulado a reduzir o tempo de espera para entrar uma vez mais. Ou seja, o intervalo de tempo entre cada acesso reduz gradativamente.<\/p>\n<p style=\"text-align: justify;\">J\u00e1 sobre o tema redes sociais e mem\u00f3ria, elas podem interferir tanto positiva quanto negativamente. Isso porque nosso c\u00e9rebro recebe uma sobrecarga de informa\u00e7\u00f5es e, com isso, n\u00e3o se concentra em nada.<\/p>\n<p style=\"text-align: justify;\">Quando estamos observando muitas coisas de uma s\u00f3 vez, mudando de tema com frequ\u00eancia e rapidez, tentando acompanhar cada novo assunto, nossa aten\u00e7\u00e3o \u00e9 afetada. Isso tudo prejudica a mem\u00f3ria de curto e de longo prazo, afinal, oferecemos para o c\u00e9rebro muitos dados e n\u00e3o lhe damos tempo para <a href=\"\/\/renatoalves.com.br\/blog\/voce-decide-que-entra-em-sua-memoria\/?utm_source=blog&amp;utm_campaign=rc_blogpost\"><u>assimilar as informa\u00e7\u00f5es<\/u><\/a>.<\/p>\n<p style=\"text-align: justify;\">Esse excesso faz com que ele tamb\u00e9m se torne menos seletivo. Isto \u00e9, o c\u00e9rebro perde sua capacidade de priorizar dados importantes para registr\u00e1-los e descartar aqueles que n\u00e3o t\u00eam import\u00e2ncia de fato.<\/p>\n<p style=\"text-align: justify;\">Assim, a rela\u00e7\u00e3o entre redes sociais e mem\u00f3ria \u00e9 negativa quando permitimos que se torne um v\u00edcio. E os impactos negativos desse abuso tamb\u00e9m refletem em nosso <a href=\"\/\/renatoalves.com.br\/blog\/8-dicas-valiosas-para-melhorar-sua-capacidade-de-retencao\/?utm_source=blog&amp;utm_campaign=rc_blogpost\" target=\"_blank\" rel=\"noopener noreferrer\">estado psicol\u00f3gico<\/a>.<\/p>\n<h2 style=\"text-align: justify;\">Como as redes sociais afetam o nosso psicol\u00f3gico?<\/h2>\n<p style=\"text-align: justify;\">Um dos temas mais tratados nas redes sociais somos n\u00f3s mesmos. Note que as pessoas adoram falar sobre si, o que fizeram, aonde foram, o que compraram, enfim, o assunto gira em torno do \u201ceu\u201d. Dessa forma, as redes sociais podem estimular as pessoas a terem um comportamento ego\u00edsta e tamb\u00e9m narcisista.<\/p>\n<p style=\"text-align: justify;\">O ponto negativo \u00e9 que deixamos de sentir empatia e nos preocupamos apenas com nossa pr\u00f3pria satisfa\u00e7\u00e3o. E quando percebemos que o outro pode ter alcan\u00e7ado algo maior do que n\u00f3s, tamb\u00e9m s\u00e3o estimulados sentimentos como a raiva, o ci\u00fame e a inveja.<\/p>\n<p style=\"text-align: justify;\">E o impacto ainda se torna mais negativo para o estado psicol\u00f3gico quando esperamos obter um retorno positivo daquilo que postamos, mas ningu\u00e9m comenta ou recebemos cr\u00edticas e desaprova\u00e7\u00f5es.<\/p>\n<p style=\"text-align: justify;\">Nem todos sabem lidar com essa resposta negativa, o que pode causar depress\u00e3o, baixa autoestima e ansiedade gra\u00e7as \u00e0 espera por algu\u00e9m que nos d\u00ea aquilo que desejamos: aprova\u00e7\u00e3o e reconhecimento.<\/p>\n<p style=\"text-align: justify;\">E a <a href=\"\/\/renatoalves.com.br\/blog\/9-tecnicas-para-driblar-ansiedade-na-hora-da-prova\/?utm_source=blog&amp;utm_campaign=rc_blogpost\"><u>ansiedade<\/u><\/a> causada pelas redes sociais vai mais al\u00e9m, pois est\u00e1 gerando uma nova condi\u00e7\u00e3o psicol\u00f3gica, denominada S\u00edndrome da Vibra\u00e7\u00e3o Fantasma. Ela acontece quando recebemos uma notifica\u00e7\u00e3o de mensagem e acreditamos que alguma coisa importante pode ter acontecido. \u00c9 um estado de alerta para o c\u00e9rebro.<\/p>\n<h2 style=\"text-align: justify;\">Como usar as redes sociais a nosso favor?<\/h2>\n<p style=\"text-align: justify;\">Com tudo isso, entendemos que redes sociais e mem\u00f3ria podem se relacionar muito bem. No entanto, o segredo para usufruir dos seus impactos positivos na mem\u00f3ria \u00e9 o bom senso.<\/p>\n<p style=\"text-align: justify;\">As redes sociais podem nos favorecer, potencializando nossa mem\u00f3ria e fortalecendo nossa estrutura mental. Ent\u00e3o, aproveite esse recurso para estimular seu c\u00e9rebro a registrar novas informa\u00e7\u00f5es. Aprenda a guiar seu comportamento para que redes sociais e mem\u00f3ria se complementem harmoniosamente.<\/p>\n<p style=\"text-align: justify;\">N\u00e3o importa a idade, temos sempre potencial para aprender, e podemos manter nossa mente jovem, forte e saud\u00e1vel. <a href=\"\/\/renatoalves.com.br\/blog\/memoria-forte-cerebro-jovem\/?utm_source=blog&amp;utm_campaign=rc_blogpost\"><u>Leia este artigo<\/u><\/a> e descubra como isso \u00e9 poss\u00edvel!<\/p>\n<hr \/>\n<p style=\"text-align: justify;\"><strong>Acesse abaixo a vers\u00e3o em audio deste post e fa\u00e7a o <em>download<\/em> para escutar as dicas do professor Renato Alves sempre que desejar.<\/strong><\/p>\n<p style=\"text-align: justify;\"><iframe src=\"https:\/\/w.soundcloud.com\/player\/?url=https%3A\/\/api.soundcloud.com\/tracks\/301095900&amp;color=ff5500&amp;auto_play=false&amp;hide_related=false&amp;show_comments=true&amp;show_user=true&amp;show_reposts=false\" width=\"100%\" height=\"166\" frameborder=\"no\" scrolling=\"no\"><\/iframe><\/p>\n<p style=\"text-align: justify;\"><strong>Ps.1:\u00a0<\/strong>Voc\u00ea sente dificuldade de memorizar e se lembrar de coisas do dia a dia? Gostaria de convidar voc\u00ea a conhecer o meu\u00a0<a class=\"\" href=\"https:\/\/memoriablindada.com.br\" target=\"_blank\" rel=\"noopener\">curso\u00a0Mem\u00f3ria Blindada.<\/a><\/p>\n<p style=\"text-align: justify;\">H\u00e1 mais de 20 anos ensino este m\u00e9todo de memoriza\u00e7\u00e3o, que j\u00e1 est\u00e1 presente em mais de 100 pa\u00edses e tem 97% de avalia\u00e7\u00e3o positiva. D\u00ea uma olhadinha nos depoimentos dos nossos alunos:<\/p>\n<p style=\"text-align: center;\"><a href=\"\/\/renatoalves.com.br\/depoimentos.html\">\u00bb Clique Aqui\u00a0e assista alguns depoimentos de alunos do curso\u00a0\u00ab<\/a><\/p>\n<p style=\"text-align: justify;\">Nas videoaulas eu explico de maneira bem objetiva, todas as estrat\u00e9gias que utilizo para n\u00e3o esquecer de nada e me ajudaram a ganhar o t\u00edtulo de melhor mem\u00f3ria do Brasil.<\/p>\n<p style=\"text-align: justify;\">Acredito tanto na efici\u00eancia do m\u00e9todo que s<span style=\"font-size: 1rem;\">e em 7 dias voc\u00ea\u00a0 n\u00e3o notar melhoras no seu n\u00edvel de memoriza\u00e7\u00e3o, eu assumirei total responsabilidade e devolverei 100% do seu investimento. O que voc\u00ea acha?<\/span><\/p>\n<p style=\"text-align: center;\"><a class=\"\" href=\"https:\/\/memoriablindada.com.br\" target=\"_blank\" rel=\"noopener\">Clique aqui e saiba mais sobre o treinamento!<\/a><\/p>\n<p style=\"text-align: justify;\"><span style=\"font-weight: 400;\">Viva bem. Lembre bem.<\/span><\/p>\n<p style=\"text-align: justify;\"><span style=\"font-weight: 400;\">At\u00e9 a pr\u00f3xima.<\/span><\/p>\n<p style=\"text-align: justify;\"><strong>Renato Alves<\/strong>\u00a0\u00e9 escritor, pesquisador e primeiro brasileiro a receber o t\u00edtulo oficial de melhor mem\u00f3ria do Brasil. Autor de um m\u00e9todo patenteado de memoriza\u00e7\u00e3o que ganhou reconhecimento nacional e j\u00e1 est\u00e1 presente em mais de 100 pa\u00edses.<\/p>\n<p><strong>Ps.2:\u00a0<\/strong>Quer ter acesso \u00e0 outras informa\u00e7\u00f5es?\u00a0<a href=\"https:\/\/www.facebook.com\/RenatoAlvesOficial\">Curta e siga a minha fanpage no Facebook<\/a>\u00a0e tamb\u00e9m\u00a0<a href=\"http:\/\/www.youtube.com\/videosmemoria\/videos?sub_confirmation=1\">inscreva-se no meu canal no Youtube.<\/a><\/p>\n<p><a class=\"\" href=\"https:\/\/memoriablindada.com.br\/\" target=\"_blank\" rel=\"noopener\"><img fetchpriority=\"high\" decoding=\"async\" class=\"aligncenter wp-image-5387 size-full\" src=\"https:\/\/renatoalves.com.br\/blog\/wp-content\/uploads\/2015\/02\/banner_MB.jpg\" alt=\"\" width=\"3002\" height=\"353\" \/><\/a><\/p>\n","protected":false},"excerpt":{"rendered":"<p>Hoje em dia, conversar\u00a0com as pessoas\u00a0nas\u00a0Redes Sociais j\u00e1 faz\u00a0parte da\u00a0rotina cotidiana de cada um. Seja para trabalho, lazer ou trivialidades, como\u00a0comunicar ao mundo que voc\u00ea est\u00e1 curtindo\u00a0um delicioso a\u00e7a\u00ed\u00a0na tigela, o endere\u00e7o de encontro da\u00a0galera \u00e9 a internet. O curioso\u00a0\u00e9 que\u00a0muitas\u00a0dessas intera\u00e7\u00f5es acontecem sem que as pessoas tenham\u00a0se conhecido pessoalmente. \u00c9 importante saber que intera\u00e7\u00f5es,\u00a0sejam [&hellip;]<\/p>\n","protected":false},"author":24,"featured_media":1692,"comment_status":"open","ping_status":"open","sticky":false,"template":"","format":"standard","meta":{"footnotes":""},"categories":[264],"tags":[112,45,212,137,29,42,74,95,134,135,136,81],"class_list":["post-1691","post","type-post","status-publish","format-standard","has-post-thumbnail","hentry","category-saude-e-qualidade-de-vida","tag-concurso-publico","tag-curso-de-memorizacao","tag-curso-memoria-blindada","tag-estudos","tag-memoria","tag-memorizacao","tag-metodo-renato-alves","tag-renato-alves-memorizacao","tag-renatoalves","tag-tecnicas-de-estudo","tag-tecnicas-de-memorizacao","tag-vestibular"],"_links":{"self":[{"href":"https:\/\/renatoalves.com.br\/blog\/wp-json\/wp\/v2\/posts\/1691","targetHints":{"allow":["GET"]}}],"collection":[{"href":"https:\/\/renatoalves.com.br\/blog\/wp-json\/wp\/v2\/posts"}],"about":[{"href":"https:\/\/renatoalves.com.br\/blog\/wp-json\/wp\/v2\/types\/post"}],"author":[{"embeddable":true,"href":"https:\/\/renatoalves.com.br\/blog\/wp-json\/wp\/v2\/users\/24"}],"replies":[{"embeddable":true,"href":"https:\/\/renatoalves.com.br\/blog\/wp-json\/wp\/v2\/comments?post=1691"}],"version-history":[{"count":2,"href":"https:\/\/renatoalves.com.br\/blog\/wp-json\/wp\/v2\/posts\/1691\/revisions"}],"predecessor-version":[{"id":7692,"href":"https:\/\/renatoalves.com.br\/blog\/wp-json\/wp\/v2\/posts\/1691\/revisions\/7692"}],"wp:featuredmedia":[{"embeddable":true,"href":"https:\/\/renatoalves.com.br\/blog\/wp-json\/wp\/v2\/media\/1692"}],"wp:attachment":[{"href":"https:\/\/renatoalves.com.br\/blog\/wp-json\/wp\/v2\/media?parent=1691"}],"wp:term":[{"taxonomy":"category","embeddable":true,"href":"https:\/\/renatoalves.com.br\/blog\/wp-json\/wp\/v2\/categories?post=1691"},{"taxonomy":"post_tag","embeddable":true,"href":"https:\/\/renatoalves.com.br\/blog\/wp-json\/wp\/v2\/tags?post=1691"}],"curies":[{"name":"wp","href":"https:\/\/api.w.org\/{rel}","templated":true}]}}