{"id":176,"date":"2025-04-29T15:27:49","date_gmt":"2025-04-29T18:27:49","guid":{"rendered":"http:\/\/www.renatoalves.com.br\/blog\/?p=176"},"modified":"2025-04-29T15:27:51","modified_gmt":"2025-04-29T18:27:51","slug":"memorizacao-e-o-melhor-processo-de-aprendizagem-diz-pesquisa","status":"publish","type":"post","link":"https:\/\/renatoalves.com.br\/blog\/memorizacao-e-o-melhor-processo-de-aprendizagem-diz-pesquisa\/","title":{"rendered":"Memoriza\u00e7\u00e3o \u00e9 o melhor processo de aprendizagem, diz pesquisa: saiba por qu\u00ea"},"content":{"rendered":"\n<p>Em minha jornada como <a href=\"https:\/\/renatoalves.com.br\/?utm_source=Blog&amp;utm_medium=st-ra&amp;utm_campaign=&amp;utm_content=memorizacao-e-o-melhor-processo-de-aprendizagem-diz-pesquisa\" target=\"_blank\" rel=\"noreferrer noopener\">treinador de memoriza\u00e7\u00e3o <\/a>e desempenho cognitivo, sempre defendi que <strong>saber memorizar com intelig\u00eancia \u00e9 uma das habilidades mais poderosas para o sucesso acad\u00eamico e profissional<\/strong>.<\/p>\n\n\n\n<p>Recentemente, uma pesquisa renomada confirmou essa vis\u00e3o: <strong>a memoriza\u00e7\u00e3o ativa \u00e9 o melhor processo de aprendizagem<\/strong>.<\/p>\n\n\n\n<h2 class=\"wp-block-heading\"><strong>Entendendo o estudo<\/strong><\/h2>\n\n\n\n<p>Pesquisadores da Kent State University, nos Estados Unidos, compararam diferentes m\u00e9todos de aprendizado e conclu\u00edram que <strong><a href=\"https:\/\/renatoalves.com.br\/blog\/tecnicas-memorizacao-passar-concurso-publico\/\" target=\"_blank\" rel=\"noreferrer noopener\">t\u00e9cnicas de memoriza\u00e7\u00e3o <\/a>ativa superam m\u00e9todos passivos como releitura ou sublinhado desatento<\/strong>.<\/p>\n\n\n\n<p>Quando o estudante revisa ativamente, testa seus conhecimentos e associa informa\u00e7\u00f5es de maneira estrat\u00e9gica, o c\u00e9rebro:<\/p>\n\n\n\n<ul class=\"wp-block-list\">\n<li>Fortalece as conex\u00f5es neurais<\/li>\n\n\n\n<li>Armazena o conte\u00fado na mem\u00f3ria de longo prazo<\/li>\n\n\n\n<li>Melhora o resgate r\u00e1pido das informa\u00e7\u00f5es<\/li>\n<\/ul>\n\n\n\n<p><strong>Memorizar ativamente n\u00e3o \u00e9 decorar mecanicamente. \u00c9 compreender, organizar e consolidar o conhecimento.<\/strong><\/p>\n\n\n\n<h2 class=\"wp-block-heading\"><strong>A diferen\u00e7a entre memorizar e decorar<\/strong><\/h2>\n\n\n\n<p>Voc\u00ea sabe a <a href=\"https:\/\/renatoalves.com.br\/blog\/qual-a-diferenca-entre-memorizar-e-decorar\/\" target=\"_blank\" rel=\"noreferrer noopener\">diferen\u00e7a entre memorizar e decorar<\/a>?<\/p>\n\n\n\n<ul class=\"wp-block-list\">\n<li><strong>Decorar<\/strong>: repetir sem entender, de forma fr\u00e1gil e pouco duradoura.<\/li>\n\n\n\n<li><strong>Memorizar com m\u00e9todo<\/strong>: compreender, associar e fixar de maneira s\u00f3lida e acess\u00edvel.<\/li>\n<\/ul>\n\n\n\n<p>Em meus cursos, sempre enfatizo: <strong>quem memoriza com m\u00e9todo aprende para a vida; quem decora, esquece rapidamente<\/strong>.<\/p>\n\n\n\n<figure class=\"wp-block-embed is-type-rich is-provider-incorporar-manipulador wp-block-embed-incorporar-manipulador wp-embed-aspect-16-9 wp-has-aspect-ratio\"><div class=\"wp-block-embed__wrapper\">\n<iframe title=\"Como ter uma BOA MEMO\u0301RIA | 5 MOTIVOS POR QUE VOC\u00ca N\u00c3O SE LEMBRA DE NADA\" width=\"800\" height=\"450\" src=\"https:\/\/www.youtube.com\/embed\/Bfb6woPjA18?feature=oembed\" frameborder=\"0\" allow=\"accelerometer; autoplay; clipboard-write; encrypted-media; gyroscope; picture-in-picture; web-share\" referrerpolicy=\"strict-origin-when-cross-origin\" allowfullscreen><\/iframe>\n<\/div><\/figure>\n\n\n\n<h2 class=\"wp-block-heading\"><strong>Como aplicar a memoriza\u00e7\u00e3o ativa nos estudos<\/strong><\/h2>\n\n\n\n<h3 class=\"wp-block-heading\"><strong>1. Fa\u00e7a autoexplica\u00e7\u00f5es<\/strong><\/h3>\n\n\n\n<p>Explique o conte\u00fado com suas pr\u00f3prias palavras. Se voc\u00ea consegue ensinar, voc\u00ea realmente aprendeu.<\/p>\n\n\n\n<h3 class=\"wp-block-heading\"><strong>2. Use t\u00e9cnicas de associa\u00e7\u00e3o<\/strong><\/h3>\n\n\n\n<p>Transforme informa\u00e7\u00f5es em imagens mentais, hist\u00f3rias ou met\u00e1foras.<\/p>\n\n\n\n<h3 class=\"wp-block-heading\"><strong>3. Pratique a repeti\u00e7\u00e3o espa\u00e7ada<\/strong><\/h3>\n\n\n\n<p>Revise o conte\u00fado em intervalos crescentes para consolidar a mem\u00f3ria.<\/p>\n\n\n\n<h3 class=\"wp-block-heading\"><strong>4. Elabore mapas mentais<\/strong><\/h3>\n\n\n\n<p>Organize informa\u00e7\u00f5es de forma visual, conectando ideias principais e secund\u00e1rias.<\/p>\n\n\n\n<h3 class=\"wp-block-heading\"><strong>5. Teste a si mesmo<\/strong><\/h3>\n\n\n\n<p>Fa\u00e7a perguntas e tente responder sem olhar as anota\u00e7\u00f5es. Isso fortalece o resgate da informa\u00e7\u00e3o.<\/p>\n\n\n\n<h2 class=\"wp-block-heading\"><strong>Um exemplo pr\u00e1tico<\/strong><\/h2>\n\n\n\n<p>Lembro-me de Marina, uma aluna que estudava para concursos e sentia-se frustrada com o esquecimento. Ao aplicar t\u00e9cnicas de autoexplica\u00e7\u00e3o e repeti\u00e7\u00e3o espa\u00e7ada, n\u00e3o apenas melhorou seu desempenho nas provas, como ganhou autoconfian\u00e7a e prazer nos estudos.<\/p>\n\n\n\n<p><strong>O que transforma o estudo \u00e9 a forma como voc\u00ea interage com o conte\u00fado.<\/strong><\/p>\n\n\n\n<p>E a\u00ed, para voc\u00ea qual o melhor processo de aprendizagem? N\u00e3o esque\u00e7a de deixar seu coment\u00e1rio aqui abaixo e aproveite para conhecer o meu curso <a href=\"https:\/\/estudomemorizacao.com.br?utm_source=Blog&amp;utm_medium=site-ofc&amp;utm_campaign=CEM&amp;utm_content=memorizacao-e-o-melhor-processo-de-aprendizagem-diz-pesquisa\" target=\"_blank\" rel=\"noreferrer noopener\">Estudo e Memoriza\u00e7\u00e3o.<\/a> No treinamento eu ensino tudo que voc\u00ea precisar\u00e1 para se dar bem nos estudos.<\/p>\n\n\n\n<p class=\"has-text-align-center\"><a href=\"https:\/\/renatoalves.com.br\/acrobatas-da-memoria\/\"><strong>\u00bb Clique Aqui e assista alguns depoimentos de alunos do curso \u00ab<\/strong><\/a><\/p>\n\n\n\n<p>Adquira agora mesmo o curso<a href=\"https:\/\/estudomemorizacao.com.br?utm_source=Blog&amp;utm_medium=site-ofc&amp;utm_campaign=CEM&amp;utm_content=memorizacao-e-o-melhor-processo-de-aprendizagem-diz-pesquisa\" target=\"_blank\" rel=\"noreferrer noopener\"> Estudo e Memoriza\u00e7\u00e3o<\/a>, eu acredito tanto na efici\u00eancia do meu m\u00e9todo que al\u00e9m dos b\u00f4nus eu ainda lhe ofere\u00e7o uma garantia especial.<\/p>\n\n\n\n<p>Se em 7 dias, depois de aplicar o m\u00e9todo, voc\u00ea\u00a0 n\u00e3o notar melhoras, eu assumo total responsabilidade e devolverei 100% do seu investimento. Dessa forma voc\u00ea n\u00e3o corre nenhum risco. O que voc\u00ea acha? <a href=\"https:\/\/estudomemorizacao.com.br?utm_source=Blog&amp;utm_medium=site-ofc&amp;utm_campaign=CEM&amp;utm_content=memorizacao-e-o-melhor-processo-de-aprendizagem-diz-pesquisa\" target=\"_blank\" rel=\"noreferrer noopener\">Clique aqui e saiba mais sobre o treinamento!<\/a><\/p>\n\n\n\n<h2 class=\"wp-block-heading\"><strong>Leitura complementar recomendada<\/strong><\/h2>\n\n\n\n<p>Para fortalecer ainda mais sua aprendizagem, recomendo tamb\u00e9m:<\/p>\n\n\n\n<ul class=\"wp-block-list\">\n<li><a href=\"https:\/\/renatoalves.com.br\/blog\/candidatos-do-enem-precisam-cuidar-da-alimentacao\/\" target=\"_blank\" rel=\"noreferrer noopener\">Candidatos do Enem precisam cuidar da alimenta\u00e7\u00e3o: dicas para melhorar o desempenho<\/a><\/li>\n\n\n\n<li><a href=\"https:\/\/renatoalves.com.br\/blog\/mitos-sobre-a-memoria\/\" target=\"_blank\" rel=\"noreferrer noopener\">Mitos sobre a mem\u00f3ria: descubra verdades que fortalecem sua mente<\/a><\/li>\n<\/ul>\n\n\n\n<h2 class=\"wp-block-heading\"><strong>Perguntas frequentes (FAQ)<\/strong><\/h2>\n\n\n\n<h3 class=\"wp-block-heading\"><strong>Memorizar n\u00e3o atrapalha a compreens\u00e3o?<\/strong><\/h3>\n\n\n\n<p>N\u00e3o. Memorizar de forma ativa e inteligente fortalece a compreens\u00e3o e facilita a aplica\u00e7\u00e3o pr\u00e1tica do conhecimento.<\/p>\n\n\n\n<h3 class=\"wp-block-heading\"><strong>T\u00e9cnicas de memoriza\u00e7\u00e3o servem para todas as \u00e1reas?<\/strong><\/h3>\n\n\n\n<p>Sim. Seja em Direito, Medicina, Engenharia ou concursos, t\u00e9cnicas de memoriza\u00e7\u00e3o s\u00e3o amplamente aplic\u00e1veis.<\/p>\n\n\n\n<h3 class=\"wp-block-heading\"><strong>Quanto tempo leva para dominar a memoriza\u00e7\u00e3o ativa?<\/strong><\/h3>\n\n\n\n<p>Com pr\u00e1tica di\u00e1ria, \u00e9 poss\u00edvel notar melhorias em poucas semanas.<\/p>\n\n\n\n<h3 class=\"wp-block-heading\"><strong>\u00c9 poss\u00edvel melhorar a memoriza\u00e7\u00e3o sem esfor\u00e7o?<\/strong><\/h3>\n\n\n\n<p>N\u00e3o. Memoriza\u00e7\u00e3o ativa exige aten\u00e7\u00e3o, estrat\u00e9gia e pr\u00e1tica constante.<\/p>\n\n\n\n<h3 class=\"wp-block-heading\"><strong>A memoriza\u00e7\u00e3o ativa pode reduzir a ansiedade em provas?<\/strong><\/h3>\n\n\n\n<p>Sim. Quanto mais seguro o aluno est\u00e1 sobre o conte\u00fado, menor a ansiedade.<\/p>\n\n\n\n<h2 class=\"wp-block-heading\"><strong>DICA B\u00d4NUS:&nbsp;<\/strong><\/h2>\n\n\n\n<p>Quer ter acesso a outras informa\u00e7\u00f5es? <a href=\"https:\/\/www.facebook.com\/RenatoAlvesOficial\">Curta e siga a minha fanpage no Facebook<\/a> e tamb\u00e9m <a href=\"http:\/\/www.youtube.com\/videosmemoria\/videos?sub_confirmation=1\">inscreva-se no meu canal no Youtube.<\/a><\/p>\n\n\n\n<figure class=\"wp-block-image aligncenter is-resized\"><a href=\"https:\/\/estudomemorizacao.com.br?utm_source=Blog&amp;utm_medium=site-ofc&amp;utm_campaign=CEM&amp;utm_content=memorizacao-e-o-melhor-processo-de-aprendizagem-diz-pesquisa\"><img decoding=\"async\" src=\"\/\/renatoalves.com.br\/blog\/wp-content\/uploads\/2015\/02\/banner_EM.jpg\" alt=\"Curso Estudo e Memoriza\u00e7\u00e3o\" class=\"wp-image-2516\" style=\"aspect-ratio:1;width:840px;height:auto\"\/><\/a><\/figure>\n","protected":false},"excerpt":{"rendered":"<p>Talvez todos os seus professores estejam errados. Segundo uma recente pesquisa da Universidade de Purdue, descrita na \u00faltima edi\u00e7\u00e3o da revista Science, decorar conte\u00fados parece ser o melhor m\u00e9todo de aprendizagem.<\/p>\n","protected":false},"author":24,"featured_media":2670,"comment_status":"open","ping_status":"open","sticky":false,"template":"","format":"standard","meta":{"footnotes":""},"categories":[262],"tags":[60,65,66,84,75,45,46,98,74,316,99],"class_list":["post-176","post","type-post","status-publish","format-standard","has-post-thumbnail","hentry","category-estudo-e-desenvolvimento","tag-como-estudar","tag-como-estudar-para-concurso","tag-como-estudar-para-o-enem","tag-como-fazer-um-plano-de-estudo","tag-como-passar-em-concurso","tag-curso-de-memorizacao","tag-curso-de-memorizacao-online","tag-curso-online-renato-alves","tag-metodo-renato-alves","tag-processo-de-aprendizagem","tag-qual-o-melhor-curso-de-memorizacao"],"_links":{"self":[{"href":"https:\/\/renatoalves.com.br\/blog\/wp-json\/wp\/v2\/posts\/176","targetHints":{"allow":["GET"]}}],"collection":[{"href":"https:\/\/renatoalves.com.br\/blog\/wp-json\/wp\/v2\/posts"}],"about":[{"href":"https:\/\/renatoalves.com.br\/blog\/wp-json\/wp\/v2\/types\/post"}],"author":[{"embeddable":true,"href":"https:\/\/renatoalves.com.br\/blog\/wp-json\/wp\/v2\/users\/24"}],"replies":[{"embeddable":true,"href":"https:\/\/renatoalves.com.br\/blog\/wp-json\/wp\/v2\/comments?post=176"}],"version-history":[{"count":4,"href":"https:\/\/renatoalves.com.br\/blog\/wp-json\/wp\/v2\/posts\/176\/revisions"}],"predecessor-version":[{"id":10104,"href":"https:\/\/renatoalves.com.br\/blog\/wp-json\/wp\/v2\/posts\/176\/revisions\/10104"}],"wp:featuredmedia":[{"embeddable":true,"href":"https:\/\/renatoalves.com.br\/blog\/wp-json\/wp\/v2\/media\/2670"}],"wp:attachment":[{"href":"https:\/\/renatoalves.com.br\/blog\/wp-json\/wp\/v2\/media?parent=176"}],"wp:term":[{"taxonomy":"category","embeddable":true,"href":"https:\/\/renatoalves.com.br\/blog\/wp-json\/wp\/v2\/categories?post=176"},{"taxonomy":"post_tag","embeddable":true,"href":"https:\/\/renatoalves.com.br\/blog\/wp-json\/wp\/v2\/tags?post=176"}],"curies":[{"name":"wp","href":"https:\/\/api.w.org\/{rel}","templated":true}]}}