{"id":188,"date":"2011-03-24T16:33:09","date_gmt":"2011-03-24T19:33:09","guid":{"rendered":"http:\/\/www.renatoalves.com.br\/blog\/?p=188"},"modified":"2021-02-11T11:59:58","modified_gmt":"2021-02-11T14:59:58","slug":"argentino-de-13-anos-cursa-tres-faculdades","status":"publish","type":"post","link":"https:\/\/renatoalves.com.br\/blog\/argentino-de-13-anos-cursa-tres-faculdades\/","title":{"rendered":"Argentino de 13 anos cursa tr\u00eas faculdades"},"content":{"rendered":"<p style=\"text-align: justify;\">\u00c9 isso mesmo 13 anos e cursa tr\u00eas faculdades, o pequeno argentino Kouichi Cruz, de 13 anos, que vive com uma tia na cidade de C\u00f3rdoba, chamou aten\u00e7\u00e3o depois que a imprensa do seu pa\u00eds descobriu que ele, apesar da pouca idade, cursa tr\u00eas faculdades.<\/p>\n<p style=\"text-align: justify;\">Matriculado na Faculdade de Matem\u00e1tica, Astronomia e F\u00edsica (FAMAF) da Universidade de C\u00f3rdoba, o garoto cursar\u00e1, tamb\u00e9m, Engenharia Inform\u00e1tica e Ci\u00eancias Econ\u00f4micas, simultaneamente, na mesma institui\u00e7\u00e3o.<\/p>\n<p style=\"text-align: justify;\">Avesso a esportes, Kouichi, quando n\u00e3o est\u00e1 resolvendo quest\u00f5es de matem\u00e1tica, passa o tempo assistindo programas de com\u00e9dia na TV, segundo sua tia, em entrevista \u00e0 BBC de Londres.<\/p>\n<p style=\"text-align: justify;\">No primeiro dia de aula, Kouichi ainda fez marra: &#8220;A aula n\u00e3o foi t\u00e3o simples como no segundo grau, mas tamb\u00e9m n\u00e3o foi t\u00e3o complicada como cheguei a imaginar&#8221;, afirmou em entrevista ao di\u00e1rio argentino Clar\u00edn.<\/p>\n<p style=\"text-align: justify;\"><strong>Fonte<\/strong> G1<\/p>\n<p style=\"text-align: center;\">[inf_infusionsoft_inline optin_id=optin_1]<\/p>\n<p>Que garoto incr\u00edvel esse Kouichi Cruz, n\u00e3o \u00e9? De fato trata-se de um garoto diferenciado, mas se voc\u00ea pretende vencer pelos estudos, saiba que voc\u00ea precisar\u00e1 apenas de um plano, desejo e ser disciplinado para por em pr\u00e1tica esse plano.<\/p>\n<p style=\"text-align: justify;\">Desejo e disciplina \u00e9 com voc\u00ea, mas quanto ao plano eu tenho um que j\u00e1 ajudou muitas pessoas a vencerem atrav\u00e9s do conhecimento. \u00c9 o meu curso <a href=\"https:\/\/estudomemorizacao.com.br\" target=\"_blank\" rel=\"noopener noreferrer\">Estudo e Memoriza\u00e7\u00e3o<\/a>, <strong>veja os depoimentos abaixo:<\/strong><\/p>\n<p class=\"p1\" style=\"text-align: center;\"><a href=\"https:\/\/renatoalves.com.br\/acrobatas-da-memoria\/\">\u00bb Clique Aqui\u00a0e assista alguns depoimentos de alunos do curso\u00a0\u00ab<\/a><\/p>\n<p><span class=\"s1\">Nas\u00a0videoaulas on-line do <a href=\"https:\/\/estudomemorizacao.com.br\" target=\"_blank\" rel=\"noopener noreferrer\">Estudo e Memoriza\u00e7\u00e3o<\/a>,\u00a0 explico de maneira simples e objetiva tudo que voc\u00ea precisar\u00e1 para ser aprovado naquele exame, concurso ou vestibular dos sonhos<\/span>:<\/p>\n<p class=\"p1\" style=\"text-align: justify;\"><span class=\"s1\">Para que voc\u00ea adquira hoje mesmo <a href=\"https:\/\/estudomemorizacao.com.br\" target=\"_blank\" rel=\"noopener noreferrer\">o curso<\/a>\u00a0<\/span>e por acreditar tanto na efici\u00eancia do meu m\u00e9todo, al\u00e9m dos b\u00f4nus eu ainda lhe ofere\u00e7o uma garantia especial.<\/p>\n<p class=\"p1\" style=\"text-align: justify;\">Se em 7 dias, depois de aplicar o m\u00e9todo voc\u00ea\u00a0 n\u00e3o notar melhoras, eu assumo total responsabilidade e devolverei 100% do seu investimento. O que voc\u00ea acha?\u00a0<a href=\"https:\/\/estudomemorizacao.com.br\" target=\"_blank\" rel=\"noopener noreferrer\">Clique aqui e saiba mais sobre o treinamento!<\/a><\/p>\n<p style=\"text-align: justify;\"><em><strong>Renato Alves<\/strong>\u00a0\u00e9 escritor, pesquisador e primeiro brasileiro a receber o t\u00edtulo oficial de melhor mem\u00f3ria do Brasil. Autor de um m\u00e9todo patenteado de memoriza\u00e7\u00e3o que ganhou reconhecimento nacional e j\u00e1 est\u00e1 presente em mais de 100 pa\u00edses.<\/em><\/p>\n<p style=\"text-align: justify;\">Quer ter acesso a outras informa\u00e7\u00f5es?\u00a0<a href=\"https:\/\/www.facebook.com\/RenatoAlvesOficial\">Curta e siga a minha fanpage no Facebook<\/a>\u00a0e tamb\u00e9m\u00a0<a href=\"http:\/\/www.youtube.com\/videosmemoria\/videos?sub_confirmation=1\">inscreva-se no meu canal no Youtube.<\/a><\/p>\n<p style=\"text-align: justify;\"><a href=\"https:\/\/estudomemorizacao.com.br\"><img fetchpriority=\"high\" decoding=\"async\" class=\"alignnone wp-image-2516 size-full\" src=\"\/\/renatoalves.com.br\/blog\/wp-content\/uploads\/2015\/02\/banner_EM.jpg\" alt=\"Curso Estudo e Memoriza\u00e7\u00e3o\" width=\"3002\" height=\"353\" \/><\/a><\/p>\n","protected":false},"excerpt":{"rendered":"<p>A fam\u00edlia chegou a suspeitar de autismo, mas o que o garoto tem \u00e9 um n\u00edvel de QI muito acima da m\u00e9dia das outras crian\u00e7as da sua idade<\/p>\n","protected":false},"author":24,"featured_media":2671,"comment_status":"open","ping_status":"open","sticky":false,"template":"","format":"standard","meta":{"footnotes":""},"categories":[262],"tags":[60,65,66,84,75,46,98,74,99,52,81],"class_list":["post-188","post","type-post","status-publish","format-standard","has-post-thumbnail","hentry","category-estudo-e-desenvolvimento","tag-como-estudar","tag-como-estudar-para-concurso","tag-como-estudar-para-o-enem","tag-como-fazer-um-plano-de-estudo","tag-como-passar-em-concurso","tag-curso-de-memorizacao-online","tag-curso-online-renato-alves","tag-metodo-renato-alves","tag-qual-o-melhor-curso-de-memorizacao","tag-ter-disciplina","tag-vestibular"],"_links":{"self":[{"href":"https:\/\/renatoalves.com.br\/blog\/wp-json\/wp\/v2\/posts\/188","targetHints":{"allow":["GET"]}}],"collection":[{"href":"https:\/\/renatoalves.com.br\/blog\/wp-json\/wp\/v2\/posts"}],"about":[{"href":"https:\/\/renatoalves.com.br\/blog\/wp-json\/wp\/v2\/types\/post"}],"author":[{"embeddable":true,"href":"https:\/\/renatoalves.com.br\/blog\/wp-json\/wp\/v2\/users\/24"}],"replies":[{"embeddable":true,"href":"https:\/\/renatoalves.com.br\/blog\/wp-json\/wp\/v2\/comments?post=188"}],"version-history":[{"count":3,"href":"https:\/\/renatoalves.com.br\/blog\/wp-json\/wp\/v2\/posts\/188\/revisions"}],"predecessor-version":[{"id":7354,"href":"https:\/\/renatoalves.com.br\/blog\/wp-json\/wp\/v2\/posts\/188\/revisions\/7354"}],"wp:featuredmedia":[{"embeddable":true,"href":"https:\/\/renatoalves.com.br\/blog\/wp-json\/wp\/v2\/media\/2671"}],"wp:attachment":[{"href":"https:\/\/renatoalves.com.br\/blog\/wp-json\/wp\/v2\/media?parent=188"}],"wp:term":[{"taxonomy":"category","embeddable":true,"href":"https:\/\/renatoalves.com.br\/blog\/wp-json\/wp\/v2\/categories?post=188"},{"taxonomy":"post_tag","embeddable":true,"href":"https:\/\/renatoalves.com.br\/blog\/wp-json\/wp\/v2\/tags?post=188"}],"curies":[{"name":"wp","href":"https:\/\/api.w.org\/{rel}","templated":true}]}}