{"id":1926,"date":"2025-09-01T06:00:00","date_gmt":"2025-09-01T09:00:00","guid":{"rendered":"http:\/\/renatoalves.com.br\/blog\/como-o-esquecimento-pode-afetar-desempenho-no-trabalho\/"},"modified":"2025-08-31T19:24:46","modified_gmt":"2025-08-31T22:24:46","slug":"como-o-esquecimento-pode-afetar-desempenho-no-trabalho","status":"publish","type":"post","link":"https:\/\/renatoalves.com.br\/blog\/como-o-esquecimento-pode-afetar-desempenho-no-trabalho\/","title":{"rendered":"Como o esquecimento pode afetar o desempenho no trabalho?"},"content":{"rendered":"\n<p>Voc\u00ea sabia que o excesso de informa\u00e7\u00f5es pode causar um<a href=\"https:\/\/memoriablindada.com.br\/\" target=\"_blank\" rel=\"noreferrer noopener\"> \u201cbug cerebral\u201d<\/a>? Em tempo algum a humanidade teve tanto acesso ao conhecimento como nos dias atuais. Aliado ao estresse do dia a dia, este aparente benef\u00edcio pode, no entanto, acarretar o esquecimento dos compromissos, tarefas e objetos.<\/p>\n\n\n\n<p>Quem nunca ouviu falar de pessoas que esquecem cachorros e at\u00e9 beb\u00eas dentro de seus pr\u00f3prios carros no trajeto rotineiro entre a escola e o trabalho?<\/p>\n\n\n\n<p>Sujeito a acontecer com qualquer pessoa, felizmente casos graves como esses s\u00e3o exce\u00e7\u00f5es. Esquecimentos eventuais n\u00e3o s\u00e3o preocupantes. Contudo, se ocorrerem com frequ\u00eancia e por um longo per\u00edodo, \u00e9 fundamental que voc\u00ea d\u00ea mais aten\u00e7\u00e3o ao problema para evitar preju\u00edzos f\u00edsicos, emocionais e profissionais.<\/p>\n\n\n\n<p>Como podemos verificar, o esquecimento constante pode conduzir nossa vida pessoal e corporativa a problemas s\u00e9rios: perda de dinheiro, tempo desperdi\u00e7ado e at\u00e9 queda da credibilidade e confian\u00e7a.<\/p>\n\n\n\n<p>Com a concorr\u00eancia acirrada no mercado de trabalho, esses lapsos s\u00e3o ainda mais graves. Podem impedir promo\u00e7\u00f5es e, em casos extremos, resultar em demiss\u00f5es. Existem profiss\u00f5es nas quais o &#8220;esquecer&#8221; simplesmente n\u00e3o pode acontecer.<\/p>\n\n\n\n<p>Imagine um m\u00e9dico esquecendo um bisturi dentro de um paciente, um policial negligenciando seu equipamento, uma secret\u00e1ria perdendo os compromissos do chefe, um advogado esquecendo a ret\u00f3rica de defesa.<\/p>\n\n\n\n<p>Se voc\u00ea passa ou passou por esse problema, ou conhece algu\u00e9m que est\u00e1 enfrentando essa situa\u00e7\u00e3o, preste aten\u00e7\u00e3o neste conte\u00fado que preparei especialmente. Acompanhe!<\/p>\n\n\n\n<figure class=\"wp-block-image size-large\"><a href=\"https:\/\/memoriablindada.com.br\/\"><img fetchpriority=\"high\" decoding=\"async\" width=\"1024\" height=\"120\" src=\"https:\/\/renatoalves.com.br\/blog\/wp-content\/uploads\/2014\/09\/MEMORIA-BLINDADA-BANNER-BLOG-RENATO-ALVES-1024x120.png\" alt=\"banner mem\u00f3ria blindada\" class=\"wp-image-10107\" srcset=\"https:\/\/renatoalves.com.br\/blog\/wp-content\/uploads\/2014\/09\/MEMORIA-BLINDADA-BANNER-BLOG-RENATO-ALVES-1024x120.png 1024w, https:\/\/renatoalves.com.br\/blog\/wp-content\/uploads\/2014\/09\/MEMORIA-BLINDADA-BANNER-BLOG-RENATO-ALVES-300x35.png 300w, https:\/\/renatoalves.com.br\/blog\/wp-content\/uploads\/2014\/09\/MEMORIA-BLINDADA-BANNER-BLOG-RENATO-ALVES-768x90.png 768w, https:\/\/renatoalves.com.br\/blog\/wp-content\/uploads\/2014\/09\/MEMORIA-BLINDADA-BANNER-BLOG-RENATO-ALVES-1536x181.png 1536w, https:\/\/renatoalves.com.br\/blog\/wp-content\/uploads\/2014\/09\/MEMORIA-BLINDADA-BANNER-BLOG-RENATO-ALVES.png 1700w\" sizes=\"(max-width: 1024px) 100vw, 1024px\" \/><\/a><\/figure>\n\n\n\n<h3 class=\"wp-block-heading\">Como identificar o problema?<\/h3>\n\n\n\n<ol start=\"1\" class=\"wp-block-list\">\n<li><strong>Fa\u00e7a um diagn\u00f3stico pessoal<\/strong>: pare por alguns minutos e reflita sobre os compromissos importantes que foram esquecidos recentemente. Anote-os e compare com outra lista de tarefas que voc\u00ea conseguiu cumprir. Isso ajuda a ter uma vis\u00e3o mais clara do seu desempenho.<\/li>\n\n\n\n<li><strong>Observe sua comunica\u00e7\u00e3o<\/strong>: voc\u00ea est\u00e1 sendo redundante ao se comunicar com clientes ou colegas? Eles compreendem claramente suas mensagens? Isso pode indicar falhas na sua concentra\u00e7\u00e3o.<\/li>\n\n\n\n<li><strong>Realize testes simples<\/strong>: comprometa-se a guardar um objeto em um local espec\u00edfico ou tente lembrar a \u00faltima p\u00e1gina lida de um livro. Se falhar constantemente nesses testes, \u00e9 hora de agir.<\/li>\n<\/ol>\n\n\n\n<h3 class=\"wp-block-heading\">Quais s\u00e3o as causas mais comuns do esquecimento?<\/h3>\n\n\n\n<ul class=\"wp-block-list\">\n<li>Estresse constante;<\/li>\n\n\n\n<li>Falta de qualidade de vida;<\/li>\n\n\n\n<li>Alimenta\u00e7\u00e3o pobre em nutrientes;<\/li>\n\n\n\n<li>Sono irregular;<\/li>\n\n\n\n<li>Falta de atividade f\u00edsica e mental;<\/li>\n\n\n\n<li>Poss\u00edveis doen\u00e7as neurol\u00f3gicas ou infecciosas (TDAH, Alzheimer, HIV, s\u00edfilis).<\/li>\n<\/ul>\n\n\n\n<p>Independentemente da causa, existem maneiras eficazes de tratar e minimizar o problema. T\u00e9cnicas de memoriza\u00e7\u00e3o, aten\u00e7\u00e3o plena e em casos mais severos, acompanhamento m\u00e9dico, s\u00e3o recursos altamente recomendados.<\/p>\n\n\n\n<h3 class=\"wp-block-heading\">Pr\u00e1ticas di\u00e1rias para melhorar a mem\u00f3ria e a performance no trabalho<\/h3>\n\n\n\n<ol start=\"1\" class=\"wp-block-list\">\n<li><strong>Evite a procrastina\u00e7\u00e3o<\/strong>: realizar tarefas sem \u00e2nimo e foco compromete o resultado.<\/li>\n\n\n\n<li><strong>Mantenha a organiza\u00e7\u00e3o<\/strong>: tanto no espa\u00e7o quanto nas rotinas. Isso facilita a concentra\u00e7\u00e3o.<\/li>\n\n\n\n<li><strong>Anote compromissos<\/strong>: crie listas e utilize agendas (digitais ou f\u00edsicas).<\/li>\n\n\n\n<li><strong>Planeje apresenta\u00e7\u00f5es com anteced\u00eancia<\/strong>: revise materiais e prepare-se emocionalmente.<\/li>\n\n\n\n<li><strong>Cuide da sa\u00fade<\/strong>: durma bem, alimente-se com qualidade, hidrate-se e movimente-se.<\/li>\n\n\n\n<li><strong>Tire momentos de sil\u00eancio e reflex\u00e3o<\/strong>: repasse mentalmente tarefas e compromissos.<\/li>\n<\/ol>\n\n\n\n<p>Problemas de mem\u00f3ria s\u00e3o cada vez mais comuns \u2014 e n\u00e3o se restringem aos idosos. Segundo reportagem da CNN Brasil, muitos jovens entre 17 e 21 anos j\u00e1 relatam dificuldades em manter a concentra\u00e7\u00e3o e lembrar de tarefas simples. Estresse, sono irregular e hiperconectividade s\u00e3o fatores que contribuem significativamente para isso.<\/p>\n\n\n\n<p>Lembre-se: desenvolver uma boa mem\u00f3ria \u00e9 essencial para melhorar a qualidade de vida e a performance profissional. Al\u00e9m disso, \u00e9 um diferencial competitivo no ambiente corporativo.<\/p>\n\n\n\n<p>Se voc\u00ea quer fortalecer sua mem\u00f3ria e dar um passo \u00e0 frente, conhe\u00e7a o curso Mem\u00f3ria Blindada. Nele, ensino a aplica\u00e7\u00e3o pr\u00e1tica da memoriza\u00e7\u00e3o no seu cotidiano.<\/p>\n\n\n\n<p>Clique aqui e assista aos depoimentos de alunos do curso.<\/p>\n\n\n\n<p>Adquira o<a href=\"https:\/\/memoriablindada.com.br\/\" target=\"_blank\" rel=\"noreferrer noopener\"> curso Mem\u00f3ria Blindada<\/a> agora mesmo. E mais: se em 7 dias voc\u00ea aplicar o m\u00e9todo e n\u00e3o notar melhoras, eu devolvo 100% do seu investimento. Garantido.<\/p>\n\n\n\n<figure class=\"wp-block-image size-large\"><a href=\"https:\/\/memoriablindada.com.br\/\"><img fetchpriority=\"high\" decoding=\"async\" width=\"1024\" height=\"120\" src=\"https:\/\/renatoalves.com.br\/blog\/wp-content\/uploads\/2014\/09\/MEMORIA-BLINDADA-BANNER-BLOG-RENATO-ALVES-1024x120.png\" alt=\"banner mem\u00f3ria blindada\" class=\"wp-image-10107\" srcset=\"https:\/\/renatoalves.com.br\/blog\/wp-content\/uploads\/2014\/09\/MEMORIA-BLINDADA-BANNER-BLOG-RENATO-ALVES-1024x120.png 1024w, https:\/\/renatoalves.com.br\/blog\/wp-content\/uploads\/2014\/09\/MEMORIA-BLINDADA-BANNER-BLOG-RENATO-ALVES-300x35.png 300w, https:\/\/renatoalves.com.br\/blog\/wp-content\/uploads\/2014\/09\/MEMORIA-BLINDADA-BANNER-BLOG-RENATO-ALVES-768x90.png 768w, https:\/\/renatoalves.com.br\/blog\/wp-content\/uploads\/2014\/09\/MEMORIA-BLINDADA-BANNER-BLOG-RENATO-ALVES-1536x181.png 1536w, https:\/\/renatoalves.com.br\/blog\/wp-content\/uploads\/2014\/09\/MEMORIA-BLINDADA-BANNER-BLOG-RENATO-ALVES.png 1700w\" sizes=\"(max-width: 1024px) 100vw, 1024px\" \/><\/a><\/figure>\n\n\n\n<h3 class=\"wp-block-heading\">Perguntas Frequentes (FAQ)<\/h3>\n\n\n\n<p><strong>1. O que pode causar esquecimentos frequentes?<\/strong> Estresse, m\u00e1 alimenta\u00e7\u00e3o, sono ruim, falta de organiza\u00e7\u00e3o e excesso de informa\u00e7\u00f5es est\u00e3o entre as causas mais comuns.<\/p>\n\n\n\n<p><strong>2. Como saber se estou esquecendo demais?<\/strong> Observe a frequ\u00eancia dos lapsos, fa\u00e7a listas comparativas e realize pequenos testes de mem\u00f3ria.<\/p>\n\n\n\n<p><strong>3. H\u00e1 t\u00e9cnicas para melhorar a mem\u00f3ria?<\/strong> Sim. T\u00e9cnicas de memoriza\u00e7\u00e3o, como as ensinadas no curso Mem\u00f3ria Blindada, ajudam a aumentar a reten\u00e7\u00e3o e o foco.<\/p>\n\n\n\n<p><strong>4. Esquecimentos s\u00e3o normais com o tempo?<\/strong> At\u00e9 certo ponto sim. Por\u00e9m, quando interferem na vida pessoal ou profissional, \u00e9 preciso investigar.<\/p>\n\n\n\n<p><strong>5. Jovens tamb\u00e9m t\u00eam problemas de mem\u00f3ria?<\/strong> Sim. Segundo a CNN Brasil, fatores como estresse e uso excessivo de tecnologia est\u00e3o afetando a mem\u00f3ria de jovens.<\/p>\n\n\n\n<p><strong>6. O que posso fazer hoje para melhorar minha mem\u00f3ria?<\/strong> Comece organizando sua rotina, melhorando sua qualidade de sono, alimenta\u00e7\u00e3o e incluindo exerc\u00edcios mentais di\u00e1rios.<\/p>\n\n\n\n<h2 class=\"wp-block-heading\">Veja tamb\u00e9m:<\/h2>\n\n\n\n<figure class=\"wp-block-embed is-type-rich is-provider-incorporar-manipulador wp-block-embed-incorporar-manipulador wp-embed-aspect-16-9 wp-has-aspect-ratio\"><div class=\"wp-block-embed__wrapper\">\n<iframe title=\"Sua Mente Est\u00e1 Fraca? Aprenda Como Fortalecer e Blindar\" width=\"800\" height=\"450\" src=\"https:\/\/www.youtube.com\/embed\/e2tQwGnpJ5A?feature=oembed\" frameborder=\"0\" allow=\"accelerometer; autoplay; clipboard-write; encrypted-media; gyroscope; picture-in-picture; web-share\" referrerpolicy=\"strict-origin-when-cross-origin\" allowfullscreen><\/iframe>\n<\/div><\/figure>\n","protected":false},"excerpt":{"rendered":"<p>Voc\u00ea sabia que o excesso de informa\u00e7\u00f5es pode causar um \u201cbug cerebral\u201d? Em tempo algum a humanidade teve tanto acesso ao conhecimento como nos dias atuais. Aliado ao estresse do dia a dia, este aparente benef\u00edcio pode, no entanto, acarretar o esquecimento dos compromissos, tarefas e objetos. Quem nunca ouviu falar de pessoas que esquecem [&hellip;]<\/p>\n","protected":false},"author":24,"featured_media":1927,"comment_status":"open","ping_status":"open","sticky":false,"template":"","format":"standard","meta":{"footnotes":""},"categories":[262],"tags":[41,145,56,44,45,46,212,98,67,153,71,6,43,29,42,74,55],"class_list":["post-1926","post","type-post","status-publish","format-standard","has-post-thumbnail","hentry","category-estudo-e-desenvolvimento","tag-alzheimer","tag-boa-memoria","tag-branco-na-memoria","tag-concentracao","tag-curso-de-memorizacao","tag-curso-de-memorizacao-online","tag-curso-memoria-blindada","tag-curso-online-renato-alves","tag-dicas-de-memorizacao","tag-esquecimento","tag-evitar-esquecimento","tag-evitar-esquecimentos","tag-foco","tag-memoria","tag-memorizacao","tag-metodo-renato-alves","tag-renato-alves"],"_links":{"self":[{"href":"https:\/\/renatoalves.com.br\/blog\/wp-json\/wp\/v2\/posts\/1926","targetHints":{"allow":["GET"]}}],"collection":[{"href":"https:\/\/renatoalves.com.br\/blog\/wp-json\/wp\/v2\/posts"}],"about":[{"href":"https:\/\/renatoalves.com.br\/blog\/wp-json\/wp\/v2\/types\/post"}],"author":[{"embeddable":true,"href":"https:\/\/renatoalves.com.br\/blog\/wp-json\/wp\/v2\/users\/24"}],"replies":[{"embeddable":true,"href":"https:\/\/renatoalves.com.br\/blog\/wp-json\/wp\/v2\/comments?post=1926"}],"version-history":[{"count":3,"href":"https:\/\/renatoalves.com.br\/blog\/wp-json\/wp\/v2\/posts\/1926\/revisions"}],"predecessor-version":[{"id":10659,"href":"https:\/\/renatoalves.com.br\/blog\/wp-json\/wp\/v2\/posts\/1926\/revisions\/10659"}],"wp:featuredmedia":[{"embeddable":true,"href":"https:\/\/renatoalves.com.br\/blog\/wp-json\/wp\/v2\/media\/1927"}],"wp:attachment":[{"href":"https:\/\/renatoalves.com.br\/blog\/wp-json\/wp\/v2\/media?parent=1926"}],"wp:term":[{"taxonomy":"category","embeddable":true,"href":"https:\/\/renatoalves.com.br\/blog\/wp-json\/wp\/v2\/categories?post=1926"},{"taxonomy":"post_tag","embeddable":true,"href":"https:\/\/renatoalves.com.br\/blog\/wp-json\/wp\/v2\/tags?post=1926"}],"curies":[{"name":"wp","href":"https:\/\/api.w.org\/{rel}","templated":true}]}}