{"id":194,"date":"2011-03-31T11:22:36","date_gmt":"2011-03-31T14:22:36","guid":{"rendered":"http:\/\/www.renatoalves.com.br\/blog\/?p=194"},"modified":"2021-10-14T15:10:33","modified_gmt":"2021-10-14T18:10:33","slug":"professor-utiliza-teatro-como-ferramenta-pedagogica-para-estimular-alunos","status":"publish","type":"post","link":"https:\/\/renatoalves.com.br\/blog\/professor-utiliza-teatro-como-ferramenta-pedagogica-para-estimular-alunos\/","title":{"rendered":"Professor utiliza teatro como ferramenta pedag\u00f3gica para estimular alunos"},"content":{"rendered":"<p>Professor utiliza teatro como ferramenta pedag\u00f3gica para estimular alunos.<\/p>\n<p>Na Escola Estadual Padre Afonso Paschotte, em Mau\u00e1, docente incorpora personagens e promove esquetes em sala de aula com a proposta de aproximar os estudantes do ambiente escolar<\/p>\n<h2>O teatro como ferramenta pedag\u00f3gica<\/h2>\n<p>Professor de L\u00edngua Portuguesa do ciclo II do Ensino Fundamental (5\u00aa a 8\u00aa s\u00e9rie) na Escola Estadual Padre Afonso Paschotte, em Mau\u00e1, J\u00falio C\u00e9sar Sbarrais encontrou uma forma diferente de fazer com que os alunos se envolvam e vivenciem os temas estudados em sala de aula.<\/p>\n<p>Al\u00e9m do tradicional quadro negro e giz, o docente faz uso de personagens e esquetes teatrais com a proposta de aproximar os estudantes do ambiente escolar. \u201cO curr\u00edculo \u00e9 o mesmo, apenas procuro trabalhar de uma forma diferente\u201d, salienta J\u00falio, formado em letras e artes c\u00eanicas.<\/p>\n<p>A inspira\u00e7\u00e3o veio de um trabalho volunt\u00e1rio que o professor desenvolve desde 2002, no qual visita asilos e hospitais, caracterizado de clown (palha\u00e7o), com objetivo de alegrar os idosos e enfermos, contribuindo assim para o bem-estar e a recupera\u00e7\u00e3o dos pacientes.<\/p>\n<p>\u201c\u00c9 um trabalho de humaniza\u00e7\u00e3o, que achei interessante levar para a sala de aula. E a receptividade foi muito boa. Quando a gente prop\u00f5e ao aluno um novo olhar, ele logo se identifica e h\u00e1 retorno\u201d, comenta.<\/p>\n<p>J\u00e1 no primeiro dia de aula, para dar as boas-vindas, J\u00falio incorpora o palha\u00e7o Tinin. De maneira engra\u00e7ada e descontra\u00edda, ele faz um \u201ccontrato pedag\u00f3gico\u201d com os estudantes, estabelecendo regras para conduta em sala, sobre o uso de celulares, aparelhos eletr\u00f4nicos e outras normas.<\/p>\n<p>No decorrer do ano, diversos personagens d\u00e3o vida aos projetos pedag\u00f3gicos desenvolvidos pelo professor, de acordo com tema ministrado. Em uma aula sobre a literatura de cordel, por exemplo, J\u00falio recepcionou os alunos caracterizado de Lampi\u00e3o, com a sala ambientada, imitando uma caatinga.<\/p>\n<p>\u201cO personagem e o cen\u00e1rio envolvem os alunos. \u00c9 uma din\u00e2mica de humaniza\u00e7\u00e3o, que proporciona uma forma de interagir mais construtiva\u201d, afirma o docente.<\/p>\n<p>Aluno da 7\u00aa s\u00e9rie, Mateus de Campos Em\u00eddio, de 12 anos, disse que nunca tinha tido assistido a uma aula como a do professor J\u00falio e aprovou a ideia.<\/p>\n<p>\u201cGosto de teatro e acho uma forma muito legal de ensinar. A gente aprende de maneira mais r\u00e1pida e f\u00e1cil. Ele \u00e9 um bom professor. Explica bem a mat\u00e9ria, \u00e9 paciente e sabe cativar os alunos\u201d, conta o estudante.<\/p>\n<p><strong>Fonte:<\/strong> Secretaria da Educa\u00e7\u00e3o &#8211; SP<\/p>\n<p style=\"text-align: center;\">[inf_infusionsoft_inline optin_id=optin_1]<\/p>\n<p>\u00c9 \u00f3timo saber que existe professores que sempre inovam. O que voc\u00ea achou do uso do teatro como ferramenta pedag\u00f3gica?<\/p>\n<p>N\u00e3o esque\u00e7a de deixar seu comentar.<\/p>\n<p style=\"text-align: justify;\"><strong>Ps.1:\u00a0<\/strong>Voc\u00ea sente dificuldade de aprender as mat\u00e9rias na escola e se lembrar de coisas do dia a dia? Gostaria de convidar voc\u00ea a conhecer o meu\u00a0<a class=\"\" href=\"https:\/\/estudomemorizacao.com.br\" target=\"_blank\" rel=\"noopener noreferrer\">curso\u00a0Estudo e Memoriza\u00e7\u00e3o.<\/a><\/p>\n<p style=\"text-align: justify;\">H\u00e1 mais de 20 anos ensino este m\u00e9todo de memoriza\u00e7\u00e3o, que j\u00e1 est\u00e1 presente em mais de 100 pa\u00edses e tem 97% de avalia\u00e7\u00e3o positiva. D\u00ea uma olhadinha nos depoimentos dos nossos alunos:<\/p>\n<p style=\"text-align: center;\"><a href=\"https:\/\/renatoalves.com.br\/acrobatas-da-memoria\/\">\u00bb Clique Aqui\u00a0e assista alguns depoimentos de alunos do curso\u00a0\u00ab<\/a><\/p>\n<p style=\"text-align: justify;\">Nas videoaulas eu explico de maneira bem objetiva, todas as estrat\u00e9gias que utilizo para n\u00e3o esquecer de nada e me ajudaram a ganhar o t\u00edtulo de melhor mem\u00f3ria do Brasil.<\/p>\n<p style=\"text-align: justify;\">Acredito tanto na efici\u00eancia do m\u00e9todo que s<span style=\"font-size: 1rem;\">e em 7 dias voc\u00ea\u00a0 n\u00e3o notar melhoras no seu n\u00edvel de memoriza\u00e7\u00e3o, eu assumirei total responsabilidade e devolverei 100% do seu investimento. O que voc\u00ea acha?<\/span><\/p>\n<p style=\"text-align: center;\"><a class=\"\" href=\"https:\/\/estudomemorizacao.com.br\" target=\"_blank\" rel=\"noopener noreferrer\">Clique aqui e saiba mais sobre o treinamento!<\/a><\/p>\n<p style=\"text-align: justify;\"><span style=\"font-weight: 400;\">Viva bem. Lembre bem.<\/span><\/p>\n<p style=\"text-align: justify;\"><span style=\"font-weight: 400;\">At\u00e9 a pr\u00f3xima.<\/span><\/p>\n<p style=\"text-align: justify;\"><strong>Renato Alves<\/strong>\u00a0\u00e9 escritor, pesquisador e primeiro brasileiro a receber o t\u00edtulo oficial de melhor mem\u00f3ria do Brasil. Autor de um m\u00e9todo patenteado de memoriza\u00e7\u00e3o que ganhou reconhecimento nacional e j\u00e1 est\u00e1 presente em mais de 100 pa\u00edses.<\/p>\n<p><strong>Ps.2:\u00a0<\/strong>Quer ter acesso \u00e0 outras informa\u00e7\u00f5es?\u00a0<a href=\"https:\/\/www.facebook.com\/RenatoAlvesOficial\">Curta e siga a minha fanpage no Facebook<\/a>\u00a0e tamb\u00e9m\u00a0<a href=\"http:\/\/www.youtube.com\/videosmemoria\/videos?sub_confirmation=1\">inscreva-se no meu canal no Youtube.<\/a><\/p>\n<p><a href=\"https:\/\/renatoalves.com.br\"><img fetchpriority=\"high\" decoding=\"async\" class=\"wp-image-2516 size-full aligncenter\" src=\"\/\/renatoalves.com.br\/blog\/wp-content\/uploads\/2015\/02\/banner_EM.jpg\" alt=\"Curso Estudo e Memoriza\u00e7\u00e3o\" width=\"3002\" height=\"353\" \/><\/a><\/p>\n","protected":false},"excerpt":{"rendered":"<p>Na Escola Estadual Padre Afonso Paschotte, em Mau\u00e1, docente incorpora personagens e promove esquetes em sala de aula com a proposta de aproximar os estudantes do ambiente escolar<\/p>\n","protected":false},"author":24,"featured_media":2676,"comment_status":"closed","ping_status":"closed","sticky":false,"template":"","format":"standard","meta":{"footnotes":""},"categories":[262],"tags":[60,65,66,84,75,46],"class_list":["post-194","post","type-post","status-publish","format-standard","has-post-thumbnail","hentry","category-estudo-e-desenvolvimento","tag-como-estudar","tag-como-estudar-para-concurso","tag-como-estudar-para-o-enem","tag-como-fazer-um-plano-de-estudo","tag-como-passar-em-concurso","tag-curso-de-memorizacao-online"],"_links":{"self":[{"href":"https:\/\/renatoalves.com.br\/blog\/wp-json\/wp\/v2\/posts\/194","targetHints":{"allow":["GET"]}}],"collection":[{"href":"https:\/\/renatoalves.com.br\/blog\/wp-json\/wp\/v2\/posts"}],"about":[{"href":"https:\/\/renatoalves.com.br\/blog\/wp-json\/wp\/v2\/types\/post"}],"author":[{"embeddable":true,"href":"https:\/\/renatoalves.com.br\/blog\/wp-json\/wp\/v2\/users\/24"}],"replies":[{"embeddable":true,"href":"https:\/\/renatoalves.com.br\/blog\/wp-json\/wp\/v2\/comments?post=194"}],"version-history":[{"count":3,"href":"https:\/\/renatoalves.com.br\/blog\/wp-json\/wp\/v2\/posts\/194\/revisions"}],"predecessor-version":[{"id":7667,"href":"https:\/\/renatoalves.com.br\/blog\/wp-json\/wp\/v2\/posts\/194\/revisions\/7667"}],"wp:featuredmedia":[{"embeddable":true,"href":"https:\/\/renatoalves.com.br\/blog\/wp-json\/wp\/v2\/media\/2676"}],"wp:attachment":[{"href":"https:\/\/renatoalves.com.br\/blog\/wp-json\/wp\/v2\/media?parent=194"}],"wp:term":[{"taxonomy":"category","embeddable":true,"href":"https:\/\/renatoalves.com.br\/blog\/wp-json\/wp\/v2\/categories?post=194"},{"taxonomy":"post_tag","embeddable":true,"href":"https:\/\/renatoalves.com.br\/blog\/wp-json\/wp\/v2\/tags?post=194"}],"curies":[{"name":"wp","href":"https:\/\/api.w.org\/{rel}","templated":true}]}}