{"id":1947,"date":"2025-08-29T22:00:00","date_gmt":"2025-08-30T01:00:00","guid":{"rendered":"http:\/\/renatoalves.com.br\/blog\/?p=1947"},"modified":"2025-08-28T19:08:43","modified_gmt":"2025-08-28T22:08:43","slug":"para-voce-refletir-e-memorizar","status":"publish","type":"post","link":"https:\/\/renatoalves.com.br\/blog\/para-voce-refletir-e-memorizar\/","title":{"rendered":"Para voc\u00ea refletir e memorizar"},"content":{"rendered":"\n<p class=\"p1\">Refletir e memorizar \u00e9 algo natural depois de anos de pr\u00e1tica, mas ainda me lembro com nitidez da primeira vez que me admirei com o poder da<a href=\"https:\/\/memoriablindada.com.br\/\" target=\"_blank\" rel=\"noreferrer noopener\"> mem\u00f3ria humana.<\/a> Era uma recepcionista que sabia, de cor, os telefones de todos os clientes. Ou o atendente do banco que, ao me ver, j\u00e1 dizia meu n\u00famero de conta. Isso numa \u00e9poca em que n\u00e3o existiam celulares ou internet, e as agendas eram brindes de final de ano.<\/p>\n\n\n\n<figure class=\"wp-block-image size-large\"><a href=\"https:\/\/memoriablindada.com.br\/\"><img fetchpriority=\"high\" decoding=\"async\" width=\"1024\" height=\"120\" src=\"https:\/\/renatoalves.com.br\/blog\/wp-content\/uploads\/2014\/09\/MEMORIA-BLINDADA-BANNER-BLOG-RENATO-ALVES-1024x120.png\" alt=\"banner mem\u00f3ria blindada\" class=\"wp-image-10107\" srcset=\"https:\/\/renatoalves.com.br\/blog\/wp-content\/uploads\/2014\/09\/MEMORIA-BLINDADA-BANNER-BLOG-RENATO-ALVES-1024x120.png 1024w, https:\/\/renatoalves.com.br\/blog\/wp-content\/uploads\/2014\/09\/MEMORIA-BLINDADA-BANNER-BLOG-RENATO-ALVES-300x35.png 300w, https:\/\/renatoalves.com.br\/blog\/wp-content\/uploads\/2014\/09\/MEMORIA-BLINDADA-BANNER-BLOG-RENATO-ALVES-768x90.png 768w, https:\/\/renatoalves.com.br\/blog\/wp-content\/uploads\/2014\/09\/MEMORIA-BLINDADA-BANNER-BLOG-RENATO-ALVES-1536x181.png 1536w, https:\/\/renatoalves.com.br\/blog\/wp-content\/uploads\/2014\/09\/MEMORIA-BLINDADA-BANNER-BLOG-RENATO-ALVES.png 1700w\" sizes=\"(max-width: 1024px) 100vw, 1024px\" \/><\/a><\/figure>\n\n\n\n<h2 class=\"wp-block-heading\">O que a minha gera\u00e7\u00e3o ainda guarda na mem\u00f3ria<\/h2>\n\n\n\n<p>Hoje, me orgulho de ser reconhecido como o Melhor Mem\u00f3ria do Brasil, mas nem sempre foi assim. Sou prova de que \u00e9 poss\u00edvel desenvolver uma mem\u00f3ria forte. Muitos da minha gera\u00e7\u00e3o ainda se lembram, por exemplo, de quem foi o M\u00e1rtir da Independ\u00eancia, ou sabem entoar o Hino \u00e0 Bandeira apenas ao ouvir seus primeiros acordes.<\/p>\n\n\n\n<h2 class=\"wp-block-heading\">Mem\u00f3ria \u00e9 identidade<\/h2>\n\n\n\n<p>Ter boa mem\u00f3ria \u00e9 essencial para o indiv\u00edduo, mas tamb\u00e9m para a sociedade. \u00c9 por meio dela que preservamos a hist\u00f3ria, evitamos erros do passado e constru\u00edmos futuro com consci\u00eancia.<\/p>\n\n\n\n<p>Tiradentes, por exemplo, foi o M\u00e1rtir da Inconfid\u00eancia Mineira e da Independ\u00eancia. Seu nome completo? <strong>Joaquim Jos\u00e9 da Silva Xavier<\/strong>. Nascido em 1746, na Fazenda do Pombal (entre Tiradentes e S\u00e3o Jo\u00e3o del Rei &#8211; MG), seu legado resiste porque mem\u00f3rias foram cultivadas.<\/p>\n\n\n\n<h2 class=\"wp-block-heading\">Fa\u00e7a o teste: sua mem\u00f3ria est\u00e1 ativa?<\/h2>\n\n\n\n<p>Se voc\u00ea conseguiu lembrar desse nome sem pesquisar, parab\u00e9ns! Mas se quiser ir al\u00e9m, tente se lembrar do nome do traidor que entregou o movimento \u00e0 Coroa Portuguesa, causando a morte e esquartejamento de Tiradentes.<\/p>\n\n\n\n<p>Uma dica: ele era xar\u00e1 do her\u00f3i. Responda aqui nos coment\u00e1rios e concorra a um livro de memorizac\u00e3o autografado por mim!<\/p>\n\n\n\n<h2 class=\"wp-block-heading\">Dificuldade de memorizar? Conhe\u00e7a o curso Mem\u00f3ria Blindada<\/h2>\n\n\n\n<p>Se voc\u00ea sente dificuldade para memorizar informa\u00e7\u00f5es no dia a dia, convido voc\u00ea a conhecer meu curso <strong>Mem\u00f3ria Blindada<\/strong>. J\u00e1 est\u00e1 presente em mais de 100 pa\u00edses, com 97% de aprova\u00e7\u00e3o. Veja depoimentos reais dos alunos:<\/p>\n\n\n\n<p>Nas videoaulas, ensino de forma objetiva todas as t\u00e9cnicas que uso para memorizar nomes, datas, informa\u00e7\u00f5es complexas e muito mais.<\/p>\n\n\n\n<p>Confio tanto no m\u00e9todo que ofere\u00e7o garantia: se em 7 dias voc\u00ea n\u00e3o notar melhoras, devolvo 100% do seu investimento.<\/p>\n\n\n\n<figure class=\"wp-block-image size-large\"><a href=\"https:\/\/memoriablindada.com.br\/\"><img fetchpriority=\"high\" decoding=\"async\" width=\"1024\" height=\"120\" src=\"https:\/\/renatoalves.com.br\/blog\/wp-content\/uploads\/2014\/09\/MEMORIA-BLINDADA-BANNER-BLOG-RENATO-ALVES-1024x120.png\" alt=\"banner mem\u00f3ria blindada\" class=\"wp-image-10107\" srcset=\"https:\/\/renatoalves.com.br\/blog\/wp-content\/uploads\/2014\/09\/MEMORIA-BLINDADA-BANNER-BLOG-RENATO-ALVES-1024x120.png 1024w, https:\/\/renatoalves.com.br\/blog\/wp-content\/uploads\/2014\/09\/MEMORIA-BLINDADA-BANNER-BLOG-RENATO-ALVES-300x35.png 300w, https:\/\/renatoalves.com.br\/blog\/wp-content\/uploads\/2014\/09\/MEMORIA-BLINDADA-BANNER-BLOG-RENATO-ALVES-768x90.png 768w, https:\/\/renatoalves.com.br\/blog\/wp-content\/uploads\/2014\/09\/MEMORIA-BLINDADA-BANNER-BLOG-RENATO-ALVES-1536x181.png 1536w, https:\/\/renatoalves.com.br\/blog\/wp-content\/uploads\/2014\/09\/MEMORIA-BLINDADA-BANNER-BLOG-RENATO-ALVES.png 1700w\" sizes=\"(max-width: 1024px) 100vw, 1024px\" \/><\/a><\/figure>\n\n\n\n<h2 class=\"wp-block-heading\">Perguntas Frequentes (FAQ)<\/h2>\n\n\n\n<h3 class=\"wp-block-heading\">1. \u00c9 poss\u00edvel melhorar a mem\u00f3ria com t\u00e9cnica?<\/h3>\n\n\n\n<p>Sim. A mem\u00f3ria pode ser desenvolvida com m\u00e9todos cient\u00edficos e pr\u00e1ticos.<\/p>\n\n\n\n<h3 class=\"wp-block-heading\">2. Qual a vantagem de uma boa mem\u00f3ria na vida pessoal e profissional?<\/h3>\n\n\n\n<p>Uma boa mem\u00f3ria melhora o desempenho no trabalho, facilita os estudos e aumenta a autoconfian\u00e7a.<\/p>\n\n\n\n<h3 class=\"wp-block-heading\">3. Quem pode fazer o curso Mem\u00f3ria Blindada?<\/h3>\n\n\n\n<p>Qualquer pessoa interessada em aumentar sua capacidade de memoriza\u00e7\u00e3o e aprendizagem.<\/p>\n\n\n\n<h3 class=\"wp-block-heading\">4. O curso funciona para quem tem mais de 40 ou 60 anos?<\/h3>\n\n\n\n<p>Sim. Temos alunos de todas as idades com \u00f3timos resultados.<\/p>\n\n\n\n<h3 class=\"wp-block-heading\">5. Quanto tempo leva para ver resultados?<\/h3>\n\n\n\n<p class=\"p1\">Muitos alunos relatam melhoras nas primeiras semanas. O programa \u00e9 estruturado para aplica\u00e7\u00e3o imediata.<\/p>\n\n\n\n<p><\/p>\n","protected":false},"excerpt":{"rendered":"<p>Refletir e memorizar \u00e9 algo natural depois de anos de pr\u00e1tica, mas ainda me lembro com nitidez da primeira vez que me admirei com o poder da mem\u00f3ria humana. Era uma recepcionista que sabia, de cor, os telefones de todos os clientes. Ou o atendente do banco que, ao me ver, j\u00e1 dizia meu n\u00famero [&hellip;]<\/p>\n","protected":false},"author":24,"featured_media":2057,"comment_status":"open","ping_status":"open","sticky":false,"template":"","format":"standard","meta":{"footnotes":""},"categories":[262],"tags":[41,145,56,60,44,45,46,212,98,68,147,29,42,146],"class_list":["post-1947","post","type-post","status-publish","format-standard","has-post-thumbnail","hentry","category-estudo-e-desenvolvimento","tag-alzheimer","tag-boa-memoria","tag-branco-na-memoria","tag-como-estudar","tag-concentracao","tag-curso-de-memorizacao","tag-curso-de-memorizacao-online","tag-curso-memoria-blindada","tag-curso-online-renato-alves","tag-curso-renato-alves","tag-martir","tag-memoria","tag-memorizacao","tag-tiradentes"],"_links":{"self":[{"href":"https:\/\/renatoalves.com.br\/blog\/wp-json\/wp\/v2\/posts\/1947","targetHints":{"allow":["GET"]}}],"collection":[{"href":"https:\/\/renatoalves.com.br\/blog\/wp-json\/wp\/v2\/posts"}],"about":[{"href":"https:\/\/renatoalves.com.br\/blog\/wp-json\/wp\/v2\/types\/post"}],"author":[{"embeddable":true,"href":"https:\/\/renatoalves.com.br\/blog\/wp-json\/wp\/v2\/users\/24"}],"replies":[{"embeddable":true,"href":"https:\/\/renatoalves.com.br\/blog\/wp-json\/wp\/v2\/comments?post=1947"}],"version-history":[{"count":3,"href":"https:\/\/renatoalves.com.br\/blog\/wp-json\/wp\/v2\/posts\/1947\/revisions"}],"predecessor-version":[{"id":10657,"href":"https:\/\/renatoalves.com.br\/blog\/wp-json\/wp\/v2\/posts\/1947\/revisions\/10657"}],"wp:featuredmedia":[{"embeddable":true,"href":"https:\/\/renatoalves.com.br\/blog\/wp-json\/wp\/v2\/media\/2057"}],"wp:attachment":[{"href":"https:\/\/renatoalves.com.br\/blog\/wp-json\/wp\/v2\/media?parent=1947"}],"wp:term":[{"taxonomy":"category","embeddable":true,"href":"https:\/\/renatoalves.com.br\/blog\/wp-json\/wp\/v2\/categories?post=1947"},{"taxonomy":"post_tag","embeddable":true,"href":"https:\/\/renatoalves.com.br\/blog\/wp-json\/wp\/v2\/tags?post=1947"}],"curies":[{"name":"wp","href":"https:\/\/api.w.org\/{rel}","templated":true}]}}