{"id":2060,"date":"2025-08-29T06:10:00","date_gmt":"2025-08-29T09:10:00","guid":{"rendered":"http:\/\/renatoalves.com.br\/blog\/?p=2060"},"modified":"2025-08-28T10:01:16","modified_gmt":"2025-08-28T13:01:16","slug":"o-aluno-hoje-memorizacao-e-os-tres-estagios-de-aprendizagem","status":"publish","type":"post","link":"https:\/\/renatoalves.com.br\/blog\/o-aluno-hoje-memorizacao-e-os-tres-estagios-de-aprendizagem\/","title":{"rendered":"O aluno hoje, a memoriza\u00e7\u00e3o, e os tr\u00eas est\u00e1gios de aprendizagem"},"content":{"rendered":"\n<p class=\"p1\">Voc\u00ea j\u00e1 se perguntou <strong>como \u00e9 o aluno de hoje<\/strong>, qual o papel da mem\u00f3ria no aprendizado e o que distingue os <strong>tr\u00eas est\u00e1gios de aprendizagem<\/strong>? E mais: <a href=\"https:\/\/estudomemorizacao.com.br\/\" target=\"_blank\" rel=\"noreferrer noopener\"><strong>o que seria preciso para que todos os alunos se tornassem \u201csuperalunos\u201d<\/strong>?<\/a><\/p>\n\n\n\n<p>Parece utopia? Eu o convido a pensar: <strong>n\u00e3o precisa ser. \u00c9 um projeto exequ\u00edvel<\/strong>.<\/p>\n\n\n\n<figure class=\"wp-block-image size-large\"><a href=\"https:\/\/estudomemorizacao.com.br\/\"><img fetchpriority=\"high\" decoding=\"async\" width=\"1024\" height=\"182\" src=\"https:\/\/renatoalves.com.br\/blog\/wp-content\/uploads\/2018\/11\/capa_banner-1024x182.jpg\" alt=\"estudo e memoriza\u00e7\u00e3o para concurso p\u00fablico\" class=\"wp-image-6047\" srcset=\"https:\/\/renatoalves.com.br\/blog\/wp-content\/uploads\/2018\/11\/capa_banner-1024x182.jpg 1024w, https:\/\/renatoalves.com.br\/blog\/wp-content\/uploads\/2018\/11\/capa_banner-300x53.jpg 300w, https:\/\/renatoalves.com.br\/blog\/wp-content\/uploads\/2018\/11\/capa_banner-768x137.jpg 768w, https:\/\/renatoalves.com.br\/blog\/wp-content\/uploads\/2018\/11\/capa_banner-610x109.jpg 610w\" sizes=\"(max-width: 1024px) 100vw, 1024px\" \/><\/a><\/figure>\n\n\n\n<h2 class=\"wp-block-heading\">O Convite de Kant: \u201cEnsinar a Pensar\u201d<\/h2>\n\n\n\n<p>Quando Immanuel Kant escreveu o panfleto anunciando o \u201cPrograma do Semestre de Inverno\u201d, em 1765, ele nos lan\u00e7ou um convite poderoso: <strong>pensar melhor sobre nossos estudos, elevar ao m\u00e1ximo nossas capacidades intelectuais<\/strong>.<\/p>\n\n\n\n<p>O t\u00edtulo era ousado \u2014 \u201cEnsinar a Pensar\u201d \u2014 e denunciava algo que, embora antigo, ainda persiste: a ilus\u00e3o da sabedoria. Muitos se mostram como homens de instru\u00e7\u00e3o, mas carecem de entendimento real.<\/p>\n\n\n\n<p>Essa cr\u00edtica segue v\u00e1lida hoje: apesar da vasta informa\u00e7\u00e3o ao alcance dos alunos, muitos ainda <strong>n\u00e3o conseguem interpretar textos<\/strong> com profundidade ou escrever reda\u00e7\u00f5es com fundamenta\u00e7\u00e3o.<\/p>\n\n\n\n<h2 class=\"wp-block-heading\">Os Tr\u00eas Est\u00e1gios de Aprendizagem Segundo Kant<\/h2>\n\n\n\n<ol class=\"wp-block-list\">\n<li><strong>Entendimento<\/strong> \u2013 o primeiro contato com o assunto, que prepara o \u201csolo\u201d mental para o conhecimento.<\/li>\n\n\n\n<li><strong>Raz\u00e3o<\/strong> \u2013 etapa em que o professor instrui com clareza e seguran\u00e7a, estimulando o aluno a analisar criticamente e aprofundar-se no aprendizado.<\/li>\n\n\n\n<li><strong>Instru\u00e7\u00e3o<\/strong> \u2013 est\u00e1gio final, onde o aluno aplica com discernimento o que aprendeu, convertendo teoria em solu\u00e7\u00e3o pr\u00e1tica e madura.<\/li>\n<\/ol>\n\n\n\n<p>Mesmo se o estudante interromper o processo em qualquer desses est\u00e1gios, j\u00e1 ter\u00e1 evolu\u00eddo \u2014 n\u00e3o s\u00f3 nos estudos, mas na vida, pois cada etapa desenvolve uma faceta distinta da intelig\u00eancia.<\/p>\n\n\n\n<h2 class=\"wp-block-heading\">A Mem\u00f3ria: O Alicerce do Superaluno<\/h2>\n\n\n\n<p>Trago aqui um elemento essencial que sustenta os tr\u00eas est\u00e1gios: <strong>a mem\u00f3ria<\/strong>.<\/p>\n\n\n\n<ul class=\"wp-block-list\">\n<li>A mem\u00f3ria <strong>registra, compara e recupera<\/strong> o conhecimento. \u00c9 o \u201cparque de divers\u00f5es\u201d da intelig\u00eancia, do racioc\u00ednio e da linguagem.<\/li>\n\n\n\n<li>Sem ela, o aluno estuda, esquece e se frustra \u2014 o esfor\u00e7o perde sentido.<\/li>\n\n\n\n<li>Pergunto: <strong>\u00c9 poss\u00edvel aprender sem memorizar?<\/strong> Sim \u2014 no est\u00e1gio do entendimento, muitos dizem entender, mas logo esquecem.<\/li>\n\n\n\n<li>E <strong>memorizar sem aprender?<\/strong> Tamb\u00e9m sim \u2014 a famosa \u201cdecoreba\u201d. \u00c9 comum o aluno cantar uma m\u00fasica em outra l\u00edngua sem compreender sequer uma palavra.<\/li>\n<\/ul>\n\n\n\n<p>O estudante que busca excel\u00eancia n\u00e3o tem pressa: ele aplica <strong>planejamento, m\u00e9todo e disciplina<\/strong>. Usa estrat\u00e9gias que promovem tanto memoriza\u00e7\u00e3o quanto compreens\u00e3o profunda \u2014 resultando em desempenho superior.<\/p>\n\n\n\n<p>Quando o aluno atinge o est\u00e1gio da instru\u00e7\u00e3o, ele <strong>analisa com maturidade<\/strong>, distingue o essencial do dispens\u00e1vel e aplica o conhecimento com relev\u00e2ncia \u2014 colhendo os <a href=\"https:\/\/renatoalves.com.br\/blog\/dicas-estressar-com-volta-as-aulas\/\" target=\"_blank\" rel=\"noreferrer noopener\">bons frutos dos estudos.<\/a><\/p>\n\n\n\n<p>E voc\u00ea, leitor: <strong><a href=\"https:\/\/estudomemorizacao.com.br\/\" target=\"_blank\" rel=\"noreferrer noopener\">se identifica como um estudante do entendimento, da raz\u00e3o ou da instru\u00e7\u00e3o?<\/a><\/strong> Como tem treinado sua mem\u00f3ria para avan\u00e7ar de forma profunda e consciente?<\/p>\n\n\n\n<figure class=\"wp-block-image size-large\"><a href=\"https:\/\/estudomemorizacao.com.br\/\"><img fetchpriority=\"high\" decoding=\"async\" width=\"1024\" height=\"182\" src=\"https:\/\/renatoalves.com.br\/blog\/wp-content\/uploads\/2018\/11\/capa_banner-1024x182.jpg\" alt=\"estudo e memoriza\u00e7\u00e3o para concurso p\u00fablico\" class=\"wp-image-6047\" srcset=\"https:\/\/renatoalves.com.br\/blog\/wp-content\/uploads\/2018\/11\/capa_banner-1024x182.jpg 1024w, https:\/\/renatoalves.com.br\/blog\/wp-content\/uploads\/2018\/11\/capa_banner-300x53.jpg 300w, https:\/\/renatoalves.com.br\/blog\/wp-content\/uploads\/2018\/11\/capa_banner-768x137.jpg 768w, https:\/\/renatoalves.com.br\/blog\/wp-content\/uploads\/2018\/11\/capa_banner-610x109.jpg 610w\" sizes=\"(max-width: 1024px) 100vw, 1024px\" \/><\/a><\/figure>\n\n\n\n<h2 class=\"wp-block-heading\">Perguntas Frequentes (FAQ)<\/h2>\n\n\n\n<h3 class=\"wp-block-heading\">1. <strong>Quais s\u00e3o os tr\u00eas est\u00e1gios de aprendizagem segundo Kant?<\/strong><\/h3>\n\n\n\n<p>S\u00e3o <strong>entendimento<\/strong>, <strong>raz\u00e3o<\/strong> e <strong>instru\u00e7\u00e3o<\/strong> \u2014 fases que desenvolvem intelig\u00eancia desde a familiariza\u00e7\u00e3o at\u00e9 a aplica\u00e7\u00e3o cr\u00edtica do conhecimento.<\/p>\n\n\n\n<h3 class=\"wp-block-heading\">2. <strong>Por que a mem\u00f3ria \u00e9 fundamental no aprendizado?<\/strong><\/h3>\n\n\n\n<p>A mem\u00f3ria permite <strong>registrar, comparar e recuperar<\/strong> o que se aprende. Sem ela, o esfor\u00e7o se perde no esquecimento e gera desmotiva\u00e7\u00e3o.<\/p>\n\n\n\n<h3 class=\"wp-block-heading\">3. <strong>\u00c9 poss\u00edvel aprender sem memorizar e memorizar sem aprender?<\/strong><\/h3>\n\n\n\n<p>Sim. Aprender sem memorizar leva ao esquecimento r\u00e1pido. Memorizar sem entender \u2014 a \u201cdecoreba\u201d \u2014 resulta em superficialidade. Um aprendizado eficaz exige ambos: <strong>compreens\u00e3o e reten\u00e7\u00e3o<\/strong>.<\/p>\n\n\n\n<h3 class=\"wp-block-heading\">4. <strong>Como eliminar a decoreba e construir aprendizagem significativa?<\/strong><\/h3>\n\n\n\n<p>Com <strong>planejamento<\/strong>, <strong>m\u00e9todo<\/strong> e <strong>disciplina<\/strong>. Use t\u00e9cnicas como revis\u00e3o espa\u00e7ada, associa\u00e7\u00f5es, pr\u00e1tica ativa, explica\u00e7\u00e3o em voz alta \u2014 formas que integram memoriza\u00e7\u00e3o e compreens\u00e3o.<\/p>\n\n\n\n<h3 class=\"wp-block-heading\">5. <strong>O m\u00e9todo de Kant ainda se aplica nos dias de hoje?<\/strong><\/h3>\n\n\n\n<p>Sim. Apesar de escrito em 1765, seu convite \u00e0 <strong>reflex\u00e3o cr\u00edtica<\/strong> e \u00e0 busca de aprendizado genu\u00edno permanece extremamente relevante no contexto atual, marcado pelo excesso de informa\u00e7\u00e3o e falta de reflex\u00e3o.<\/p>\n\n\n\n<h3 class=\"wp-block-heading\">6. <strong>O que diferencia o estudante de instru\u00e7\u00e3o?<\/strong><\/h3>\n\n\n\n<p>\u00c9 aquele que, amadurecido intelectualmente, <strong>aplica o conhecimento com senso cr\u00edtico<\/strong>, transformando teoria em a\u00e7\u00e3o e produzindo resultados leg\u00edtimos e eficazes.<\/p>\n\n\n\n<p><\/p>\n","protected":false},"excerpt":{"rendered":"<p>Voc\u00ea j\u00e1 se perguntou como \u00e9 o aluno de hoje, qual o papel da mem\u00f3ria no aprendizado e o que distingue os tr\u00eas est\u00e1gios de aprendizagem? E mais: o que seria preciso para que todos os alunos se tornassem \u201csuperalunos\u201d? Parece utopia? Eu o convido a pensar: n\u00e3o precisa ser. \u00c9 um projeto exequ\u00edvel. O [&hellip;]<\/p>\n","protected":false},"author":24,"featured_media":2073,"comment_status":"open","ping_status":"open","sticky":false,"template":"","format":"standard","meta":{"footnotes":""},"categories":[262],"tags":[166,165,56,60,65,66,84,75,112,46,86,168,51,167,42,111,169,160,73,95],"class_list":["post-2060","post","type-post","status-publish","format-standard","has-post-thumbnail","hentry","category-estudo-e-desenvolvimento","tag-alunos","tag-aprendizagem","tag-branco-na-memoria","tag-como-estudar","tag-como-estudar-para-concurso","tag-como-estudar-para-o-enem","tag-como-fazer-um-plano-de-estudo","tag-como-passar-em-concurso","tag-concurso-publico","tag-curso-de-memorizacao-online","tag-curso-estudo-e-memorizacao","tag-decoreba","tag-disciplina","tag-falta-de-memoria","tag-memorizacao","tag-metodo","tag-metodo-de-aprendizagem","tag-planejamento","tag-preguica-mental","tag-renato-alves-memorizacao"],"_links":{"self":[{"href":"https:\/\/renatoalves.com.br\/blog\/wp-json\/wp\/v2\/posts\/2060","targetHints":{"allow":["GET"]}}],"collection":[{"href":"https:\/\/renatoalves.com.br\/blog\/wp-json\/wp\/v2\/posts"}],"about":[{"href":"https:\/\/renatoalves.com.br\/blog\/wp-json\/wp\/v2\/types\/post"}],"author":[{"embeddable":true,"href":"https:\/\/renatoalves.com.br\/blog\/wp-json\/wp\/v2\/users\/24"}],"replies":[{"embeddable":true,"href":"https:\/\/renatoalves.com.br\/blog\/wp-json\/wp\/v2\/comments?post=2060"}],"version-history":[{"count":3,"href":"https:\/\/renatoalves.com.br\/blog\/wp-json\/wp\/v2\/posts\/2060\/revisions"}],"predecessor-version":[{"id":10649,"href":"https:\/\/renatoalves.com.br\/blog\/wp-json\/wp\/v2\/posts\/2060\/revisions\/10649"}],"wp:featuredmedia":[{"embeddable":true,"href":"https:\/\/renatoalves.com.br\/blog\/wp-json\/wp\/v2\/media\/2073"}],"wp:attachment":[{"href":"https:\/\/renatoalves.com.br\/blog\/wp-json\/wp\/v2\/media?parent=2060"}],"wp:term":[{"taxonomy":"category","embeddable":true,"href":"https:\/\/renatoalves.com.br\/blog\/wp-json\/wp\/v2\/categories?post=2060"},{"taxonomy":"post_tag","embeddable":true,"href":"https:\/\/renatoalves.com.br\/blog\/wp-json\/wp\/v2\/tags?post=2060"}],"curies":[{"name":"wp","href":"https:\/\/api.w.org\/{rel}","templated":true}]}}