{"id":2091,"date":"2025-08-28T16:30:00","date_gmt":"2025-08-28T19:30:00","guid":{"rendered":"http:\/\/renatoalves.com.br\/blog\/?p=2091"},"modified":"2025-08-28T08:40:11","modified_gmt":"2025-08-28T11:40:11","slug":"como-aproveitar-ferias","status":"publish","type":"post","link":"https:\/\/renatoalves.com.br\/blog\/como-aproveitar-ferias\/","title":{"rendered":"Como aproveitar as f\u00e9rias"},"content":{"rendered":"\n<p>Durante minha temporada de palestras e entrevistas em Portugal, observei algo que me inspirou profundamente. Muitos jovens portugueses, ao contr\u00e1rio do que vemos comumente no Brasil, <strong>usam as f\u00e9rias escolares para estudar<\/strong>.<\/p>\n\n\n\n<p>Sim, isso mesmo! Enquanto por aqui muitos estudantes aguardam ansiosos o fim das aulas para mergulhar em conte\u00fado superficial de redes sociais e entretenimento r\u00e1pido, l\u00e1 fora, jovens usam o tempo livre para ler, revisar mat\u00e9rias em que t\u00eam dificuldade e fazer cursos que<a href=\"https:\/\/estudomemorizacao.com.br\/\" target=\"_blank\" rel=\"noreferrer noopener\"> ampliam suas habilidades.<\/a><\/p>\n\n\n\n<p>O mais interessante? <strong>Eles se divertem com isso<\/strong>. O estudo n\u00e3o \u00e9 visto como um castigo, mas como uma ferramenta de liberdade. Eles alcan\u00e7aram uma maturidade educacional que precisamos cultivar aqui tamb\u00e9m.<\/p>\n\n\n\n<figure class=\"wp-block-image size-large\"><img fetchpriority=\"high\" decoding=\"async\" width=\"1024\" height=\"182\" src=\"https:\/\/renatoalves.com.br\/blog\/wp-content\/uploads\/2018\/11\/capa_banner-1024x182.jpg\" alt=\"estudo e memoriza\u00e7\u00e3o para concurso p\u00fablico\" class=\"wp-image-6047\" srcset=\"https:\/\/renatoalves.com.br\/blog\/wp-content\/uploads\/2018\/11\/capa_banner-1024x182.jpg 1024w, https:\/\/renatoalves.com.br\/blog\/wp-content\/uploads\/2018\/11\/capa_banner-300x53.jpg 300w, https:\/\/renatoalves.com.br\/blog\/wp-content\/uploads\/2018\/11\/capa_banner-768x137.jpg 768w, https:\/\/renatoalves.com.br\/blog\/wp-content\/uploads\/2018\/11\/capa_banner-610x109.jpg 610w\" sizes=\"(max-width: 1024px) 100vw, 1024px\" \/><\/figure>\n\n\n\n<h2 class=\"wp-block-heading\">O que aprendi com os estudantes portugueses?<\/h2>\n\n\n\n<p>\u00c9 claro que temos muitos talentos aqui no Brasil tamb\u00e9m. Alunos meus do curso <strong>Estudo e Memorizac\u00e3o<\/strong> conseguiram aprova\u00e7\u00f5es expressivas em concursos p\u00fablicos, vestibulares e universidades de excel\u00eancia.<\/p>\n\n\n\n<p>Mas ainda \u00e9 comum encontrarmos jovens que veem os estudos com desinteresse. A verdade \u00e9 que <strong>existem milhares de oportunidades abertas no mercado de trabalho<\/strong>, mas as empresas n\u00e3o conseguem preench\u00ea-las por falta de m\u00e3o de obra qualificada. E o caminho mais seguro para mudar isso \u00e9 atrav\u00e9s do estudo.<\/p>\n\n\n\n<p>O conhecimento \u00e9 libertador. E o melhor: <strong>n\u00e3o ocupa espa\u00e7o<\/strong>. Ali\u00e1s, como gosto de dizer, se voc\u00ea estudasse 10 horas por dia durante 300 anos, ainda assim n\u00e3o esgotaria a capacidade da sua mem\u00f3ria.<\/p>\n\n\n\n<h2 class=\"wp-block-heading\">Ent\u00e3o, o que falta?<\/h2>\n\n\n\n<p><strong>Velocidade!<\/strong><\/p>\n\n\n\n<p>A capacidade da mem\u00f3ria humana \u00e9 praticamente ilimitada. O desafio est\u00e1 em acessar as informa\u00e7\u00f5es com rapidez, com seguran\u00e7a e na hora certa.<\/p>\n\n\n\n<p>A diferen\u00e7a entre um aluno comum e um aluno extraordin\u00e1rio est\u00e1 no uso eficiente de suas ferramentas mentais. E isso inclui aproveitar f\u00e9rias para dar saltos de qualidade no aprendizado.<\/p>\n\n\n\n<h2 class=\"wp-block-heading\">Dicas para aproveitar melhor suas f\u00e9rias<\/h2>\n\n\n\n<ol start=\"1\" class=\"wp-block-list\">\n<li><strong>Visite uma boa livraria<\/strong>: Fa\u00e7a uma &#8220;degusta\u00e7\u00e3o&#8221; de bons livros e escolha um t\u00edtulo que ir\u00e1 enriquecer sua mente.<\/li>\n\n\n\n<li><strong>Participe de uma col\u00f4nia de f\u00e9rias produtiva<\/strong>: Procure programas que ensinem uma nova habilidade profissional.<\/li>\n\n\n\n<li><strong>Assista a cursos online<\/strong>: Deite no sof\u00e1, coma pipoca e aprenda algo novo que te aproxime dos seus objetivos.<\/li>\n\n\n\n<li><strong>Treine sua mem\u00f3ria<\/strong>: Est\u00edmulos cognitivos durante as f\u00e9rias ajudam a turbinar seu desempenho no restante do ano.<\/li>\n\n\n\n<li><strong>Reflita sobre seu futuro<\/strong>: Use esse tempo para planejar metas acad\u00eamicas, profissionais e pessoais.<\/li>\n<\/ol>\n\n\n\n<h2 class=\"wp-block-heading\">Convite especial<\/h2>\n\n\n\n<p>Voc\u00ea sente dificuldade para aprender e memorizar? Conhe\u00e7a o meu curso<a href=\"https:\/\/estudomemorizacao.com.br\/\" target=\"_blank\" rel=\"noreferrer noopener\"> <strong>Estudo e Memorizac\u00e3o<\/strong>.<\/a><\/p>\n\n\n\n<p>Com mais de 20 anos de hist\u00f3ria e presen\u00e7a em mais de 100 pa\u00edses, o curso tem <strong>97% de aprova\u00e7\u00e3o dos alunos<\/strong>. Nas videoaulas, ensino todas as estrat\u00e9gias que voc\u00ea precisa para ir bem em concursos, vestibulares ou melhorar suas notas.<\/p>\n\n\n\n<p>E tem mais: se em 7 dias voc\u00ea n\u00e3o notar melhoras reais, devolvo 100% do valor investido.<\/p>\n\n\n\n<figure class=\"wp-block-image size-large\"><img fetchpriority=\"high\" decoding=\"async\" width=\"1024\" height=\"182\" src=\"https:\/\/renatoalves.com.br\/blog\/wp-content\/uploads\/2018\/11\/capa_banner-1024x182.jpg\" alt=\"estudo e memoriza\u00e7\u00e3o para concurso p\u00fablico\" class=\"wp-image-6047\" srcset=\"https:\/\/renatoalves.com.br\/blog\/wp-content\/uploads\/2018\/11\/capa_banner-1024x182.jpg 1024w, https:\/\/renatoalves.com.br\/blog\/wp-content\/uploads\/2018\/11\/capa_banner-300x53.jpg 300w, https:\/\/renatoalves.com.br\/blog\/wp-content\/uploads\/2018\/11\/capa_banner-768x137.jpg 768w, https:\/\/renatoalves.com.br\/blog\/wp-content\/uploads\/2018\/11\/capa_banner-610x109.jpg 610w\" sizes=\"(max-width: 1024px) 100vw, 1024px\" \/><\/figure>\n\n\n\n<h2 class=\"wp-block-heading\">Perguntas Frequentes (FAQ)<\/h2>\n\n\n\n<h3 class=\"wp-block-heading\">Estudar nas f\u00e9rias vale mesmo a pena?<\/h3>\n\n\n\n<p>Sim. \u00c9 um tempo excelente para revisar mat\u00e9rias, se aprofundar em temas de interesse e se preparar melhor para o ano seguinte.<\/p>\n\n\n\n<h3 class=\"wp-block-heading\">Qual a melhor forma de estudar nas f\u00e9rias sem ficar cansado?<\/h3>\n\n\n\n<p>Mude o formato: leia livros, veja aulas online, participe de workshops e use jogos de mem\u00f3ria. O segredo est\u00e1 na leveza da abordagem.<\/p>\n\n\n\n<h3 class=\"wp-block-heading\">Como a mem\u00f3ria pode melhorar com treino?<\/h3>\n\n\n\n<p>A mem\u00f3ria \u00e9 como um m\u00fasculo: quanto mais bem treinada, mais eficiente. Com as t\u00e9cnicas certas, \u00e9 poss\u00edvel lembrar mais e melhor.<\/p>\n\n\n\n<h3 class=\"wp-block-heading\">Qual curso voc\u00ea recomenda para estudar melhor?<\/h3>\n\n\n\n<p>O curso <strong>Estudo e Memorizac\u00e3o<\/strong>, que eu mesmo desenvolvi e ensino. Ele \u00e9 ideal para quem busca alto rendimento nos estudos.<\/p>\n\n\n\n<h3 class=\"wp-block-heading\">O que mais posso fazer nas f\u00e9rias para crescer pessoalmente?<\/h3>\n\n\n\n<p>Aproveite para ler biografias, praticar medita\u00e7\u00e3o, aprender um novo idioma ou desenvolver uma compet\u00eancia comportamental, como orat\u00f3ria.<\/p>\n\n\n\n<p>F\u00e9rias tamb\u00e9m s\u00e3o sin\u00f4nimo de crescimento. Use esse tempo com sabedoria, e voc\u00ea voltar\u00e1 aos estudos ainda mais forte.<\/p>\n\n\n\n<h2 class=\"wp-block-heading\">Veja tamb\u00e9m:<\/h2>\n\n\n\n<figure class=\"wp-block-embed is-type-rich is-provider-incorporar-manipulador wp-block-embed-incorporar-manipulador wp-embed-aspect-16-9 wp-has-aspect-ratio\"><div class=\"wp-block-embed__wrapper\">\n<iframe title=\"Esqueceu de Novo? Aplique Essas 5 Estrat\u00e9gias para Turbinar sua Mente!\" width=\"800\" height=\"450\" src=\"https:\/\/www.youtube.com\/embed\/p39IXaH__7Y?feature=oembed\" frameborder=\"0\" allow=\"accelerometer; autoplay; clipboard-write; encrypted-media; gyroscope; picture-in-picture; web-share\" referrerpolicy=\"strict-origin-when-cross-origin\" allowfullscreen><\/iframe>\n<\/div><\/figure>\n\n\n\n<p><\/p>\n","protected":false},"excerpt":{"rendered":"<p>Durante minha temporada de palestras e entrevistas em Portugal, observei algo que me inspirou profundamente. Muitos jovens portugueses, ao contr\u00e1rio do que vemos comumente no Brasil, usam as f\u00e9rias escolares para estudar. Sim, isso mesmo! Enquanto por aqui muitos estudantes aguardam ansiosos o fim das aulas para mergulhar em conte\u00fado superficial de redes sociais e [&hellip;]<\/p>\n","protected":false},"author":24,"featured_media":2095,"comment_status":"open","ping_status":"open","sticky":false,"template":"","format":"standard","meta":{"footnotes":""},"categories":[262],"tags":[170,60,65,66,84,75,112,172,45,46,86,98,68,173,171,174],"class_list":["post-2091","post","type-post","status-publish","format-standard","has-post-thumbnail","hentry","category-estudo-e-desenvolvimento","tag-como-aproveitar-as-ferias","tag-como-estudar","tag-como-estudar-para-concurso","tag-como-estudar-para-o-enem","tag-como-fazer-um-plano-de-estudo","tag-como-passar-em-concurso","tag-concurso-publico","tag-curso-de-ferias","tag-curso-de-memorizacao","tag-curso-de-memorizacao-online","tag-curso-estudo-e-memorizacao","tag-curso-online-renato-alves","tag-curso-renato-alves","tag-cursos-livres","tag-fazer-cursos-nas-ferias","tag-ferias"],"_links":{"self":[{"href":"https:\/\/renatoalves.com.br\/blog\/wp-json\/wp\/v2\/posts\/2091","targetHints":{"allow":["GET"]}}],"collection":[{"href":"https:\/\/renatoalves.com.br\/blog\/wp-json\/wp\/v2\/posts"}],"about":[{"href":"https:\/\/renatoalves.com.br\/blog\/wp-json\/wp\/v2\/types\/post"}],"author":[{"embeddable":true,"href":"https:\/\/renatoalves.com.br\/blog\/wp-json\/wp\/v2\/users\/24"}],"replies":[{"embeddable":true,"href":"https:\/\/renatoalves.com.br\/blog\/wp-json\/wp\/v2\/comments?post=2091"}],"version-history":[{"count":4,"href":"https:\/\/renatoalves.com.br\/blog\/wp-json\/wp\/v2\/posts\/2091\/revisions"}],"predecessor-version":[{"id":10645,"href":"https:\/\/renatoalves.com.br\/blog\/wp-json\/wp\/v2\/posts\/2091\/revisions\/10645"}],"wp:featuredmedia":[{"embeddable":true,"href":"https:\/\/renatoalves.com.br\/blog\/wp-json\/wp\/v2\/media\/2095"}],"wp:attachment":[{"href":"https:\/\/renatoalves.com.br\/blog\/wp-json\/wp\/v2\/media?parent=2091"}],"wp:term":[{"taxonomy":"category","embeddable":true,"href":"https:\/\/renatoalves.com.br\/blog\/wp-json\/wp\/v2\/categories?post=2091"},{"taxonomy":"post_tag","embeddable":true,"href":"https:\/\/renatoalves.com.br\/blog\/wp-json\/wp\/v2\/tags?post=2091"}],"curies":[{"name":"wp","href":"https:\/\/api.w.org\/{rel}","templated":true}]}}