{"id":211,"date":"2011-09-13T09:09:53","date_gmt":"2011-09-13T12:09:53","guid":{"rendered":"http:\/\/www.renatoalves.com.br\/blog\/?p=211"},"modified":"2021-10-14T15:10:49","modified_gmt":"2021-10-14T18:10:49","slug":"como-identificar-a-doenca-de-alzheimer","status":"publish","type":"post","link":"https:\/\/renatoalves.com.br\/blog\/como-identificar-a-doenca-de-alzheimer\/","title":{"rendered":"Como identificar a doen\u00e7a de Alzheimer"},"content":{"rendered":"<p>Selecionei alguns sintomas que podem ajudar a\u00a0identificar a doen\u00e7a de Alzheimer. Vale destacar que idade nem sempre justifica esquecimentos.<\/p>\n<p>Como venho ensinando em meus cursos de memoriza\u00e7\u00e3o, a grande causa do esquecimento \u00e9 a passividade, o fato de n\u00e3o fazermos absolutamente nada para evit\u00e1-los.<\/p>\n<h2>S\u00f3 um m\u00e9dico pode fornecer um diagnostico preciso, mas segue a lista de alguns sintomas que podem ajudar\u00a0identificar a doen\u00e7a de Alzheimer<\/h2>\n<p>A maioria de seus pacientes s\u00e3o pessoas idosas, o Alzheimer \u00e9 uma enfermidade incur\u00e1vel, e tende a agravar-se ao longo do tempo, mas existe tratamento.\u00a0Quando o paciente \u00e9 diagnosticado no in\u00edcio, \u00e9 poss\u00edvel controlar o seu avan\u00e7o da doen\u00e7a e proporcionar melhor qualidade de vida ao paciente, ent\u00e3o fique atento aos sintomas.<\/p>\n<ul>\n<li>Esquecer-se de parte ou da totalidade de um acontecimento com certa frequ\u00eancia;<\/li>\n<li>Depress\u00e3o e perda de interesse por atividades que gosta ou epis\u00f3dios de raiva por raz\u00f5es aparentemente n\u00e3o genu\u00ednas;<\/li>\n<li>Pode haver problemas para executar tarefas complexas anteriormente habituais, tais como pagar contas, preparar uma refei\u00e7\u00e3o ou fazer compras, tamb\u00e9m pode haver demora ou menor efici\u00eancia na execu\u00e7\u00e3o de atividades, al\u00e9m de cometer mais erros na realiza\u00e7\u00e3o das mesma;<\/li>\n<li>Desorienta\u00e7\u00e3o, n\u00e3o identificando a data, a esta\u00e7\u00e3o do ano, o local onde se encontra;<\/li>\n<li>Dificuldades na fala e mudan\u00e7as repentinas de humor;<\/li>\n<li>Perda de mem\u00f3ria e dificuldade de racioc\u00ednio;<\/li>\n<\/ul>\n<h2>Atitude proativa em rela\u00e7\u00e3o ao problema<\/h2>\n<p>Espero que tenha gostado do texto, como disse anteriormente s\u00f3 um m\u00e9dico pode identificar a doen\u00e7a de Alzheimer com precis\u00e3o. Voc\u00ea conhece algu\u00e9m que apresente a maior parte dos sintomas? Que tal compartilhar esse texto com essa pessoa agora mesmo?<\/p>\n<p>N\u00e3o esque\u00e7a de deixar seu coment\u00e1rio aqui abaixo e aproveite para conhecer o meu\u00a0<span class=\"s1\">curso\u00a0<a href=\"https:\/\/memoriablindada.com.br\" target=\"_blank\" rel=\"noopener\">Mem\u00f3ria Blindada<\/a>\u00a0no treinamento eu ensino\u00a0a\u00a0aplica\u00e7\u00e3o pr\u00e1tica da memoriza\u00e7\u00e3o\u00a0no\u00a0dia a dia.<\/span><\/p>\n<p style=\"text-align: center;\">[inf_infusionsoft_inline optin_id=optin_1]<\/p>\n<p style=\"text-align: justify;\"><span class=\"s1\">Nas\u00a0videoaulas on-line eu explicado de maneira simples e objetiva, todas as estrat\u00e9gias que utilizo para n\u00e3o esquecer de nada. Definitivamente \u00e9 sua hora de ter uma mem\u00f3ria mais jovem, forte e confi\u00e1vel<\/span>:<\/p>\n<p class=\"p1\" style=\"text-align: center;\"><a href=\"https:\/\/renatoalves.com.br\/acrobatas-da-memoria\/\">\u00bb Clique Aqui\u00a0e assista alguns depoimentos de alunos dos cursos \u00ab<\/a><\/p>\n<p class=\"p1\" style=\"text-align: justify;\"><span class=\"s1\">Adquira agora mesmo o curso\u00a0<a href=\"https:\/\/memoriablindada.com.br\" target=\"_blank\" rel=\"noopener\">Mem\u00f3ria Blindada<\/a>, <\/span>eu acredito tanto na efici\u00eancia do meu m\u00e9todo que al\u00e9m dos b\u00f4nus eu ainda lhe ofere\u00e7o uma garantia especial.<\/p>\n<p class=\"p1\" style=\"text-align: justify;\">Se em 7 dias, depois de aplicar o m\u00e9todo, voc\u00ea\u00a0 n\u00e3o notar melhoras, eu assumo total responsabilidade e devolverei 100% do seu investimento.\u00a0Dessa forma voc\u00ea n\u00e3o corre nenhum risco. O que voc\u00ea acha?\u00a0<a href=\"https:\/\/memoriablindada.com.br\" target=\"_blank\" rel=\"noopener\">Clique aqui e saiba mais sobre o treinamento!<\/a><\/p>\n<p style=\"text-align: justify;\"><em><strong>Renato Alves<\/strong>\u00a0\u00e9 escritor, pesquisador e primeiro brasileiro a receber o t\u00edtulo oficial de melhor mem\u00f3ria do Brasil. Autor de um m\u00e9todo patenteado de memoriza\u00e7\u00e3o que ganhou reconhecimento nacional e j\u00e1 est\u00e1 presente em mais de 100 pa\u00edses.<\/em><\/p>\n<p>Quer ter acesso a outras informa\u00e7\u00f5es?\u00a0<a href=\"https:\/\/www.facebook.com\/RenatoAlvesOficial\">Curta e siga a minha fanpage no Facebook<\/a>\u00a0e tamb\u00e9m\u00a0<a href=\"http:\/\/www.youtube.com\/videosmemoria\/videos?sub_confirmation=1\">inscreva-se no meu canal no Youtube.<\/a><\/p>\n<p><a href=\"https:\/\/memoriablindada.com.br\/\"><img fetchpriority=\"high\" decoding=\"async\" class=\"alignnone wp-image-2519 size-full\" src=\"\/\/renatoalves.com.br\/blog\/wp-content\/uploads\/2015\/02\/banner_MB.jpg\" alt=\"Curso Mem\u00f3ria Blindada\" width=\"3002\" height=\"353\" srcset=\"https:\/\/renatoalves.com.br\/blog\/wp-content\/uploads\/2015\/02\/banner_MB.jpg 2560w, https:\/\/renatoalves.com.br\/blog\/wp-content\/uploads\/2015\/02\/banner_MB-300x35.jpg 300w, https:\/\/renatoalves.com.br\/blog\/wp-content\/uploads\/2015\/02\/banner_MB-768x90.jpg 768w, https:\/\/renatoalves.com.br\/blog\/wp-content\/uploads\/2015\/02\/banner_MB-1024x120.jpg 1024w\" sizes=\"(max-width: 3002px) 100vw, 3002px\" \/><\/a><\/p>\n","protected":false},"excerpt":{"rendered":"<p>Selecionei alguns sintomas que podem ajudar a\u00a0identificar a doen\u00e7a de Alzheimer. Vale destacar que idade nem sempre justifica esquecimentos. Como venho ensinando em meus cursos de memoriza\u00e7\u00e3o, a grande causa do esquecimento \u00e9 a passividade, o fato de n\u00e3o fazermos absolutamente nada para evit\u00e1-los. S\u00f3 um m\u00e9dico pode fornecer um diagnostico preciso, mas segue a [&hellip;]<\/p>\n","protected":false},"author":24,"featured_media":4872,"comment_status":"open","ping_status":"open","sticky":false,"template":"","format":"standard","meta":{"footnotes":""},"categories":[264],"tags":[41,145,56,44,45,46,98,43,29,42,47],"class_list":["post-211","post","type-post","status-publish","format-standard","has-post-thumbnail","hentry","category-saude-e-qualidade-de-vida","tag-alzheimer","tag-boa-memoria","tag-branco-na-memoria","tag-concentracao","tag-curso-de-memorizacao","tag-curso-de-memorizacao-online","tag-curso-online-renato-alves","tag-foco","tag-memoria","tag-memorizacao","tag-remedio-para-memoria"],"_links":{"self":[{"href":"https:\/\/renatoalves.com.br\/blog\/wp-json\/wp\/v2\/posts\/211","targetHints":{"allow":["GET"]}}],"collection":[{"href":"https:\/\/renatoalves.com.br\/blog\/wp-json\/wp\/v2\/posts"}],"about":[{"href":"https:\/\/renatoalves.com.br\/blog\/wp-json\/wp\/v2\/types\/post"}],"author":[{"embeddable":true,"href":"https:\/\/renatoalves.com.br\/blog\/wp-json\/wp\/v2\/users\/24"}],"replies":[{"embeddable":true,"href":"https:\/\/renatoalves.com.br\/blog\/wp-json\/wp\/v2\/comments?post=211"}],"version-history":[{"count":2,"href":"https:\/\/renatoalves.com.br\/blog\/wp-json\/wp\/v2\/posts\/211\/revisions"}],"predecessor-version":[{"id":7668,"href":"https:\/\/renatoalves.com.br\/blog\/wp-json\/wp\/v2\/posts\/211\/revisions\/7668"}],"wp:featuredmedia":[{"embeddable":true,"href":"https:\/\/renatoalves.com.br\/blog\/wp-json\/wp\/v2\/media\/4872"}],"wp:attachment":[{"href":"https:\/\/renatoalves.com.br\/blog\/wp-json\/wp\/v2\/media?parent=211"}],"wp:term":[{"taxonomy":"category","embeddable":true,"href":"https:\/\/renatoalves.com.br\/blog\/wp-json\/wp\/v2\/categories?post=211"},{"taxonomy":"post_tag","embeddable":true,"href":"https:\/\/renatoalves.com.br\/blog\/wp-json\/wp\/v2\/tags?post=211"}],"curies":[{"name":"wp","href":"https:\/\/api.w.org\/{rel}","templated":true}]}}