{"id":2123,"date":"2025-08-28T13:15:00","date_gmt":"2025-08-28T16:15:00","guid":{"rendered":"http:\/\/renatoalves.com.br\/blog\/?p=2123"},"modified":"2025-08-28T08:33:14","modified_gmt":"2025-08-28T11:33:14","slug":"novos-tratamentos-do-alzheimer","status":"publish","type":"post","link":"https:\/\/renatoalves.com.br\/blog\/novos-tratamentos-do-alzheimer\/","title":{"rendered":"Novos tratamentos do Alzheimer"},"content":{"rendered":"\n<p class=\"p1\">Voc\u00ea estava dirigindo seu carro quando aconteceu pela primeira vez. O r\u00e1dio tocava uma m\u00fasica que voc\u00ea adorava ouvir quando era mais jovem. Reconheceu no primeiro acorde, mas&#8230; qual \u00e9 mesmo o nome da cantora?<\/p>\n\n\n\n<p>Era uma loira, bem bonita, meio pol\u00eamica, figurinha carimbada nos notici\u00e1rios da \u00e9poca. Est\u00e1 na ponta da l\u00edngua&#8230; mas n\u00e3o vem.<\/p>\n\n\n\n<p><strong>Putz, qual era mesmo o nome?<\/strong><\/p>\n\n\n\n<p>Eu lhe pergunto, amigo leitor: voc\u00ea j\u00e1 passou por uma situa\u00e7\u00e3o assim?<\/p>\n\n\n\n<p>Se voc\u00ea ainda n\u00e3o lembrou o nome da cantora, siga at\u00e9 o fim deste artigo. Al\u00e9m de matar sua curiosidade, quero lhe apresentar os tratamentos mais modernos contra o Alzheimer e revelar tamb\u00e9m as <a href=\"https:\/\/memoriablindada.com.br\/\" target=\"_blank\" rel=\"noreferrer noopener\">melhores pr\u00e1ticas para preservar a mem\u00f3ria,<\/a> seja sua ou de pessoas queridas.<\/p>\n\n\n\n<figure class=\"wp-block-image size-large\"><img fetchpriority=\"high\" decoding=\"async\" width=\"1024\" height=\"120\" src=\"https:\/\/renatoalves.com.br\/blog\/wp-content\/uploads\/2014\/09\/MEMORIA-BLINDADA-BANNER-BLOG-RENATO-ALVES-1024x120.png\" alt=\"banner mem\u00f3ria blindada\" class=\"wp-image-10107\" srcset=\"https:\/\/renatoalves.com.br\/blog\/wp-content\/uploads\/2014\/09\/MEMORIA-BLINDADA-BANNER-BLOG-RENATO-ALVES-1024x120.png 1024w, https:\/\/renatoalves.com.br\/blog\/wp-content\/uploads\/2014\/09\/MEMORIA-BLINDADA-BANNER-BLOG-RENATO-ALVES-300x35.png 300w, https:\/\/renatoalves.com.br\/blog\/wp-content\/uploads\/2014\/09\/MEMORIA-BLINDADA-BANNER-BLOG-RENATO-ALVES-768x90.png 768w, https:\/\/renatoalves.com.br\/blog\/wp-content\/uploads\/2014\/09\/MEMORIA-BLINDADA-BANNER-BLOG-RENATO-ALVES-1536x181.png 1536w, https:\/\/renatoalves.com.br\/blog\/wp-content\/uploads\/2014\/09\/MEMORIA-BLINDADA-BANNER-BLOG-RENATO-ALVES.png 1700w\" sizes=\"(max-width: 1024px) 100vw, 1024px\" \/><\/figure>\n\n\n\n<h2 class=\"wp-block-heading\">A mem\u00f3ria humana est\u00e1 sob press\u00e3o<\/h2>\n\n\n\n<p>Recentemente, atuei como orador no I Congresso Internacional de Geriatria e Sa\u00fade Mental, na cidade de Mealhada, em Portugal. Mais de 20 especialistas abordaram como preservar a sa\u00fade mental, minimizar os efeitos do envelhecimento e tratar a perda de mem\u00f3ria e o Alzheimer.<\/p>\n\n\n\n<p>Um dado me chamou a aten\u00e7\u00e3o: <strong>o medo de perder a mem\u00f3ria est\u00e1 entre os cinco maiores receios da popula\u00e7\u00e3o<\/strong>.<\/p>\n\n\n\n<p>O esquecimento tornou-se t\u00e3o comum que ganhou at\u00e9 um apelido popular: \u201cVoc\u00ea foi pego pelo Alem\u00e3o!\u201d Em refer\u00eancia a Alois Alzheimer, o m\u00e9dico que identificou a doen\u00e7a em 1906.<\/p>\n\n\n\n<p>Mas \u00e9 importante lembrar: <strong>nem todo esquecimento \u00e9 Alzheimer<\/strong>. Vamos entender as diferen\u00e7as.<\/p>\n\n\n\n<h2 class=\"wp-block-heading\">Alzheimer ou envelhecimento cognitivo?<\/h2>\n\n\n\n<p>O Alzheimer \u00e9 uma doen\u00e7a neurodegenerativa cr\u00f4nica que atinge cerca de 10% dos idosos, segundo a Organiza\u00e7\u00e3o Mundial da Sa\u00fade. J\u00e1 o envelhecimento cognitivo \u00e9 um processo natural, sem necessariamente afetar a funcionalidade.<\/p>\n\n\n\n<p>Existe um teste chamado QRDS (Quick Dementia Rating System), desenvolvido pelo neurologista James E. Galvin, que ajuda a diferenciar os quadros. Ele est\u00e1 publicado com exclusividade no meu livro <strong>&#8220;Os Segredos para ter Mem\u00f3ria Forte e C\u00e9rebro Sempre Jovem&#8221;<\/strong>.<\/p>\n\n\n\n<p>Entender essa diferen\u00e7a \u00e9 essencial para buscar o tratamento adequado no momento certo.<\/p>\n\n\n\n<h2 class=\"wp-block-heading\">Os est\u00e1gios do Alzheimer<\/h2>\n\n\n\n<p><strong>Est\u00e1gio inicial<\/strong>: confus\u00e3o leve, esquecimentos recentes, mas sem comprometer o dia a dia.<\/p>\n\n\n\n<p><strong>Est\u00e1gio m\u00e9dio<\/strong>: preju\u00edzo no racioc\u00ednio e linguagem. O paciente pode n\u00e3o reconhecer familiares. Pode haver irritabilidade e necessidade de supervis\u00e3o constante.<\/p>\n\n\n\n<p><strong>Est\u00e1gio avan\u00e7ado<\/strong>: depend\u00eancia total para atividades b\u00e1sicas. Degenera\u00e7\u00e3o motora, perda da comunica\u00e7\u00e3o e necess\u00e1rio cuidado hospitalar.<\/p>\n\n\n\n<h2 class=\"wp-block-heading\">Avan\u00e7os reais no tratamento do Alzheimer<\/h2>\n\n\n\n<h3 class=\"wp-block-heading\">1. <strong>Donanemabe (Kisunla)<\/strong><\/h3>\n\n\n\n<p>Rec\u00e9m-aprovado pela Anvisa, atua diretamente nas placas de beta-amiloide do c\u00e9rebro. Retarda a progress\u00e3o da doen\u00e7a em est\u00e1gios iniciais.<\/p>\n\n\n\n<h3 class=\"wp-block-heading\">2. <strong>Lecanemab (Leqembi)<\/strong><\/h3>\n\n\n\n<p>Aprovado nos EUA, tamb\u00e9m combate beta-amiloide. Estudos indicam redu\u00e7\u00e3o do decl\u00ednio cognitivo em at\u00e9 27%.<\/p>\n\n\n\n<h3 class=\"wp-block-heading\">3. <strong>Spray nasal anti-tau (TTCM2)<\/strong><\/h3>\n\n\n\n<p>Em desenvolvimento, este spray visa bloquear a prote\u00edna tau. Os primeiros testes com humanos s\u00e3o esperados para 2028.<\/p>\n\n\n\n<h3 class=\"wp-block-heading\">4. <strong>Terapias digitais e rob\u00f4s assistivos<\/strong><\/h3>\n\n\n\n<p>Jogos de estimula\u00e7\u00e3o cognitiva, realidade virtual e rob\u00f4s como o Growmeup, que interagem com idosos e ajudam no cuidado di\u00e1rio.<\/p>\n\n\n\n<h2 class=\"wp-block-heading\">Como fortalecer a mem\u00f3ria com estrat\u00e9gia<\/h2>\n\n\n\n<p>Em meus cursos e palestras, ensino que a mem\u00f3ria precisa de estimula\u00e7\u00e3o e treino. Aqui est\u00e3o tr\u00eas das principais dicas:<\/p>\n\n\n\n<h3 class=\"wp-block-heading\">Dica 1: Reinterprete os esquecimentos<\/h3>\n\n\n\n<p>Muitas vezes o que chamamos de esquecimento \u00e9 apenas uma lembran\u00e7a deslocada no tempo. A mem\u00f3ria funcionou, apenas fora de hora.<\/p>\n\n\n\n<h3 class=\"wp-block-heading\">Dica 2: Comunique-se com o c\u00e9rebro de forma positiva<\/h3>\n\n\n\n<p>Troque &#8220;n\u00e3o posso esquecer&#8221; por &#8220;preciso lembrar&#8221;. Isso muda o foco da mente.<\/p>\n\n\n\n<h3 class=\"wp-block-heading\">Dica 3: Use t\u00e9cnicas de associa\u00e7\u00e3o<\/h3>\n\n\n\n<p>Para lembrar nomes, combine a imagem da pessoa com o som da voz e percorra mentalmente o alfabeto.<\/p>\n\n\n\n<h2 class=\"wp-block-heading\">Conclus\u00e3o<\/h2>\n\n\n\n<p>Em Portugal, ouvi o relato de uma idosa: &#8220;Todos os dias eu acordo, tomo caf\u00e9, sento em frente de casa e espero a noite chegar. Eu n\u00e3o tenho ningu\u00e9m.&#8221;<\/p>\n\n\n\n<p>Esse depoimento me tocou profundamente.<\/p>\n\n\n\n<p>Precisamos cuidar dos nossos idosos hoje, com amor e intelig\u00eancia. O Alzheimer pode ainda n\u00e3o ter cura, mas<a href=\"https:\/\/renatoalves.com.br\/blog\/dicas-estressar-com-volta-as-aulas\/\" target=\"_blank\" rel=\"noreferrer noopener\"> <strong>j\u00e1 podemos frear sua progress\u00e3o e preservar a mem\u00f3ria<\/strong>.<\/a><\/p>\n\n\n\n<p>Vamos dar o exemplo aos nossos filhos sobre como cuidar daqueles que um dia cuidaram de n\u00f3s.<\/p>\n\n\n\n<figure class=\"wp-block-image size-large\"><img fetchpriority=\"high\" decoding=\"async\" width=\"1024\" height=\"120\" src=\"https:\/\/renatoalves.com.br\/blog\/wp-content\/uploads\/2014\/09\/MEMORIA-BLINDADA-BANNER-BLOG-RENATO-ALVES-1024x120.png\" alt=\"banner mem\u00f3ria blindada\" class=\"wp-image-10107\" srcset=\"https:\/\/renatoalves.com.br\/blog\/wp-content\/uploads\/2014\/09\/MEMORIA-BLINDADA-BANNER-BLOG-RENATO-ALVES-1024x120.png 1024w, https:\/\/renatoalves.com.br\/blog\/wp-content\/uploads\/2014\/09\/MEMORIA-BLINDADA-BANNER-BLOG-RENATO-ALVES-300x35.png 300w, https:\/\/renatoalves.com.br\/blog\/wp-content\/uploads\/2014\/09\/MEMORIA-BLINDADA-BANNER-BLOG-RENATO-ALVES-768x90.png 768w, https:\/\/renatoalves.com.br\/blog\/wp-content\/uploads\/2014\/09\/MEMORIA-BLINDADA-BANNER-BLOG-RENATO-ALVES-1536x181.png 1536w, https:\/\/renatoalves.com.br\/blog\/wp-content\/uploads\/2014\/09\/MEMORIA-BLINDADA-BANNER-BLOG-RENATO-ALVES.png 1700w\" sizes=\"(max-width: 1024px) 100vw, 1024px\" \/><\/figure>\n\n\n\n<h2 class=\"wp-block-heading\">Perguntas Frequentes (FAQ)<\/h2>\n\n\n\n<h3 class=\"wp-block-heading\">O que \u00e9 o Donanemabe (Kisunla)?<\/h3>\n\n\n\n<p>\u00c9 um anticorpo monoclonal aprovado pela Anvisa que atua sobre placas beta-amiloides no c\u00e9rebro e retarda a progress\u00e3o do Alzheimer em est\u00e1gios iniciais.<\/p>\n\n\n\n<h3 class=\"wp-block-heading\">O Lecanemab \u00e9 semelhante ao Donanemabe?<\/h3>\n\n\n\n<p>Sim. Ambos s\u00e3o anticorpos contra beta-amiloide. O Lecanemab est\u00e1 aprovado nos EUA desde 2023.<\/p>\n\n\n\n<h3 class=\"wp-block-heading\">Esses medicamentos curam o Alzheimer?<\/h3>\n\n\n\n<p>N\u00e3o. Eles retardam a progress\u00e3o da doen\u00e7a e melhoram a qualidade de vida.<\/p>\n\n\n\n<h3 class=\"wp-block-heading\">Quais os efeitos colaterais?<\/h3>\n\n\n\n<p>Podem incluir incha\u00e7os cerebrais (ARIA), dores de cabe\u00e7a e rea\u00e7\u00f5es al\u00e9rgicas leves.<\/p>\n\n\n\n<h3 class=\"wp-block-heading\">O que mais posso fazer para prevenir?<\/h3>\n\n\n\n<p>Treinar a mem\u00f3ria, manter uma vida ativa, estimular a mente, dormir bem e evitar estresse excessivo.<\/p>\n\n\n\n<p>Gostou das dicas? Ent\u00e3o aplique agora mesmo. E se quiser ir al\u00e9m, conhe\u00e7a meu curso <strong>Mem\u00f3ria Blindada<\/strong> e veja como transformar seu c\u00e9rebro em um aliado confi\u00e1vel no dia a dia.<\/p>\n\n\n\n<h2 class=\"wp-block-heading\">Veja tamb\u00e9m:<\/h2>\n\n\n\n<figure class=\"wp-block-embed is-type-rich is-provider-incorporar-manipulador wp-block-embed-incorporar-manipulador wp-embed-aspect-16-9 wp-has-aspect-ratio\"><div class=\"wp-block-embed__wrapper\">\n<iframe title=\"Esqueceu de Novo? Aplique Essas 5 Estrat\u00e9gias para Turbinar sua Mente!\" width=\"800\" height=\"450\" src=\"https:\/\/www.youtube.com\/embed\/p39IXaH__7Y?feature=oembed\" frameborder=\"0\" allow=\"accelerometer; autoplay; clipboard-write; encrypted-media; gyroscope; picture-in-picture; web-share\" referrerpolicy=\"strict-origin-when-cross-origin\" allowfullscreen><\/iframe>\n<\/div><\/figure>\n","protected":false},"excerpt":{"rendered":"<p>Voc\u00ea estava dirigindo seu carro quando aconteceu pela primeira vez. O r\u00e1dio tocava uma m\u00fasica que voc\u00ea adorava ouvir quando era mais jovem. Reconheceu no primeiro acorde, mas&#8230; qual \u00e9 mesmo o nome da cantora? Era uma loira, bem bonita, meio pol\u00eamica, figurinha carimbada nos notici\u00e1rios da \u00e9poca. Est\u00e1 na ponta da l\u00edngua&#8230; mas n\u00e3o [&hellip;]<\/p>\n","protected":false},"author":24,"featured_media":2141,"comment_status":"open","ping_status":"open","sticky":false,"template":"","format":"standard","meta":{"footnotes":""},"categories":[264],"tags":[41,178,145,56,179,44,45,46,86,212,98,175,176,177],"class_list":["post-2123","post","type-post","status-publish","format-standard","has-post-thumbnail","hentry","category-saude-e-qualidade-de-vida","tag-alzheimer","tag-alzheimer-diagnostico","tag-boa-memoria","tag-branco-na-memoria","tag-britney-spears","tag-concentracao","tag-curso-de-memorizacao","tag-curso-de-memorizacao-online","tag-curso-estudo-e-memorizacao","tag-curso-memoria-blindada","tag-curso-online-renato-alves","tag-prevencao-do-alzheimer","tag-tratamentos-para-alzheimer","tag-tratamentos-para-alzheimer-mal-de-alzheimer-sintomas"],"_links":{"self":[{"href":"https:\/\/renatoalves.com.br\/blog\/wp-json\/wp\/v2\/posts\/2123","targetHints":{"allow":["GET"]}}],"collection":[{"href":"https:\/\/renatoalves.com.br\/blog\/wp-json\/wp\/v2\/posts"}],"about":[{"href":"https:\/\/renatoalves.com.br\/blog\/wp-json\/wp\/v2\/types\/post"}],"author":[{"embeddable":true,"href":"https:\/\/renatoalves.com.br\/blog\/wp-json\/wp\/v2\/users\/24"}],"replies":[{"embeddable":true,"href":"https:\/\/renatoalves.com.br\/blog\/wp-json\/wp\/v2\/comments?post=2123"}],"version-history":[{"count":4,"href":"https:\/\/renatoalves.com.br\/blog\/wp-json\/wp\/v2\/posts\/2123\/revisions"}],"predecessor-version":[{"id":10643,"href":"https:\/\/renatoalves.com.br\/blog\/wp-json\/wp\/v2\/posts\/2123\/revisions\/10643"}],"wp:featuredmedia":[{"embeddable":true,"href":"https:\/\/renatoalves.com.br\/blog\/wp-json\/wp\/v2\/media\/2141"}],"wp:attachment":[{"href":"https:\/\/renatoalves.com.br\/blog\/wp-json\/wp\/v2\/media?parent=2123"}],"wp:term":[{"taxonomy":"category","embeddable":true,"href":"https:\/\/renatoalves.com.br\/blog\/wp-json\/wp\/v2\/categories?post=2123"},{"taxonomy":"post_tag","embeddable":true,"href":"https:\/\/renatoalves.com.br\/blog\/wp-json\/wp\/v2\/tags?post=2123"}],"curies":[{"name":"wp","href":"https:\/\/api.w.org\/{rel}","templated":true}]}}