{"id":2147,"date":"2025-08-28T09:40:00","date_gmt":"2025-08-28T12:40:00","guid":{"rendered":"http:\/\/renatoalves.com.br\/blog\/?p=2147"},"modified":"2025-08-27T11:03:29","modified_gmt":"2025-08-27T14:03:29","slug":"como-melhorar-a-memoria","status":"publish","type":"post","link":"https:\/\/renatoalves.com.br\/blog\/como-melhorar-a-memoria\/","title":{"rendered":"Como melhorar a mem\u00f3ria com Professor Renato Alves"},"content":{"rendered":"\n<p>Ol\u00e1, aqui \u00e9 o Renato Alves. Recentemente fui ao <strong>I Congresso Internacional de Geriatria e Sa\u00fade Mental<\/strong>, promovido pela Replicar Socialform, em Mealhada, Portugal, no dia <strong>23 de junho<\/strong>. Em entrevista ao <strong>Di\u00e1rio de Aveiro<\/strong>, compartilhei minha trajet\u00f3ria, desafios e m\u00e9todos que desenvolvi para<a href=\"https:\/\/memoriablindada.com.br\/\" target=\"_blank\" rel=\"noreferrer noopener\"> fortalecer a mem\u00f3ria <\/a>\u2014 especialmente na melhor idade. A seguir, voc\u00ea encontrar\u00e1 um resumo com \u00eanfase SEO, profundidade e linguagem formal.<\/p>\n\n\n\n<figure class=\"wp-block-image size-large\"><a href=\"https:\/\/memoriablindada.com.br\/\"><img fetchpriority=\"high\" decoding=\"async\" width=\"1024\" height=\"120\" src=\"https:\/\/renatoalves.com.br\/blog\/wp-content\/uploads\/2014\/09\/MEMORIA-BLINDADA-BANNER-BLOG-RENATO-ALVES-1024x120.png\" alt=\"banner mem\u00f3ria blindada\" class=\"wp-image-10107\" srcset=\"https:\/\/renatoalves.com.br\/blog\/wp-content\/uploads\/2014\/09\/MEMORIA-BLINDADA-BANNER-BLOG-RENATO-ALVES-1024x120.png 1024w, https:\/\/renatoalves.com.br\/blog\/wp-content\/uploads\/2014\/09\/MEMORIA-BLINDADA-BANNER-BLOG-RENATO-ALVES-300x35.png 300w, https:\/\/renatoalves.com.br\/blog\/wp-content\/uploads\/2014\/09\/MEMORIA-BLINDADA-BANNER-BLOG-RENATO-ALVES-768x90.png 768w, https:\/\/renatoalves.com.br\/blog\/wp-content\/uploads\/2014\/09\/MEMORIA-BLINDADA-BANNER-BLOG-RENATO-ALVES-1536x181.png 1536w, https:\/\/renatoalves.com.br\/blog\/wp-content\/uploads\/2014\/09\/MEMORIA-BLINDADA-BANNER-BLOG-RENATO-ALVES.png 1700w\" sizes=\"(max-width: 1024px) 100vw, 1024px\" \/><\/a><\/figure>\n\n\n\n<h2 class=\"wp-block-heading\">Viv\u00eancia com Dificuldades de Mem\u00f3ria<\/h2>\n\n\n\n<p>Desde jovem, enfrentei s\u00e9rias dificuldades com a mem\u00f3ria: frequentava aulas e, logo depois, j\u00e1 havia esquecido tudo. Esse desempenho inst\u00e1vel gerava frustra\u00e7\u00e3o, comprometia meu rendimento profissional e me tornava um estudante desmotivado. Percebi que a resist\u00eancia aos estudos vinha n\u00e3o do desinteresse, mas da aus\u00eancia de m\u00e9todo de estudo e de memoriza\u00e7\u00e3o \u2014 um problema comum entre muitos jovens.<\/p>\n\n\n\n<h2 class=\"wp-block-heading\">A Falta de M\u00e9todos e o Preconceito com Diagn\u00f3sticos<\/h2>\n\n\n\n<p>Na minha adolesc\u00eancia, a ideia de recorrer a rem\u00e9dios ou tratamentos para mem\u00f3ria era impens\u00e1vel; minha fam\u00edlia enfrentava dificuldades financeiras e nem se cogitava considerar dist\u00farbios cognitivos. Hoje entendo que o que faltava era orienta\u00e7\u00e3o sobre como estudar e memorizar. Muitos, sem essa orienta\u00e7\u00e3o, acabam sendo rotulados erroneamente como disl\u00e9xicos ou portadores de TDAH.<\/p>\n\n\n\n<h2 class=\"wp-block-heading\">A Cria\u00e7\u00e3o de um M\u00e9todo de Memoriza\u00e7\u00e3o Patenteado<\/h2>\n\n\n\n<p>Em 1996, quando percebi a inexist\u00eancia de m\u00e9todos de memoriza\u00e7\u00e3o aplic\u00e1veis ao estudo acad\u00eamico, mergulhei em estudos e testes por conta pr\u00f3pria. Ao longo de anos, criei e aperfei\u00e7oei t\u00e9cnicas espec\u00edficas que transformaram minha vida \u2014 e hoje s\u00e3o ensinadas a milhares de estudantes no Brasil.<\/p>\n\n\n\n<h2 class=\"wp-block-heading\">O Que \u00e9 Super Mem\u00f3ria?<\/h2>\n\n\n\n<p>Mem\u00f3ria n\u00e3o \u00e9 um recipiente de armazenamento infinito, mas uma fun\u00e7\u00e3o cerebral que pode ser acelerada. Uma <strong>super mem\u00f3ria<\/strong>, portanto, n\u00e3o guarda mais, mas lembra mais r\u00e1pido \u2014 como exigido em competi\u00e7\u00f5es de memoriza\u00e7\u00e3o. \u00c9 esse tipo de rapidez que conquistei e que outros podem desenvolver.<\/p>\n\n\n\n<h2 class=\"wp-block-heading\">A Mem\u00f3ria na Era das Mem\u00f3rias Artificiais<\/h2>\n\n\n\n<p>Vivemos em uma sociedade dependente de mem\u00f3rias artificiais \u2014 agendas, celulares, aplicativos. Essa depend\u00eancia pode tornar nossa mem\u00f3ria natural lenta. Assim como o uso excessivo da calculadora prejudica a agilidade no c\u00e1lculo mental, a substitui\u00e7\u00e3o da mem\u00f3ria natural por dispositivos externos fragiliza nossa cogni\u00e7\u00e3o.<\/p>\n\n\n\n<h2 class=\"wp-block-heading\">Palestra em Portugal: Mem\u00f3ria, Esquecimento e T\u00e9cnica<\/h2>\n\n\n\n<p>No congresso em Mealhada (Portugal), apresentei t\u00e9cnicas eficazes para <strong><a href=\"https:\/\/renatoalves.com.br\/blog\/memoria-forte-cerebro-jovem\/\" target=\"_blank\" rel=\"noreferrer noopener\">melhorar a mem\u00f3ria na melhor idade<\/a><\/strong>. Destaquei a importante distin\u00e7\u00e3o entre <a href=\"https:\/\/renatoalves.com.br\/blog\/como-prevenir-o-alzheimer-com-atitudes-simples\/\" target=\"_blank\" rel=\"noreferrer noopener\"><strong>descuido<\/strong> e <strong>esquecimento<\/strong><\/a>, muitas vezes confundidos. Reforcei que n\u00e3o se trata de falta de mem\u00f3ria, mas da aus\u00eancia de <strong>estrat\u00e9gias de memoriza\u00e7\u00e3o e entendimento do funcionamento cerebral<\/strong>.<\/p>\n\n\n\n<figure class=\"wp-block-image size-large\"><a href=\"https:\/\/memoriablindada.com.br\/\"><img fetchpriority=\"high\" decoding=\"async\" width=\"1024\" height=\"120\" src=\"https:\/\/renatoalves.com.br\/blog\/wp-content\/uploads\/2014\/09\/MEMORIA-BLINDADA-BANNER-BLOG-RENATO-ALVES-1024x120.png\" alt=\"banner mem\u00f3ria blindada\" class=\"wp-image-10107\" srcset=\"https:\/\/renatoalves.com.br\/blog\/wp-content\/uploads\/2014\/09\/MEMORIA-BLINDADA-BANNER-BLOG-RENATO-ALVES-1024x120.png 1024w, https:\/\/renatoalves.com.br\/blog\/wp-content\/uploads\/2014\/09\/MEMORIA-BLINDADA-BANNER-BLOG-RENATO-ALVES-300x35.png 300w, https:\/\/renatoalves.com.br\/blog\/wp-content\/uploads\/2014\/09\/MEMORIA-BLINDADA-BANNER-BLOG-RENATO-ALVES-768x90.png 768w, https:\/\/renatoalves.com.br\/blog\/wp-content\/uploads\/2014\/09\/MEMORIA-BLINDADA-BANNER-BLOG-RENATO-ALVES-1536x181.png 1536w, https:\/\/renatoalves.com.br\/blog\/wp-content\/uploads\/2014\/09\/MEMORIA-BLINDADA-BANNER-BLOG-RENATO-ALVES.png 1700w\" sizes=\"(max-width: 1024px) 100vw, 1024px\" \/><\/a><\/figure>\n\n\n\n<h2 class=\"wp-block-heading\">Perguntas Frequentes (FAQ)<\/h2>\n\n\n\n<h3 class=\"wp-block-heading\"><strong>Quando e onde ocorreu o congresso em que voc\u00ea participou?<\/strong><\/h3>\n\n\n\n<p>O I Congresso Internacional de Geriatria e Sa\u00fade Mental aconteceu em <strong>23 de junho<\/strong>, em Mealhada, Portugal.<\/p>\n\n\n\n<h3 class=\"wp-block-heading\"><strong>O que motivou sua participa\u00e7\u00e3o?<\/strong><\/h3>\n\n\n\n<p>Fui convidado para apresentar t\u00e9cnicas que fortalecem a mem\u00f3ria, especialmente na terceira idade, enfatizando a diferen\u00e7a entre esquecimento e aus\u00eancia de m\u00e9todo.<\/p>\n\n\n\n<h3 class=\"wp-block-heading\"><strong>O que voc\u00ea espera que os participantes absorvam de sua palestra?<\/strong><\/h3>\n\n\n\n<p>Que compreendam que a mem\u00f3ria pode ser treinada e acelerada por meio de estrat\u00e9gias adequadas, sem buscar justificativas m\u00e9dicas ou tecnol\u00f3gicas para o esquecimento.<\/p>\n\n\n\n<h2 class=\"wp-block-heading\">Veja tamb\u00e9m:<\/h2>\n\n\n\n<figure class=\"wp-block-embed is-type-rich is-provider-incorporar-manipulador wp-block-embed-incorporar-manipulador wp-embed-aspect-16-9 wp-has-aspect-ratio\"><div class=\"wp-block-embed__wrapper\">\n<iframe title=\"Esqueceu de Novo? Aplique Essas 5 Estrat\u00e9gias para Turbinar sua Mente!\" width=\"800\" height=\"450\" src=\"https:\/\/www.youtube.com\/embed\/p39IXaH__7Y?feature=oembed\" frameborder=\"0\" allow=\"accelerometer; autoplay; clipboard-write; encrypted-media; gyroscope; picture-in-picture; web-share\" referrerpolicy=\"strict-origin-when-cross-origin\" allowfullscreen><\/iframe>\n<\/div><\/figure>\n","protected":false},"excerpt":{"rendered":"<p>Ol\u00e1, aqui \u00e9 o Renato Alves. Recentemente fui ao I Congresso Internacional de Geriatria e Sa\u00fade Mental, promovido pela Replicar Socialform, em Mealhada, Portugal, no dia 23 de junho. Em entrevista ao Di\u00e1rio de Aveiro, compartilhei minha trajet\u00f3ria, desafios e m\u00e9todos que desenvolvi para fortalecer a mem\u00f3ria \u2014 especialmente na melhor idade. A seguir, voc\u00ea [&hellip;]<\/p>\n","protected":false},"author":24,"featured_media":2155,"comment_status":"open","ping_status":"open","sticky":false,"template":"","format":"standard","meta":{"footnotes":""},"categories":[32],"tags":[41,145,56,183,45,46,86,212,98,29,184,185],"class_list":["post-2147","post","type-post","status-publish","format-standard","has-post-thumbnail","hentry","category-namidia","tag-alzheimer","tag-boa-memoria","tag-branco-na-memoria","tag-como-melhorar-a-memoria","tag-curso-de-memorizacao","tag-curso-de-memorizacao-online","tag-curso-estudo-e-memorizacao","tag-curso-memoria-blindada","tag-curso-online-renato-alves","tag-memoria","tag-portugal","tag-remedios-para-memoria"],"_links":{"self":[{"href":"https:\/\/renatoalves.com.br\/blog\/wp-json\/wp\/v2\/posts\/2147","targetHints":{"allow":["GET"]}}],"collection":[{"href":"https:\/\/renatoalves.com.br\/blog\/wp-json\/wp\/v2\/posts"}],"about":[{"href":"https:\/\/renatoalves.com.br\/blog\/wp-json\/wp\/v2\/types\/post"}],"author":[{"embeddable":true,"href":"https:\/\/renatoalves.com.br\/blog\/wp-json\/wp\/v2\/users\/24"}],"replies":[{"embeddable":true,"href":"https:\/\/renatoalves.com.br\/blog\/wp-json\/wp\/v2\/comments?post=2147"}],"version-history":[{"count":6,"href":"https:\/\/renatoalves.com.br\/blog\/wp-json\/wp\/v2\/posts\/2147\/revisions"}],"predecessor-version":[{"id":10641,"href":"https:\/\/renatoalves.com.br\/blog\/wp-json\/wp\/v2\/posts\/2147\/revisions\/10641"}],"wp:featuredmedia":[{"embeddable":true,"href":"https:\/\/renatoalves.com.br\/blog\/wp-json\/wp\/v2\/media\/2155"}],"wp:attachment":[{"href":"https:\/\/renatoalves.com.br\/blog\/wp-json\/wp\/v2\/media?parent=2147"}],"wp:term":[{"taxonomy":"category","embeddable":true,"href":"https:\/\/renatoalves.com.br\/blog\/wp-json\/wp\/v2\/categories?post=2147"},{"taxonomy":"post_tag","embeddable":true,"href":"https:\/\/renatoalves.com.br\/blog\/wp-json\/wp\/v2\/tags?post=2147"}],"curies":[{"name":"wp","href":"https:\/\/api.w.org\/{rel}","templated":true}]}}