{"id":2332,"date":"2025-08-28T22:00:00","date_gmt":"2025-08-29T01:00:00","guid":{"rendered":"http:\/\/renatoalves.com.br\/blog\/?p=2332"},"modified":"2025-08-27T08:15:07","modified_gmt":"2025-08-27T11:15:07","slug":"mocao-de-congratulacoes-aos-autores-de-livros","status":"publish","type":"post","link":"https:\/\/renatoalves.com.br\/blog\/mocao-de-congratulacoes-aos-autores-de-livros\/","title":{"rendered":"Mo\u00e7\u00e3o de congratula\u00e7\u00f5es aos autores de livros"},"content":{"rendered":"\n<p>Na \u00faltima segunda-feira, recebi com profundo orgulho, junto aos meus confrades da <strong>Academia Tup\u00e3ense de Letras, Ci\u00eancias e Artes (ATLECA)<\/strong>, uma <strong>mo\u00e7\u00e3o de congratula\u00e7\u00f5es<\/strong>. Esse reconhecimento, oriundo da C\u00e2mara Municipal e conduzido por Dr.\u202fAlcione Alc\u00e2ntara Gon\u00e7alves, ressalta o valor social e honroso do trabalho desenvolvido \u2014 reunindo escritores e entusiastas das letras, ci\u00eancias e artes em torno do debate da<a href=\"https:\/\/estudomemorizacao.com.br\/\" target=\"_blank\" rel=\"noreferrer noopener\"> l\u00edngua portuguesa e do conhecimento.<\/a><\/p>\n\n\n\n<figure class=\"wp-block-image size-large\"><a href=\"https:\/\/estudomemorizacao.com.br\/\"><img fetchpriority=\"high\" decoding=\"async\" width=\"1024\" height=\"182\" src=\"https:\/\/renatoalves.com.br\/blog\/wp-content\/uploads\/2018\/11\/capa_banner-1024x182.jpg\" alt=\"estudo e memoriza\u00e7\u00e3o para concurso p\u00fablico\" class=\"wp-image-6047\" srcset=\"https:\/\/renatoalves.com.br\/blog\/wp-content\/uploads\/2018\/11\/capa_banner-1024x182.jpg 1024w, https:\/\/renatoalves.com.br\/blog\/wp-content\/uploads\/2018\/11\/capa_banner-300x53.jpg 300w, https:\/\/renatoalves.com.br\/blog\/wp-content\/uploads\/2018\/11\/capa_banner-768x137.jpg 768w, https:\/\/renatoalves.com.br\/blog\/wp-content\/uploads\/2018\/11\/capa_banner-610x109.jpg 610w\" sizes=\"(max-width: 1024px) 100vw, 1024px\" \/><\/a><\/figure>\n\n\n\n<h2 class=\"wp-block-heading\"><strong>A Import\u00e2ncia dos Livros na Constru\u00e7\u00e3o da Sociedade<\/strong><\/h2>\n\n\n\n<p><strong>\u201cUm bom livro ajuda a fugir da realidade bruta. Leia para amadurecer mais do que se \u00e9 necess\u00e1rio!\u201d<\/strong> \u2014 Moema Miranda<\/p>\n\n\n\n<p>Desde Zulmira Amaral at\u00e9 Castro Alves, os livros sempre foram sementes de liberdade e luz. O poeta baiano, inspirado por Fausto Cunha, afirmava possuir um \u201csentido divinat\u00f3rio\u201d para antever o poder transformador da leitura. Em <em>O Livro e a Am\u00e9rica<\/em>, ele celebra:<\/p>\n\n\n\n<blockquote class=\"wp-block-quote is-layout-flow wp-block-quote-is-layout-flow\">\n<p><em>\u201cOh! Bendito o que semeia \/ Livros&#8230; livros \u00e0 m\u00e3o cheia&#8230; \/ E manda o povo pensar!\u201d<\/em><\/p>\n<\/blockquote>\n\n\n\n<p>O semeador de livros, nesse contexto, \u00e9 semeador de liberdade. Pois a ignor\u00e2ncia aprisiona, enquanto o livro liberta \u2014 tal como um guia que ilumina percep\u00e7\u00f5es e expande horizontes.<\/p>\n\n\n\n<h2 class=\"wp-block-heading\"><strong>O Livro: Um Di\u00e1logo entre Autor e Leitor<\/strong><\/h2>\n\n\n\n<p>Diversos pensadores refletem sobre o livro:<\/p>\n\n\n\n<ul class=\"wp-block-list\">\n<li><strong>Plat\u00e3o<\/strong> dizia: \u201cO Livro \u00e9 um mestre que fala mas que n\u00e3o responde.\u201d<\/li>\n\n\n\n<li><strong>Ricardo L\u00e9on<\/strong> ensinou: \u201cOs livros me ensinaram a pensar; e o pensamento me fez livre.\u201d Complemento: a literatura nutre a mente e o cora\u00e7\u00e3o.<\/li>\n\n\n\n<li><strong>Andr\u00e9 Maurois<\/strong> definiu: \u201cA Leitura de um bom livro \u00e9 um di\u00e1logo incessante: O Livro fala e a alma responde.\u201d<\/li>\n<\/ul>\n\n\n\n<p>Outros autores como <strong>Monteiro Lobato<\/strong>, <strong>Voltaire<\/strong>, <strong>George Crabbe<\/strong>, <strong>Jorge Luis Borges<\/strong>, <strong>Rubens Alves<\/strong>, <strong>Charles W. Elliot<\/strong>, <strong>Fernando Pessoa<\/strong>, e muitos mais, contribu\u00edram com imagens que evocam o livro como extens\u00e3o da mem\u00f3ria, brinquedo de letras, amigo silencioso, e fonte de interpreta\u00e7\u00e3o interior.<\/p>\n\n\n\n<h2 class=\"wp-block-heading\"><strong>Academias Liter\u00e1rias: Uni\u00e3o e Imortalidad<\/strong>e<\/h2>\n\n\n\n<p>As Academias, como a ATLECA, representam o poder da uni\u00e3o:<\/p>\n\n\n\n<p><strong>\u201cQuae singula non possunt cumulata juvant\u201d<\/strong> \u2014 \u201cO que sozinho parece impotente, somado a outros se faz poderoso.\u201d<\/p>\n\n\n\n<p>A ATLECA, desde sua funda\u00e7\u00e3o em 14 de novembro de 2013, cumpre essa miss\u00e3o de fomentar cultura e expandir ideias liter\u00e1rias para al\u00e9m dos limites de Tup\u00e3.<\/p>\n\n\n\n<h2 class=\"wp-block-heading\"><strong>O Legado do Livro: Da Semente \u00e0 Imortalidade<\/strong><\/h2>\n\n\n\n<p>A publica\u00e7\u00e3o de um livro \u00e9 como plantar uma \u00e1rvore que floresce ao longo das gera\u00e7\u00f5es. Ele ilumina, nutre, forma pensadores, poetas e prosadores \u2014 iniciando um c\u00edrculo de <a href=\"https:\/\/renatoalves.com.br\/blog\/como-ser-aprovado-num-concurso-ou-vestibular\/\" target=\"_blank\" rel=\"noreferrer noopener\">cultura e conhecimento vingoroso.<\/a><\/p>\n\n\n\n<p>Castro Alves, em sua obra, celebra quem salva o futuro com palavras:<\/p>\n\n\n\n<blockquote class=\"wp-block-quote is-layout-flow wp-block-quote-is-layout-flow\">\n<p><em>\u201cBravo! A quem salva o futuro \/ Fecundando a multid\u00e3o!&#8230; \/ Num poema emortalhada \/ Nunca morre uma na\u00e7\u00e3o.\u201d<\/em><\/p>\n\n\n\n<figure class=\"wp-block-image size-large\"><a href=\"https:\/\/estudomemorizacao.com.br\/\"><img fetchpriority=\"high\" decoding=\"async\" width=\"1024\" height=\"182\" src=\"https:\/\/renatoalves.com.br\/blog\/wp-content\/uploads\/2018\/11\/capa_banner-1024x182.jpg\" alt=\"estudo e memoriza\u00e7\u00e3o para concurso p\u00fablico\" class=\"wp-image-6047\" srcset=\"https:\/\/renatoalves.com.br\/blog\/wp-content\/uploads\/2018\/11\/capa_banner-1024x182.jpg 1024w, https:\/\/renatoalves.com.br\/blog\/wp-content\/uploads\/2018\/11\/capa_banner-300x53.jpg 300w, https:\/\/renatoalves.com.br\/blog\/wp-content\/uploads\/2018\/11\/capa_banner-768x137.jpg 768w, https:\/\/renatoalves.com.br\/blog\/wp-content\/uploads\/2018\/11\/capa_banner-610x109.jpg 610w\" sizes=\"(max-width: 1024px) 100vw, 1024px\" \/><\/a><\/figure>\n<\/blockquote>\n\n\n\n<h2 class=\"wp-block-heading\"><strong>Perguntas Frequentes (FAQ<\/strong>)<\/h2>\n\n\n\n<p><strong>1. O que significa receber a mo\u00e7\u00e3o da ATLECA?<\/strong><br>Ela representa reconhecimento ao trabalho de incentivo \u00e0 cultura liter\u00e1ria e art\u00edstica, realizada pela ATLECA com dedica\u00e7\u00e3o e compromisso social,<\/p>\n\n\n\n<p><strong>2. Quem fundou a ATLECA, e qual seu prop\u00f3sito?<\/strong><br>Criada em 2013, sua miss\u00e3o \u00e9 reunir escritores, cientistas e artistas para promover debates sobre literatura, ci\u00eancias, artes e l\u00edngua portuguesa.<\/p>\n\n\n\n<p><strong>3. Quais reflex\u00f5es sobre livros foram destacadas?<\/strong><br>Cita\u00e7\u00f5es como as de Castro Alves, Plat\u00e3o, L\u00e9on, Maurois, Voltaire e outros, todas ressaltam o papel do livro como formador de pensamento, mem\u00f3ria, emo\u00e7\u00e3o e liberdade.<\/p>\n\n\n\n<p><strong>4. Qual \u00e9 o papel das academias liter\u00e1rias como a ATLECA?<\/strong><br>S\u00e3o espa\u00e7os de coopera\u00e7\u00e3o intelectual, onde a uni\u00e3o de vozes fortalece a cultura, promovendo a imortalidade das ideias \u2014 o lema ser \u201cAd Immortalitatem\u201d resume bem esse ideal.<\/p>\n\n\n\n<p><strong>5. Como o livro contribui para o futuro?<\/strong><br>Ao registrar sonhos, ideais e sabedoria, o livro torna-se uma semente de possibilidades. Ele floresce com for\u00e7a, ilumina mentes e mant\u00e9m viva a chama da imagina\u00e7\u00e3o e liberdade<\/p>\n\n\n\n<h2 class=\"wp-block-heading\">Veja tamb\u00e9m:<\/h2>\n\n\n\n<figure class=\"wp-block-embed is-type-rich is-provider-incorporar-manipulador wp-block-embed-incorporar-manipulador wp-embed-aspect-16-9 wp-has-aspect-ratio\"><div class=\"wp-block-embed__wrapper\">\n<iframe title=\"O Melhor REM\u00c9DIO Natural para Mem\u00f3ria e Foco (N\u00e3o \u00c9 o Que Voc\u00ea Pensa)\" width=\"800\" height=\"450\" src=\"https:\/\/www.youtube.com\/embed\/-2L0qE-M7bo?feature=oembed\" frameborder=\"0\" allow=\"accelerometer; autoplay; clipboard-write; encrypted-media; gyroscope; picture-in-picture; web-share\" referrerpolicy=\"strict-origin-when-cross-origin\" allowfullscreen><\/iframe>\n<\/div><\/figure>\n","protected":false},"excerpt":{"rendered":"<p>Na \u00faltima segunda-feira, recebi com profundo orgulho, junto aos meus confrades da Academia Tup\u00e3ense de Letras, Ci\u00eancias e Artes (ATLECA), uma mo\u00e7\u00e3o de congratula\u00e7\u00f5es. Esse reconhecimento, oriundo da C\u00e2mara Municipal e conduzido por Dr.\u202fAlcione Alc\u00e2ntara Gon\u00e7alves, ressalta o valor social e honroso do trabalho desenvolvido \u2014 reunindo escritores e entusiastas das letras, ci\u00eancias e artes [&hellip;]<\/p>\n","protected":false},"author":24,"featured_media":2338,"comment_status":"open","ping_status":"open","sticky":false,"template":"","format":"standard","meta":{"footnotes":""},"categories":[265],"tags":[205,204,76,203,206,55],"class_list":["post-2332","post","type-post","status-publish","format-standard","has-post-thumbnail","hentry","category-sobre-o-autor","tag-autores-de-livros","tag-curso-fast-read","tag-leitura-dinamica","tag-livros","tag-mocao-de-congratulacao","tag-renato-alves"],"_links":{"self":[{"href":"https:\/\/renatoalves.com.br\/blog\/wp-json\/wp\/v2\/posts\/2332","targetHints":{"allow":["GET"]}}],"collection":[{"href":"https:\/\/renatoalves.com.br\/blog\/wp-json\/wp\/v2\/posts"}],"about":[{"href":"https:\/\/renatoalves.com.br\/blog\/wp-json\/wp\/v2\/types\/post"}],"author":[{"embeddable":true,"href":"https:\/\/renatoalves.com.br\/blog\/wp-json\/wp\/v2\/users\/24"}],"replies":[{"embeddable":true,"href":"https:\/\/renatoalves.com.br\/blog\/wp-json\/wp\/v2\/comments?post=2332"}],"version-history":[{"count":1,"href":"https:\/\/renatoalves.com.br\/blog\/wp-json\/wp\/v2\/posts\/2332\/revisions"}],"predecessor-version":[{"id":10637,"href":"https:\/\/renatoalves.com.br\/blog\/wp-json\/wp\/v2\/posts\/2332\/revisions\/10637"}],"wp:featuredmedia":[{"embeddable":true,"href":"https:\/\/renatoalves.com.br\/blog\/wp-json\/wp\/v2\/media\/2338"}],"wp:attachment":[{"href":"https:\/\/renatoalves.com.br\/blog\/wp-json\/wp\/v2\/media?parent=2332"}],"wp:term":[{"taxonomy":"category","embeddable":true,"href":"https:\/\/renatoalves.com.br\/blog\/wp-json\/wp\/v2\/categories?post=2332"},{"taxonomy":"post_tag","embeddable":true,"href":"https:\/\/renatoalves.com.br\/blog\/wp-json\/wp\/v2\/tags?post=2332"}],"curies":[{"name":"wp","href":"https:\/\/api.w.org\/{rel}","templated":true}]}}