{"id":2356,"date":"2025-08-27T21:20:00","date_gmt":"2025-08-28T00:20:00","guid":{"rendered":"http:\/\/renatoalves.com.br\/blog\/?p=2356"},"modified":"2025-08-27T08:08:27","modified_gmt":"2025-08-27T11:08:27","slug":"o-cerebro-com-foco-e-disciplina-9-edicao","status":"publish","type":"post","link":"https:\/\/renatoalves.com.br\/blog\/o-cerebro-com-foco-e-disciplina-9-edicao\/","title":{"rendered":"O c\u00e9rebro com foco e disciplina chegou a 9\u00aa edi\u00e7\u00e3o"},"content":{"rendered":"\n<p>\u00c9 com imensa gratid\u00e3o que anuncio:<a href=\"https:\/\/memoriablindada.com.br\/\" target=\"_blank\" rel=\"noreferrer noopener\"> <strong>chegamos \u00e0 9\u00aa edi\u00e7\u00e3o do livro <em>O C\u00e9rebro com Foco e Disciplina<\/em>!<\/strong> <\/a>Uma conquista que n\u00e3o seria poss\u00edvel sem voc\u00eas, meus leitores \u2014 cada exemplar representa uma vit\u00f3ria compartilhada. <\/p>\n\n\n\n<figure class=\"wp-block-image size-large\"><a href=\"https:\/\/memoriablindada.com.br\/\"><img fetchpriority=\"high\" decoding=\"async\" width=\"1024\" height=\"120\" src=\"https:\/\/renatoalves.com.br\/blog\/wp-content\/uploads\/2014\/09\/MEMORIA-BLINDADA-BANNER-BLOG-RENATO-ALVES-1024x120.png\" alt=\"banner mem\u00f3ria blindada\" class=\"wp-image-10107\" srcset=\"https:\/\/renatoalves.com.br\/blog\/wp-content\/uploads\/2014\/09\/MEMORIA-BLINDADA-BANNER-BLOG-RENATO-ALVES-1024x120.png 1024w, https:\/\/renatoalves.com.br\/blog\/wp-content\/uploads\/2014\/09\/MEMORIA-BLINDADA-BANNER-BLOG-RENATO-ALVES-300x35.png 300w, https:\/\/renatoalves.com.br\/blog\/wp-content\/uploads\/2014\/09\/MEMORIA-BLINDADA-BANNER-BLOG-RENATO-ALVES-768x90.png 768w, https:\/\/renatoalves.com.br\/blog\/wp-content\/uploads\/2014\/09\/MEMORIA-BLINDADA-BANNER-BLOG-RENATO-ALVES-1536x181.png 1536w, https:\/\/renatoalves.com.br\/blog\/wp-content\/uploads\/2014\/09\/MEMORIA-BLINDADA-BANNER-BLOG-RENATO-ALVES.png 1700w\" sizes=\"(max-width: 1024px) 100vw, 1024px\" \/><\/a><\/figure>\n\n\n\n<h2 class=\"wp-block-heading\"><strong>Por que escrevi este livro?<\/strong><\/h2>\n\n\n\n<p>A percep\u00e7\u00e3o de que muitas pessoas n\u00e3o conseguem ser produtivas por falta de foco e disciplina me impulsionou a escrever esta obra. Nossa mente precisa ser moldada para ter autocontrole \u2014 sem ele, somos ref\u00e9ns do pr\u00f3prio c\u00e9rebro.<\/p>\n\n\n\n<h2 class=\"wp-block-heading\"><strong>O que prop\u00f5e o livro?<\/strong><\/h2>\n\n\n\n<p><em>O C\u00e9rebro com Foco e Disciplina<\/em> foi concebido para <strong>transformar leitores em indiv\u00edduos altamente produtivos<\/strong>, desenvolvendo autocontrole com resultados extraordin\u00e1rios. <a href=\"https:\/\/renatoalves.com.br\/blog\/o-cerebro-com-foco-e-disciplina-9-edicao\/?utm_source=chatgpt.com\" target=\"_blank\" rel=\"noreferrer noopener\">Renato Alves<\/a><\/p>\n\n\n\n<h2 class=\"wp-block-heading\"><strong>Os desafios de compreender a mente humana<\/strong><\/h2>\n\n\n\n<p>Explicar a mente e a memoriza\u00e7\u00e3o n\u00e3o \u00e9 tarefa simples. Ao longo dos s\u00e9culos, cientistas, fil\u00f3sofos e pensadores tentam definir o que ela realmente \u00e9: transcendental, subjetiva, interna ao c\u00e9rebro ou mesmo uma forma coletiva de comunica\u00e7\u00e3o? Essas perguntas me levaram a mergulhar profundamente no tema. <a href=\"https:\/\/renatoalves.com.br\/blog\/o-cerebro-com-foco-e-disciplina-9-edicao\/?utm_source=chatgpt.com\" target=\"_blank\" rel=\"noreferrer noopener\">Renato Alves+2www.slideshare.net+2<\/a><\/p>\n\n\n\n<p>Cito Osho no livro <em>Aprendendo a Silenciar a Mente<\/em> (2008), que afirma: <em>\u201ctoda crian\u00e7a nasce inteligente e a maioria das pessoas morre burra\u201d<\/em>. Isso reflete como a dispers\u00e3o mental e a falta de aten\u00e7\u00e3o corroem nossa capacidade de realiza\u00e7\u00e3o e de aproveitar plenamente a vida. <a href=\"https:\/\/renatoalves.com.br\/blog\/o-cerebro-com-foco-e-disciplina-9-edicao\/?utm_source=chatgpt.com\" target=\"_blank\" rel=\"noreferrer noopener\">Renato Alves<\/a><\/p>\n\n\n\n<h2 class=\"wp-block-heading\"><strong>\u201cUsamos 100% do nosso c\u00e9rebro, mas n\u00e3o sempre\u201d<\/strong><\/h2>\n\n\n\n<p>Essa m\u00e1xima n\u00e3o quer dizer que usamos toda nossa capacidade cognitiva o tempo todo. Significa, antes, que todas as capacidades cerebrais s\u00e3o ativadas \u2014 mas em momentos diversos, nunca simultaneamente. <a href=\"https:\/\/renatoalves.com.br\/blog\/o-cerebro-com-foco-e-disciplina-9-edicao\/?utm_source=chatgpt.com\" target=\"_blank\" rel=\"noreferrer noopener\">Renato Alves<\/a><\/p>\n\n\n\n<h2 class=\"wp-block-heading\"><strong>Onde encontrar o livro \u2014 edi\u00e7\u00e3o esgotando r\u00e1pido<\/strong><\/h2>\n\n\n\n<p>Devido \u00e0 grande procura, muitos exemplares j\u00e1 se esgotaram em diversas livrarias. Se ainda procura, recomendo verificar em todas: Submarino, Amazon, Saraiva, Cultura, Americanas, Extra, entre outras. <a href=\"https:\/\/renatoalves.com.br\/blog\/o-cerebro-com-foco-e-disciplina-9-edicao\/?utm_source=chatgpt.com\" target=\"_blank\" rel=\"noreferrer noopener\">Renato Alves<\/a><\/p>\n\n\n\n<h2 class=\"wp-block-heading\"><strong>Quer aprofundar? Conhe\u00e7a o curso online<\/strong><\/h2>\n\n\n\n<p>Se desejar ir mais fundo nas estrat\u00e9gias que me levaram ao t\u00edtulo de<a href=\"https:\/\/renatoalves.com.br\/blog\/como-prevenir-o-alzheimer-com-atitudes-simples\/\" target=\"_blank\" rel=\"noreferrer noopener\"> recordista brasileiro de memoriza\u00e7\u00e3o, <\/a>convido voc\u00ea a conhecer nosso <strong>curso de memoriza\u00e7\u00e3o online<\/strong>. L\u00e1, ensino como fazer seu c\u00e9rebro trabalhar a seu favor \u2014 com foco e disciplina concretos.<\/p>\n\n\n\n<figure class=\"wp-block-image size-large\"><a href=\"https:\/\/memoriablindada.com.br\/\"><img fetchpriority=\"high\" decoding=\"async\" width=\"1024\" height=\"120\" src=\"https:\/\/renatoalves.com.br\/blog\/wp-content\/uploads\/2014\/09\/MEMORIA-BLINDADA-BANNER-BLOG-RENATO-ALVES-1024x120.png\" alt=\"banner mem\u00f3ria blindada\" class=\"wp-image-10107\" srcset=\"https:\/\/renatoalves.com.br\/blog\/wp-content\/uploads\/2014\/09\/MEMORIA-BLINDADA-BANNER-BLOG-RENATO-ALVES-1024x120.png 1024w, https:\/\/renatoalves.com.br\/blog\/wp-content\/uploads\/2014\/09\/MEMORIA-BLINDADA-BANNER-BLOG-RENATO-ALVES-300x35.png 300w, https:\/\/renatoalves.com.br\/blog\/wp-content\/uploads\/2014\/09\/MEMORIA-BLINDADA-BANNER-BLOG-RENATO-ALVES-768x90.png 768w, https:\/\/renatoalves.com.br\/blog\/wp-content\/uploads\/2014\/09\/MEMORIA-BLINDADA-BANNER-BLOG-RENATO-ALVES-1536x181.png 1536w, https:\/\/renatoalves.com.br\/blog\/wp-content\/uploads\/2014\/09\/MEMORIA-BLINDADA-BANNER-BLOG-RENATO-ALVES.png 1700w\" sizes=\"(max-width: 1024px) 100vw, 1024px\" \/><\/a><\/figure>\n\n\n\n<h2 class=\"wp-block-heading\">Perguntas Frequentes (FAQs)<\/h2>\n\n\n\n<h3 class=\"wp-block-heading\"><strong>1. Por que chegou \u00e0 9\u00aa edi\u00e7\u00e3o?<\/strong><\/h3>\n\n\n\n<p>Porque leitores como voc\u00ea confirmaram que o conte\u00fado transforma a forma de pensar e agir \u2014 e isso, por si s\u00f3, j\u00e1 justifica tantas reedi\u00e7\u00f5es. <\/p>\n\n\n\n<h3 class=\"wp-block-heading\"><strong>2. Qual \u00e9 a proposta central do livro?<\/strong><\/h3>\n\n\n\n<p>Transformar o leitor em algu\u00e9m produtivo, com autocontrole e disciplina, capaz de alcan\u00e7ar resultados extraordin\u00e1rios. <\/p>\n\n\n\n<h3 class=\"wp-block-heading\"><strong>3. O que significa usar 100% do c\u00e9rebro?<\/strong><\/h3>\n\n\n\n<p>Significa que todas as capacidades cerebrais podem ser ativadas em momentos distintos \u2014 mas nunca em plenitude simult\u00e2nea. <\/p>\n\n\n\n<h3 class=\"wp-block-heading\"><strong>4. O que Osho diz sobre a mente?<\/strong><\/h3>\n\n\n\n<p>Ele afirma: \u201ctoda crian\u00e7a nasce inteligente e a maioria das pessoas morre burra\u201d, ilustrando como a dispers\u00e3o mental nos distancia da plenitude cognitiva. <\/p>\n\n\n\n<h3 class=\"wp-block-heading\"><strong>5. Como encontrar a 9\u00aa edi\u00e7\u00e3o?<\/strong><\/h3>\n\n\n\n<p>Ela pode estar esgotada em algumas livrarias, ent\u00e3o recomendo procurar em todas, como Amazon, Submarino, Saraiva, Cultura, Americanas, Extra etc. <\/p>\n\n\n\n<h3 class=\"wp-block-heading\"><strong>6. E se quiser se aprofundar ainda mais?<\/strong><\/h3>\n\n\n\n<p>Explore meu curso de memoriza\u00e7\u00e3o online \u2014 uma imers\u00e3o nas t\u00e9cnicas que desenvolvi ao longo dos anos, com foco e disciplina como pilares. <\/p>\n\n\n\n<p><\/p>\n","protected":false},"excerpt":{"rendered":"<p>\u00c9 com imensa gratid\u00e3o que anuncio: chegamos \u00e0 9\u00aa edi\u00e7\u00e3o do livro O C\u00e9rebro com Foco e Disciplina! Uma conquista que n\u00e3o seria poss\u00edvel sem voc\u00eas, meus leitores \u2014 cada exemplar representa uma vit\u00f3ria compartilhada. Por que escrevi este livro? A percep\u00e7\u00e3o de que muitas pessoas n\u00e3o conseguem ser produtivas por falta de foco e [&hellip;]<\/p>\n","protected":false},"author":10,"featured_media":2358,"comment_status":"open","ping_status":"open","sticky":false,"template":"","format":"standard","meta":{"footnotes":""},"categories":[265],"tags":[45,207,69],"class_list":["post-2356","post","type-post","status-publish","format-standard","has-post-thumbnail","hentry","category-sobre-o-autor","tag-curso-de-memorizacao","tag-livros-renato-alves","tag-o-cerebro-com-foco-e-disciplina"],"_links":{"self":[{"href":"https:\/\/renatoalves.com.br\/blog\/wp-json\/wp\/v2\/posts\/2356","targetHints":{"allow":["GET"]}}],"collection":[{"href":"https:\/\/renatoalves.com.br\/blog\/wp-json\/wp\/v2\/posts"}],"about":[{"href":"https:\/\/renatoalves.com.br\/blog\/wp-json\/wp\/v2\/types\/post"}],"author":[{"embeddable":true,"href":"https:\/\/renatoalves.com.br\/blog\/wp-json\/wp\/v2\/users\/10"}],"replies":[{"embeddable":true,"href":"https:\/\/renatoalves.com.br\/blog\/wp-json\/wp\/v2\/comments?post=2356"}],"version-history":[{"count":1,"href":"https:\/\/renatoalves.com.br\/blog\/wp-json\/wp\/v2\/posts\/2356\/revisions"}],"predecessor-version":[{"id":10635,"href":"https:\/\/renatoalves.com.br\/blog\/wp-json\/wp\/v2\/posts\/2356\/revisions\/10635"}],"wp:featuredmedia":[{"embeddable":true,"href":"https:\/\/renatoalves.com.br\/blog\/wp-json\/wp\/v2\/media\/2358"}],"wp:attachment":[{"href":"https:\/\/renatoalves.com.br\/blog\/wp-json\/wp\/v2\/media?parent=2356"}],"wp:term":[{"taxonomy":"category","embeddable":true,"href":"https:\/\/renatoalves.com.br\/blog\/wp-json\/wp\/v2\/categories?post=2356"},{"taxonomy":"post_tag","embeddable":true,"href":"https:\/\/renatoalves.com.br\/blog\/wp-json\/wp\/v2\/tags?post=2356"}],"curies":[{"name":"wp","href":"https:\/\/api.w.org\/{rel}","templated":true}]}}