{"id":2471,"date":"2025-08-27T06:00:00","date_gmt":"2025-08-27T09:00:00","guid":{"rendered":"http:\/\/renatoalves.com.br\/blog\/?p=2471"},"modified":"2025-08-26T14:01:17","modified_gmt":"2025-08-26T17:01:17","slug":"como-prevenir-o-alzheimer-com-atitudes-simples","status":"publish","type":"post","link":"https:\/\/renatoalves.com.br\/blog\/como-prevenir-o-alzheimer-com-atitudes-simples\/","title":{"rendered":"Como prevenir o alzheimer com atitudes simples"},"content":{"rendered":"\n<p>Ol\u00e1, sou Renato Alves, escritor, pesquisador e o primeiro brasileiro condecorado oficialmente como detentor da melhor mem\u00f3ria do pa\u00eds. Quero compartilhar com voc\u00ea um<a href=\"https:\/\/memoriablindada.com.br\/\" target=\"_blank\" rel=\"noreferrer noopener\"> caminho consciente<\/a> e fundamentado para <strong>prevenir o Alzheimer<\/strong> \u2014 uma jornada de esperan\u00e7a e autonomia que come\u00e7a agora.<\/p>\n\n\n\n<figure class=\"wp-block-image size-large\"><a href=\"https:\/\/memoriablindada.com.br\/\"><img fetchpriority=\"high\" decoding=\"async\" width=\"1024\" height=\"120\" src=\"https:\/\/renatoalves.com.br\/blog\/wp-content\/uploads\/2014\/09\/MEMORIA-BLINDADA-BANNER-BLOG-RENATO-ALVES-1024x120.png\" alt=\"banner mem\u00f3ria blindada\" class=\"wp-image-10107\" srcset=\"https:\/\/renatoalves.com.br\/blog\/wp-content\/uploads\/2014\/09\/MEMORIA-BLINDADA-BANNER-BLOG-RENATO-ALVES-1024x120.png 1024w, https:\/\/renatoalves.com.br\/blog\/wp-content\/uploads\/2014\/09\/MEMORIA-BLINDADA-BANNER-BLOG-RENATO-ALVES-300x35.png 300w, https:\/\/renatoalves.com.br\/blog\/wp-content\/uploads\/2014\/09\/MEMORIA-BLINDADA-BANNER-BLOG-RENATO-ALVES-768x90.png 768w, https:\/\/renatoalves.com.br\/blog\/wp-content\/uploads\/2014\/09\/MEMORIA-BLINDADA-BANNER-BLOG-RENATO-ALVES-1536x181.png 1536w, https:\/\/renatoalves.com.br\/blog\/wp-content\/uploads\/2014\/09\/MEMORIA-BLINDADA-BANNER-BLOG-RENATO-ALVES.png 1700w\" sizes=\"(max-width: 1024px) 100vw, 1024px\" \/><\/a><\/figure>\n\n\n\n<h3 class=\"wp-block-heading\"><strong>1. Entendendo o Alzheimer \u2014 a urg\u00eancia e os mitos<\/strong><\/h3>\n\n\n\n<p>Sabia que, s\u00f3 no Brasil, mais de <strong>um milh\u00e3o de pessoas<\/strong> convivem com os efeitos do Alzheimer? Globalmente, s\u00e3o cerca de <strong>35 milh\u00f5es<\/strong> os portadores hoje, e esse n\u00famero est\u00e1 crescendo \u00e0 medida que nossa popula\u00e7\u00e3o envelhece. Proje\u00e7\u00f5es apontam para <strong>115 milh\u00f5es de afetados nos pr\u00f3ximos 30 anos<\/strong> \u2014 um dado alarmante, que refor\u00e7a: <strong>n\u00e3o h\u00e1 cura<\/strong>, mas <strong>h\u00e1 preven\u00e7\u00e3o<\/strong>.<\/p>\n\n\n\n<p>\u00c9 importante entender que Alzheimer n\u00e3o \u00e9 simplesmente \u201ccaduquice\u201d, \u201cesclerose\u201d ou dem\u00eancia comum. \u00c9 uma <strong>doen\u00e7a neurodegenerativa<\/strong>, onde <strong>neur\u00f4nios se deterioram lentamente<\/strong>, levando \u00e0 perda de mem\u00f3ria, confus\u00e3o, altera\u00e7\u00f5es de humor e desorienta\u00e7\u00e3o. Esses impactos atingem n\u00e3o s\u00f3 o indiv\u00edduo, mas sua fam\u00edlia e rede afetiva.<\/p>\n\n\n\n<p>O neurologista Luiz Henrique Martins de Castro, da USP, destaca que envelhecimento n\u00e3o justifica lapsos de mem\u00f3ria frequentes, como esquecer o almo\u00e7o ou palavras simples. Ele lembra que o c\u00e9rebro \u2014 um sistema complexo \u2014 vai acumulando \u201clixo\u201d proteico, especialmente <strong>beta-amiloide<\/strong>, cuja elimina\u00e7\u00e3o diminui com o tempo, especialmente ap\u00f3s os 65 anos, comprometendo regi\u00f5es essenciais da mem\u00f3ria. Esse ac\u00famulo pode levar \u00e0 morte de neur\u00f4nios e incapacitar a mem\u00f3ria a longo prazo.<\/p>\n\n\n\n<p><strong>Importante<\/strong>: Hereditariedade n\u00e3o explica a maioria dos casos. Apenas cerca de <strong>2% dos pacientes t\u00eam Alzheimer heredit\u00e1rio<\/strong> \u2014 com in\u00edcio geralmente precoce (a partir dos 50 anos). O risco dobra aproximadamente a cada 5 anos ap\u00f3s os 65, mas fatores como hist\u00f3rico familiar s\u00e3o apenas uma parte da equa\u00e7\u00e3o.<\/p>\n\n\n\n<h3 class=\"wp-block-heading\"><strong>2. Como prevenir o Alzheimer: evid\u00eancias recentes<\/strong><\/h3>\n\n\n\n<p>Pesquisas na It\u00e1lia identificaram que as les\u00f5es iniciais ocorrem no <strong>hipocampo<\/strong>, uma regi\u00e3o cerebral vital para a mem\u00f3ria e relacionada \u00e0 dopamina \u2014 neurotransmissor ligado ao prazer e humor. Estudos em animais mostraram que inje\u00e7\u00f5es de dopamina promoveram rea\u00e7\u00f5es positivas, apontando potencial para interven\u00e7\u00f5es futuras em humanos. Ainda que promissor, esse caminho (como muitos outros experimentais) est\u00e1 em desenvolvimento.<\/p>\n\n\n\n<p>Enquanto a ci\u00eancia avan\u00e7a, podemos e devemos agir hoje. Compartilho pr\u00e1ticas eficazes, embasadas, que voc\u00ea pode aplicar imediatamente.<\/p>\n\n\n\n<h3 class=\"wp-block-heading\"><strong>3. H\u00e1bitos protetores: alimenta\u00e7\u00e3o, c\u00e9rebro ativo e corpo em movimento<\/strong><\/h3>\n\n\n\n<h4 class=\"wp-block-heading\"><strong>Alimenta\u00e7\u00e3o que fortalece sua mente<\/strong><\/h4>\n\n\n\n<ul class=\"wp-block-list\">\n<li><strong>Peixes ricos em \u00f4mega\u20113<\/strong> (salm\u00e3o, sardinha, cavala) contribuem para a sa\u00fade cerebral.<\/li>\n\n\n\n<li><strong>Azeite de oliva extra\u2011virgem<\/strong>, parte da dieta mediterr\u00e2nea, demonstra efeito anti-inflamat\u00f3rio e protetor cognitivo.<\/li>\n\n\n\n<li><strong>Vinho tinto<\/strong>, consumido com modera\u00e7\u00e3o, \u00e9 fonte de polifen\u00f3is \u2014 antioxidantes que podem melhorar a circula\u00e7\u00e3o cerebral.<\/li>\n\n\n\n<li><strong>Cafe\u00edna<\/strong>, em doses adequadas, tem sido associada a menor risco e at\u00e9 lentid\u00e3o na progress\u00e3o da doen\u00e7a quando j\u00e1 existente.<\/li>\n<\/ul>\n\n\n\n<h4 class=\"wp-block-heading\"><strong>Exerc\u00edcio f\u00edsico e social: necessidades do c\u00e9rebro<\/strong><\/h4>\n\n\n\n<p>Manter-se fisicamente ativo melhora o fluxo sangu\u00edneo cerebral, estimula a neurog\u00eanese e fortalece conex\u00f5es neurais.<br>Engajar-se socialmente e cultivar atividades intelectuais promovem reserva cognitiva, reduzindo o risco em at\u00e9 <strong>2,5 vezes<\/strong> \u2014 uma estat\u00edstica poderosa contra o Alzheimer.<\/p>\n\n\n\n<h4 class=\"wp-block-heading\"><strong>Desafios mentais: o combust\u00edvel da mente<\/strong><\/h4>\n\n\n\n<p>Aprender um idioma, tocar um instrumento, estudar um curso novo \u2014 tudo isso estimula novas conex\u00f5es sin\u00e1pticas.<br>Atualmente, no meu curso <strong>Mem\u00f3ria Blindada<\/strong>, ensino t\u00e9cnicas pr\u00e1ticas para aplicar esse engajamento di\u00e1rio, fortalecendo sua mente com prop\u00f3sito e foco.<\/p>\n\n\n\n<h3 class=\"wp-block-heading\"><strong>4. Meu m\u00e9todo e a garantia de resultados<\/strong><\/h3>\n\n\n\n<p>Confio tanto nos resultados que o <strong>Mem\u00f3ria Blindada<\/strong> traz que ofere\u00e7o uma <strong>garantia especial de 7 dias<\/strong>: se voc\u00ea n\u00e3o perceber mais foco ou facilidade para memorizar, devolvo <strong>100% do seu investimento<\/strong>. Isso n\u00e3o \u00e9 prometer milagres, \u00e9 confian\u00e7a em pr\u00e1ticas embasadas e transformadoras.<\/p>\n\n\n\n<h3 class=\"wp-block-heading\"><strong>5. Conex\u00e3o emocional e convite \u00e0 a\u00e7\u00e3o<\/strong><\/h3>\n\n\n\n<p>Sempre acreditei que \u201csomos aquilo que comemos\u201d \u2014 e acrescento: \u201csomos o que praticamos, o que aprendemos e o que compartilhamos\u201d. A preven\u00e7\u00e3o do Alzheimer est\u00e1 ao nosso alcance por meio de pequenas a\u00e7\u00f5es di\u00e1rias carregadas de significado.<\/p>\n\n\n\n<p>Convido voc\u00ea: <strong>d\u00ea o primeiro passo agora<\/strong>. Escolha um h\u00e1bito \u2014 uma caminhada, um estudo, um alimento \u2014 e comece hoje. Compartilhe nos coment\u00e1rios qual ser\u00e1 seu primeiro passo rumo \u00e0<a href=\"https:\/\/renatoalves.com.br\/blog\/tenha-uma-boa-memoria-aos-40-anos\/\" target=\"_blank\" rel=\"noreferrer noopener\"> mem\u00f3ria ativa e saud\u00e1vel.<\/a> Eu estarei aqui com voc\u00ea, prolongando sua hist\u00f3ria com presen\u00e7a, clareza e mem\u00f3ria firme.<\/p>\n\n\n\n<p>Forte abra\u00e7o,<br><strong>Renato Alves<\/strong>, escritor, pesquisador e especialista em memoriza\u00e7\u00e3o.<\/p>\n\n\n\n<figure class=\"wp-block-image size-large\"><a href=\"https:\/\/memoriablindada.com.br\/\"><img fetchpriority=\"high\" decoding=\"async\" width=\"1024\" height=\"120\" src=\"https:\/\/renatoalves.com.br\/blog\/wp-content\/uploads\/2014\/09\/MEMORIA-BLINDADA-BANNER-BLOG-RENATO-ALVES-1024x120.png\" alt=\"banner mem\u00f3ria blindada\" class=\"wp-image-10107\" srcset=\"https:\/\/renatoalves.com.br\/blog\/wp-content\/uploads\/2014\/09\/MEMORIA-BLINDADA-BANNER-BLOG-RENATO-ALVES-1024x120.png 1024w, https:\/\/renatoalves.com.br\/blog\/wp-content\/uploads\/2014\/09\/MEMORIA-BLINDADA-BANNER-BLOG-RENATO-ALVES-300x35.png 300w, https:\/\/renatoalves.com.br\/blog\/wp-content\/uploads\/2014\/09\/MEMORIA-BLINDADA-BANNER-BLOG-RENATO-ALVES-768x90.png 768w, https:\/\/renatoalves.com.br\/blog\/wp-content\/uploads\/2014\/09\/MEMORIA-BLINDADA-BANNER-BLOG-RENATO-ALVES-1536x181.png 1536w, https:\/\/renatoalves.com.br\/blog\/wp-content\/uploads\/2014\/09\/MEMORIA-BLINDADA-BANNER-BLOG-RENATO-ALVES.png 1700w\" sizes=\"(max-width: 1024px) 100vw, 1024px\" \/><\/a><\/figure>\n\n\n\n<h2 class=\"wp-block-heading\"><strong>Perguntas Frequentes (FAQ) <\/strong><\/h2>\n\n\n\n<h3 class=\"wp-block-heading\"><strong>Como pequenos h\u00e1bitos ajudam a prevenir o Alzheimer?<\/strong><\/h3>\n\n\n\n<p>Pequenas mudan\u00e7as di\u00e1rias \u2014 como uma caminhada, uma leitura ou um alimento saud\u00e1vel \u2014 promovem circula\u00e7\u00e3o cerebral, conex\u00f5es neurais e reservam mem\u00f3ria ativa.<\/p>\n\n\n\n<h3 class=\"wp-block-heading\"><strong>Alimenta\u00e7\u00e3o pode realmente influenciar a mem\u00f3ria?<\/strong><\/h3>\n\n\n\n<p>Sim. \u00d4mega\u20113, polifen\u00f3is do vinho com modera\u00e7\u00e3o, azeite e cafe\u00edna t\u00eam efeitos protetores, reduzindo inflama\u00e7\u00e3o e favorecendo o funcionamento cerebral.<\/p>\n\n\n\n<h3 class=\"wp-block-heading\"><strong>Exerc\u00edcios f\u00edsicos realmente previnem o Alzheimer?<\/strong><\/h3>\n\n\n\n<p>Absolutamente. Atividade f\u00edsica mant\u00e9m a neuroplasticidade, melhora o fluxo cerebral e ajuda a preservar fun\u00e7\u00f5es cognitivas ao longo do tempo.<\/p>\n\n\n\n<h3 class=\"wp-block-heading\"><strong>E se j\u00e1 existir algum grau de esquecimento? Ainda posso prevenir?<\/strong><\/h3>\n\n\n\n<p>Sim. A combina\u00e7\u00e3o de est\u00edmulo mental, alimenta\u00e7\u00e3o adequada e atividade f\u00edsica pode retardar a progress\u00e3o e preservar qualidade de vida.<\/p>\n\n\n\n<h3 class=\"wp-block-heading\"><strong>Meu curso Mem\u00f3ria Blindada realmente funciona?<\/strong><\/h3>\n\n\n\n<p>Baseado em t\u00e9cnicas comprovadas, o curso oferece garantia de 7 dias: se voc\u00ea n\u00e3o sentir mais clareza e facilidade de memoriza\u00e7\u00e3o, devolvo seu investimento.<\/p>\n\n\n\n<h2 class=\"wp-block-heading\">Veja tamb\u00e9m:<\/h2>\n\n\n\n<figure class=\"wp-block-embed is-type-rich is-provider-incorporar-manipulador wp-block-embed-incorporar-manipulador wp-embed-aspect-16-9 wp-has-aspect-ratio\"><div class=\"wp-block-embed__wrapper\">\n<iframe title=\"Sua Mente Est\u00e1 Fraca? Aprenda Como Fortalecer e Blindar\" width=\"800\" height=\"450\" src=\"https:\/\/www.youtube.com\/embed\/e2tQwGnpJ5A?feature=oembed\" frameborder=\"0\" allow=\"accelerometer; autoplay; clipboard-write; encrypted-media; gyroscope; picture-in-picture; web-share\" referrerpolicy=\"strict-origin-when-cross-origin\" allowfullscreen><\/iframe>\n<\/div><\/figure>\n\n\n\n<p><\/p>\n","protected":false},"excerpt":{"rendered":"<p>Ol\u00e1, sou Renato Alves, escritor, pesquisador e o primeiro brasileiro condecorado oficialmente como detentor da melhor mem\u00f3ria do pa\u00eds. Quero compartilhar com voc\u00ea um caminho consciente e fundamentado para prevenir o Alzheimer \u2014 uma jornada de esperan\u00e7a e autonomia que come\u00e7a agora. 1. Entendendo o Alzheimer \u2014 a urg\u00eancia e os mitos Sabia que, s\u00f3 [&hellip;]<\/p>\n","protected":false},"author":10,"featured_media":2472,"comment_status":"open","ping_status":"open","sticky":false,"template":"","format":"standard","meta":{"footnotes":""},"categories":[264],"tags":[228,56,229,227,226,6,230,225,175],"class_list":["post-2471","post","type-post","status-publish","format-standard","has-post-thumbnail","hentry","category-saude-e-qualidade-de-vida","tag-alimentos-para-evitar-alzheimer","tag-branco-na-memoria","tag-como-prevenir-alzheimer","tag-como-prevenir-o-alzheimer","tag-dicas-simples-para-prevenir-o-alzheimer","tag-evitar-esquecimentos","tag-exercicios-mentais-para-prevenir-alzheimer","tag-perda-de-memoria","tag-prevencao-do-alzheimer"],"_links":{"self":[{"href":"https:\/\/renatoalves.com.br\/blog\/wp-json\/wp\/v2\/posts\/2471","targetHints":{"allow":["GET"]}}],"collection":[{"href":"https:\/\/renatoalves.com.br\/blog\/wp-json\/wp\/v2\/posts"}],"about":[{"href":"https:\/\/renatoalves.com.br\/blog\/wp-json\/wp\/v2\/types\/post"}],"author":[{"embeddable":true,"href":"https:\/\/renatoalves.com.br\/blog\/wp-json\/wp\/v2\/users\/10"}],"replies":[{"embeddable":true,"href":"https:\/\/renatoalves.com.br\/blog\/wp-json\/wp\/v2\/comments?post=2471"}],"version-history":[{"count":3,"href":"https:\/\/renatoalves.com.br\/blog\/wp-json\/wp\/v2\/posts\/2471\/revisions"}],"predecessor-version":[{"id":10629,"href":"https:\/\/renatoalves.com.br\/blog\/wp-json\/wp\/v2\/posts\/2471\/revisions\/10629"}],"wp:featuredmedia":[{"embeddable":true,"href":"https:\/\/renatoalves.com.br\/blog\/wp-json\/wp\/v2\/media\/2472"}],"wp:attachment":[{"href":"https:\/\/renatoalves.com.br\/blog\/wp-json\/wp\/v2\/media?parent=2471"}],"wp:term":[{"taxonomy":"category","embeddable":true,"href":"https:\/\/renatoalves.com.br\/blog\/wp-json\/wp\/v2\/categories?post=2471"},{"taxonomy":"post_tag","embeddable":true,"href":"https:\/\/renatoalves.com.br\/blog\/wp-json\/wp\/v2\/tags?post=2471"}],"curies":[{"name":"wp","href":"https:\/\/api.w.org\/{rel}","templated":true}]}}