{"id":2493,"date":"2025-08-26T21:20:00","date_gmt":"2025-08-27T00:20:00","guid":{"rendered":"http:\/\/renatoalves.com.br\/blog\/?p=2493"},"modified":"2025-08-26T08:44:33","modified_gmt":"2025-08-26T11:44:33","slug":"inteligencia-artificial-o-futuro-da-humanidade","status":"publish","type":"post","link":"https:\/\/renatoalves.com.br\/blog\/inteligencia-artificial-o-futuro-da-humanidade\/","title":{"rendered":"Intelig\u00eancia Artificial, o futuro da humanidade"},"content":{"rendered":"\n<p>Muito se tem comentado sobre os avan\u00e7os tecnol\u00f3gicos. Mas poucos temas s\u00e3o t\u00e3o instigantes quanto os avan\u00e7os em <a href=\"https:\/\/memoriablindada.com.br\/\" target=\"_blank\" rel=\"noreferrer noopener\"><strong>Intelig\u00eancia Artificial<\/strong> e <strong>aprendizagem de m\u00e1quina<\/strong>.<\/a> Ser\u00e1 que o mundo como conhecemos seria muito diferente no futuro? Ou pior: estaria mais pr\u00f3ximo de um cen\u00e1rio apocal\u00edptico como o do filme <em>Exterminador do Futuro<\/em>?<\/p>\n\n\n\n<p>Convido voc\u00ea a imaginar&#8230;<\/p>\n\n\n\n<figure class=\"wp-block-image size-large\"><a href=\"https:\/\/memoriablindada.com.br\/\"><img fetchpriority=\"high\" decoding=\"async\" width=\"1024\" height=\"120\" src=\"https:\/\/renatoalves.com.br\/blog\/wp-content\/uploads\/2014\/09\/MEMORIA-BLINDADA-BANNER-BLOG-RENATO-ALVES-1024x120.png\" alt=\"banner mem\u00f3ria blindada\" class=\"wp-image-10107\" srcset=\"https:\/\/renatoalves.com.br\/blog\/wp-content\/uploads\/2014\/09\/MEMORIA-BLINDADA-BANNER-BLOG-RENATO-ALVES-1024x120.png 1024w, https:\/\/renatoalves.com.br\/blog\/wp-content\/uploads\/2014\/09\/MEMORIA-BLINDADA-BANNER-BLOG-RENATO-ALVES-300x35.png 300w, https:\/\/renatoalves.com.br\/blog\/wp-content\/uploads\/2014\/09\/MEMORIA-BLINDADA-BANNER-BLOG-RENATO-ALVES-768x90.png 768w, https:\/\/renatoalves.com.br\/blog\/wp-content\/uploads\/2014\/09\/MEMORIA-BLINDADA-BANNER-BLOG-RENATO-ALVES-1536x181.png 1536w, https:\/\/renatoalves.com.br\/blog\/wp-content\/uploads\/2014\/09\/MEMORIA-BLINDADA-BANNER-BLOG-RENATO-ALVES.png 1700w\" sizes=\"(max-width: 1024px) 100vw, 1024px\" \/><\/a><\/figure>\n\n\n\n<h2 class=\"wp-block-heading\">Um futuro onde a IA domina o cotidiano<\/h2>\n\n\n\n<p>O ano \u00e9 2083. O cen\u00e1rio: um parque de divers\u00f5es abandonado no centro de uma met\u00f3pole silenciosa. Antigos brinquedos, agora r\u00fasticos e enferrujados, contrastam com o ar futurista e tecnologicamente sofisticado das pessoas que, embora presentes, n\u00e3o interagem entre si.<\/p>\n\n\n\n<p>Em um banco, voc\u00ea observa tudo em sil\u00eancio. De repente, uma voz suave surge dentro da sua mente, sem que ningu\u00e9m tenha falado. Uma figura conhecida aparece girando num brinquedo. \u00c9 Steve Jobs.<\/p>\n\n\n\n<p>N\u00e3o, ele n\u00e3o voltou do al\u00e9m. Trata-se de um <strong>orador virtual<\/strong>, uma simula\u00e7\u00e3o interativa controlada pelo <strong>iMind<\/strong>, um nano chip implantado na retina e conectado ao c\u00e9rebro via nervo \u00f3ptico. Com ele, pensar \u00e9 o novo digitar. Tudo \u00e9 controlado pelo pensamento.<\/p>\n\n\n\n<h2 class=\"wp-block-heading\">A sociedade do sil\u00eancio<\/h2>\n\n\n\n<p>Pessoas est\u00e3o por toda parte. Mas reina o sil\u00eancio. Olhares fixos. Crian\u00e7as, adultos e idosos conectados. Um menino brincando na areia interage mentalmente com a bab\u00e1. Uma garota observa o horizonte, silenciosa, enquanto acessa conte\u00fado.<\/p>\n\n\n\n<p>Steve Jobs (ou sua representa\u00e7\u00e3o digital) explica:<\/p>\n\n\n\n<blockquote class=\"wp-block-quote is-layout-flow wp-block-quote-is-layout-flow\">\n<p>&#8220;Criamos aplicativos de comunica\u00e7\u00e3o mental. Redes sociais se integraram ao iMind. Com isso, as palavras foram perdendo espa\u00e7o. Hoje, muitas crian\u00e7as nascem e crescem sem o uso pleno da fala.&#8221;<\/p>\n<\/blockquote>\n\n\n\n<h2 class=\"wp-block-heading\">A queda da mem\u00f3ria humana<\/h2>\n\n\n\n<p>Jobs se cala por um instante quando voc\u00ea pergunta: &#8220;E a mem\u00f3ria humana, o que aconteceu com ela?&#8221;<\/p>\n\n\n\n<blockquote class=\"wp-block-quote is-layout-flow wp-block-quote-is-layout-flow\">\n<p>&#8220;N\u00f3s n\u00e3o usamos mais a mem\u00f3ria. O conhecimento \u00e9 compartilhado via uma base coletiva. O romantismo de memorizar poesias, letras de m\u00fasica ou hist\u00f3rias desapareceu. Tudo \u00e9 sobre praticidade, agilidade, produtividade.&#8221;<\/p>\n<\/blockquote>\n\n\n\n<p>Voc\u00ea compreende, ent\u00e3o, o olhar vazio das pessoas. Elas est\u00e3o todas aprendendo, acessando dados, interagindo com intelig\u00eancias artificiais. Mas, ao mesmo tempo, <strong>desconectadas emocionalmente<\/strong>.<\/p>\n\n\n\n<h2 class=\"wp-block-heading\">Reflex\u00e3o<\/h2>\n\n\n\n<p>A tecnologia \u00e9, sem d\u00favida, uma das maiores conquistas da humanidade. Mas <strong>nada substitui a empatia, a conex\u00e3o humana, a capacidade de lembrar e sentir<\/strong>.<\/p>\n\n\n\n<p>A mem\u00f3ria \u00e9 parte essencial da nossa identidade. Ela preserva nossa hist\u00f3ria, forma nossos la\u00e7os e nos permite aprender de forma significativa.<\/p>\n\n\n\n<p>Se voc\u00ea deseja manter sua mente ativa e preservar a capacidade de aprender e lembrar com clareza, convido voc\u00ea a conhecer o curso <strong>Mem\u00f3ria Blindada<\/strong>. Um m\u00e9todo comprovado, com aplica\u00e7\u00e3o pr\u00e1tica e que pode ser assistido onde e quando voc\u00ea quiser.<\/p>\n\n\n\n<h2 class=\"wp-block-heading\">Uma escolha pelo humano<\/h2>\n\n\n\n<p>A tecnologia pode nos ajudar muito. Mas<a href=\"https:\/\/renatoalves.com.br\/blog\/socorro-como-eliminar-os-brancos-na-memoria\/\" target=\"_blank\" rel=\"noreferrer noopener\"> <strong>manter viva a mem\u00f3ria \u00e9 preservar o que nos faz humanos<\/strong>. <\/a>Treine sua mente. Reative sua capacidade de aprender, lembrar e viver de forma mais conectada.<\/p>\n\n\n\n<p><strong>Clique aqui<\/strong> e conhe\u00e7a o curso<a href=\"https:\/\/memoriablindada.com.br\/\" target=\"_blank\" rel=\"noreferrer noopener\"> <strong>Mem\u00f3ria Blindada<\/strong><\/a>. S\u00e3o apenas 7 dias para testar, com garantia total. Se n\u00e3o notar resultados, voc\u00ea tem reembolso integral.<\/p>\n\n\n\n<figure class=\"wp-block-image size-large\"><a href=\"https:\/\/memoriablindada.com.br\/\"><img fetchpriority=\"high\" decoding=\"async\" width=\"1024\" height=\"120\" src=\"https:\/\/renatoalves.com.br\/blog\/wp-content\/uploads\/2014\/09\/MEMORIA-BLINDADA-BANNER-BLOG-RENATO-ALVES-1024x120.png\" alt=\"banner mem\u00f3ria blindada\" class=\"wp-image-10107\" srcset=\"https:\/\/renatoalves.com.br\/blog\/wp-content\/uploads\/2014\/09\/MEMORIA-BLINDADA-BANNER-BLOG-RENATO-ALVES-1024x120.png 1024w, https:\/\/renatoalves.com.br\/blog\/wp-content\/uploads\/2014\/09\/MEMORIA-BLINDADA-BANNER-BLOG-RENATO-ALVES-300x35.png 300w, https:\/\/renatoalves.com.br\/blog\/wp-content\/uploads\/2014\/09\/MEMORIA-BLINDADA-BANNER-BLOG-RENATO-ALVES-768x90.png 768w, https:\/\/renatoalves.com.br\/blog\/wp-content\/uploads\/2014\/09\/MEMORIA-BLINDADA-BANNER-BLOG-RENATO-ALVES-1536x181.png 1536w, https:\/\/renatoalves.com.br\/blog\/wp-content\/uploads\/2014\/09\/MEMORIA-BLINDADA-BANNER-BLOG-RENATO-ALVES.png 1700w\" sizes=\"(max-width: 1024px) 100vw, 1024px\" \/><\/a><\/figure>\n\n\n\n<h2 class=\"wp-block-heading\">Perguntas Frequentes (FAQ)<\/h2>\n\n\n\n<h3 class=\"wp-block-heading\"><strong>1. A tecnologia realmente vai substituir a mem\u00f3ria humana?<\/strong><\/h3>\n\n\n\n<p>N\u00e3o substitui, mas pode atrofiar a mem\u00f3ria natural se mal utilizada. O ideal \u00e9 o uso equilibrado entre ferramentas digitais e exerc\u00edcios cognitivos.<\/p>\n\n\n\n<h3 class=\"wp-block-heading\"><strong>2. O que \u00e9 o iMind citado no texto?<\/strong><\/h3>\n\n\n\n<p>\u00c9 um dispositivo fict\u00edcio, uma proje\u00e7\u00e3o do futuro baseada em tecnologias reais em desenvolvimento que conectam c\u00e9rebro e m\u00e1quina.<\/p>\n\n\n\n<h3 class=\"wp-block-heading\"><strong>3. Por que a empatia \u00e9 citada como problema?<\/strong><\/h3>\n\n\n\n<p>Porque a intera\u00e7\u00e3o digital excessiva pode diminuir a conex\u00e3o afetiva entre as pessoas. Falar, tocar, ouvir e lembrar s\u00e3o atitudes humanas que geram empatia.<\/p>\n\n\n\n<h3 class=\"wp-block-heading\"><strong>4. Como preservar a mem\u00f3ria mesmo com tanta tecnologia?<\/strong><\/h3>\n\n\n\n<p>Com t\u00e9cnicas corretas de memorizac\u00e3o, exerc\u00edcios mentais, leitura, revis\u00e3o ativa, medita\u00e7\u00e3o e boa alimenta\u00e7\u00e3o.<\/p>\n\n\n\n<h3 class=\"wp-block-heading\"><strong>5. Como funciona o curso Mem\u00f3ria Blindada?<\/strong><\/h3>\n\n\n\n<p>Voc\u00ea aprender\u00e1 passo a passo como treinar sua mem\u00f3ria, aumentar foco e produtividade, atrav\u00e9s de videoaulas pr\u00e1ticas, acess\u00edveis online, com garantia total de satisfa\u00e7\u00e3o.<\/p>\n\n\n\n<h2 class=\"wp-block-heading\">Veja tamb\u00e9m:<\/h2>\n\n\n\n<figure class=\"wp-block-embed is-type-rich is-provider-incorporar-manipulador wp-block-embed-incorporar-manipulador wp-embed-aspect-16-9 wp-has-aspect-ratio\"><div class=\"wp-block-embed__wrapper\">\n<iframe title=\"Sua Mente Est\u00e1 Fraca? Aprenda Como Fortalecer e Blindar\" width=\"800\" height=\"450\" src=\"https:\/\/www.youtube.com\/embed\/e2tQwGnpJ5A?feature=oembed\" frameborder=\"0\" allow=\"accelerometer; autoplay; clipboard-write; encrypted-media; gyroscope; picture-in-picture; web-share\" referrerpolicy=\"strict-origin-when-cross-origin\" allowfullscreen><\/iframe>\n<\/div><\/figure>\n","protected":false},"excerpt":{"rendered":"<p>Muito se tem comentado sobre os avan\u00e7os tecnol\u00f3gicos. Mas poucos temas s\u00e3o t\u00e3o instigantes quanto os avan\u00e7os em Intelig\u00eancia Artificial e aprendizagem de m\u00e1quina. Ser\u00e1 que o mundo como conhecemos seria muito diferente no futuro? Ou pior: estaria mais pr\u00f3ximo de um cen\u00e1rio apocal\u00edptico como o do filme Exterminador do Futuro? Convido voc\u00ea a imaginar&#8230; [&hellip;]<\/p>\n","protected":false},"author":24,"featured_media":2495,"comment_status":"open","ping_status":"open","sticky":false,"template":"","format":"standard","meta":{"footnotes":""},"categories":[262,264],"tags":[231,232],"class_list":["post-2493","post","type-post","status-publish","format-standard","has-post-thumbnail","hentry","category-estudo-e-desenvolvimento","category-saude-e-qualidade-de-vida","tag-inteligencia-artificial","tag-inteligencia-artificial-artigo"],"_links":{"self":[{"href":"https:\/\/renatoalves.com.br\/blog\/wp-json\/wp\/v2\/posts\/2493","targetHints":{"allow":["GET"]}}],"collection":[{"href":"https:\/\/renatoalves.com.br\/blog\/wp-json\/wp\/v2\/posts"}],"about":[{"href":"https:\/\/renatoalves.com.br\/blog\/wp-json\/wp\/v2\/types\/post"}],"author":[{"embeddable":true,"href":"https:\/\/renatoalves.com.br\/blog\/wp-json\/wp\/v2\/users\/24"}],"replies":[{"embeddable":true,"href":"https:\/\/renatoalves.com.br\/blog\/wp-json\/wp\/v2\/comments?post=2493"}],"version-history":[{"count":4,"href":"https:\/\/renatoalves.com.br\/blog\/wp-json\/wp\/v2\/posts\/2493\/revisions"}],"predecessor-version":[{"id":10627,"href":"https:\/\/renatoalves.com.br\/blog\/wp-json\/wp\/v2\/posts\/2493\/revisions\/10627"}],"wp:featuredmedia":[{"embeddable":true,"href":"https:\/\/renatoalves.com.br\/blog\/wp-json\/wp\/v2\/media\/2495"}],"wp:attachment":[{"href":"https:\/\/renatoalves.com.br\/blog\/wp-json\/wp\/v2\/media?parent=2493"}],"wp:term":[{"taxonomy":"category","embeddable":true,"href":"https:\/\/renatoalves.com.br\/blog\/wp-json\/wp\/v2\/categories?post=2493"},{"taxonomy":"post_tag","embeddable":true,"href":"https:\/\/renatoalves.com.br\/blog\/wp-json\/wp\/v2\/tags?post=2493"}],"curies":[{"name":"wp","href":"https:\/\/api.w.org\/{rel}","templated":true}]}}