{"id":2539,"date":"2025-08-26T13:40:00","date_gmt":"2025-08-26T16:40:00","guid":{"rendered":"http:\/\/renatoalves.com.br\/blog\/?p=2539"},"modified":"2025-08-26T08:27:15","modified_gmt":"2025-08-26T11:27:15","slug":"tenha-uma-boa-memoria-aos-40-anos","status":"publish","type":"post","link":"https:\/\/renatoalves.com.br\/blog\/tenha-uma-boa-memoria-aos-40-anos\/","title":{"rendered":"Tenha uma boa mem\u00f3ria aos 40 anos e seja sin\u00f4nimo de juventude"},"content":{"rendered":"\n<p>Voc\u00ea j\u00e1 notou como muitos programas falam sobre preservar a juventude \u2014 pele, corpo, h\u00e1bitos \u2014 mas quase nunca tratam da mentalidade, da mem\u00f3ria? Eu afirmo: se voc\u00ea quer estar com 80 anos ou mais e ainda ser sin\u00f4nimo de juventude, o caminho come\u00e7a com uma <strong><a href=\"https:\/\/memoriablindada.com.br\/\" target=\"_blank\" rel=\"noreferrer noopener\">mem\u00f3ria poderosa aos 40<\/a><\/strong>, que servir\u00e1 de base para uma mente jovem e vibrante at\u00e9 l\u00e1.<\/p>\n\n\n\n<p>Se sua rotina de trabalho e estudo \u00e9 intensa&#8230; se, v\u00e1rias vezes ao dia, voc\u00ea sente aquele \u201cbranco na mem\u00f3ria\u201d&#8230; se isso atrapalha seu desempenho profissional, acad\u00eamico ou social, fique tranquilo: vou compartilhar de forma simples e direta como fortalecer sua mem\u00f3ria \u2014 especialmente para voc\u00ea que j\u00e1 chegou aos 40 e quer se manter jovial e eficiente, mesmo cercado por essa gera\u00e7\u00e3o Y cheia de energia.<\/p>\n\n\n\n<figure class=\"wp-block-image size-large\"><a href=\"https:\/\/memoriablindada.com.br\/\"><img fetchpriority=\"high\" decoding=\"async\" width=\"1024\" height=\"120\" src=\"https:\/\/renatoalves.com.br\/blog\/wp-content\/uploads\/2014\/09\/MEMORIA-BLINDADA-BANNER-BLOG-RENATO-ALVES-1024x120.png\" alt=\"banner mem\u00f3ria blindada\" class=\"wp-image-10107\" srcset=\"https:\/\/renatoalves.com.br\/blog\/wp-content\/uploads\/2014\/09\/MEMORIA-BLINDADA-BANNER-BLOG-RENATO-ALVES-1024x120.png 1024w, https:\/\/renatoalves.com.br\/blog\/wp-content\/uploads\/2014\/09\/MEMORIA-BLINDADA-BANNER-BLOG-RENATO-ALVES-300x35.png 300w, https:\/\/renatoalves.com.br\/blog\/wp-content\/uploads\/2014\/09\/MEMORIA-BLINDADA-BANNER-BLOG-RENATO-ALVES-768x90.png 768w, https:\/\/renatoalves.com.br\/blog\/wp-content\/uploads\/2014\/09\/MEMORIA-BLINDADA-BANNER-BLOG-RENATO-ALVES-1536x181.png 1536w, https:\/\/renatoalves.com.br\/blog\/wp-content\/uploads\/2014\/09\/MEMORIA-BLINDADA-BANNER-BLOG-RENATO-ALVES.png 1700w\" sizes=\"(max-width: 1024px) 100vw, 1024px\" \/><\/a><\/figure>\n\n\n\n<h2 class=\"wp-block-heading\">Minha Hist\u00f3ria, Seus Resultados<\/h2>\n\n\n\n<p>Sou professor, escritor autor de diversos livros, ministro palestras, realizo consultoria empresarial e fa\u00e7o pesquisa e estudo de filosofia. Como CEO, sou desafiado diariamente por decis\u00f5es, compromissos e pessoas. Al\u00e9m disso, sou marido, pai, irm\u00e3o\u2026<\/p>\n\n\n\n<p>E mesmo nessa rotina cheia, <strong>n\u00e3o esque\u00e7o nada<\/strong>, e isso desperta admira\u00e7\u00e3o em quem me conhece. Mas saiba: <strong>n\u00e3o \u00e9 dom, \u00e9 m\u00e9todo<\/strong>. Por muitos anos fui esquecido \u2014 falhas que me custaram oportunidades. Mas decidi mudar e desenvolver um m\u00e9todo de memoriza\u00e7\u00e3o que me levou, inclusive, a conquistar o t\u00edtulo de <strong>primeiro recordista brasileiro de memoriza\u00e7\u00e3o<\/strong>, homologado no livro dos recordes nacionais.<\/p>\n\n\n\n<p>Hoje tenho a convic\u00e7\u00e3o: voc\u00ea <strong>tamb\u00e9m<\/strong> pode ter uma mem\u00f3ria acima da m\u00e9dia \u2014 sem depender de QI elevado ou medicamentos. \u00c9 fruto de disciplina e estrat\u00e9gia.<\/p>\n\n\n\n<h2 class=\"wp-block-heading\">Por que sua mem\u00f3ria ainda pode ser sua aliada \u2014 mesmo aos 40<\/h2>\n\n\n\n<p>Pessoas entre 35 e 65 anos perdem tempo, dinheiro e autoestima por causa de lapsos e distra\u00e7\u00f5es. E confiamos demais em tecnologia, que nos faz depender de lembretes artificiais \u2014 anivers\u00e1rios, senhas, compromissos. Isso enfraquece a mente.<\/p>\n\n\n\n<p>Mas voc\u00ea pode mudar isso. <strong>Exercite sua mem\u00f3ria com desafios constantes<\/strong>, e ver\u00e1 sua mente despertar e manter-se ativa \u2014 tal qual nos tempos da juventude.<\/p>\n\n\n\n<h2 class=\"wp-block-heading\">O que voc\u00ea ganha com uma mem\u00f3ria blindada<\/h2>\n\n\n\n<p>O curso <strong>Mem\u00f3ria Blindada<\/strong>, criado por mim, \u00e9 um m\u00e9todo testado h\u00e1 mais de 20 anos, presente em 119 pa\u00edses e j\u00e1 utilizado por mais de 500 mil alunos. Ele foi desenhado para ser pr\u00e1tico, eficaz e transformador:<\/p>\n\n\n\n<ul class=\"wp-block-list\">\n<li>Mente mais focada, \u00e1gil, produtiva e firme contra esquecimentos.<\/li>\n\n\n\n<li>Maior efici\u00eancia: at\u00e9 <strong>80\u202f% menos tempo perdido em tarefas<\/strong>.<\/li>\n\n\n\n<li>Capacidade de lembrar nomes, rostos, detalhes de reuni\u00f5es e compromissos com facilidade.<\/li>\n\n\n\n<li>Decis\u00f5es mais precisas, todo dia, sem procrastinar.<\/li>\n\n\n\n<li><\/li>\n<\/ul>\n\n\n\n<p>Se a sua mente e seu bem-estar importam para voc\u00ea, e se esse texto ressoou com aquilo que voc\u00ea sente, <strong>assuma o controle \u2014 agora mesmo<\/strong>. Livre-se da in\u00e9rcia digital, estimule seu c\u00e9rebro, torne-se protagonista da sua mem\u00f3ria. A juventude come\u00e7a no estado mental.<\/p>\n\n\n\n<p>Com o <strong><a href=\"https:\/\/memoriablindada.com.br\/\" target=\"_blank\" rel=\"noreferrer noopener\">curso Mem\u00f3ria Blindada<\/a><\/strong>, voc\u00ea ter\u00e1 acesso pr\u00e1tico e imediato ao meu m\u00e9todo, ver\u00e1 resultados reais em poucos dias (ou devolvo seu investimento), e construir\u00e1 uma <a href=\"https:\/\/renatoalves.com.br\/blog\/como-ser-aprovado-num-concurso-ou-vestibular\/\" target=\"_blank\" rel=\"noreferrer noopener\">mem\u00f3ria forte e confi\u00e1vel.<\/a><\/p>\n\n\n\n<p>O convite est\u00e1 feito \u2014 e a decis\u00e3o ser\u00e1 sua. Vamos come\u00e7ar?<\/p>\n\n\n\n<figure class=\"wp-block-image size-large\"><a href=\"https:\/\/memoriablindada.com.br\/\"><img fetchpriority=\"high\" decoding=\"async\" width=\"1024\" height=\"120\" src=\"https:\/\/renatoalves.com.br\/blog\/wp-content\/uploads\/2014\/09\/MEMORIA-BLINDADA-BANNER-BLOG-RENATO-ALVES-1024x120.png\" alt=\"banner mem\u00f3ria blindada\" class=\"wp-image-10107\" srcset=\"https:\/\/renatoalves.com.br\/blog\/wp-content\/uploads\/2014\/09\/MEMORIA-BLINDADA-BANNER-BLOG-RENATO-ALVES-1024x120.png 1024w, https:\/\/renatoalves.com.br\/blog\/wp-content\/uploads\/2014\/09\/MEMORIA-BLINDADA-BANNER-BLOG-RENATO-ALVES-300x35.png 300w, https:\/\/renatoalves.com.br\/blog\/wp-content\/uploads\/2014\/09\/MEMORIA-BLINDADA-BANNER-BLOG-RENATO-ALVES-768x90.png 768w, https:\/\/renatoalves.com.br\/blog\/wp-content\/uploads\/2014\/09\/MEMORIA-BLINDADA-BANNER-BLOG-RENATO-ALVES-1536x181.png 1536w, https:\/\/renatoalves.com.br\/blog\/wp-content\/uploads\/2014\/09\/MEMORIA-BLINDADA-BANNER-BLOG-RENATO-ALVES.png 1700w\" sizes=\"(max-width: 1024px) 100vw, 1024px\" \/><\/a><\/figure>\n\n\n\n<h2 class=\"wp-block-heading\">Perguntas Frequentes (FAQs)<\/h2>\n\n\n\n<p><strong>### A que idade posso treinar minha mem\u00f3ria?<\/strong><br>N\u00e3o h\u00e1 limite. A neuroplasticidade cerebral permite que voc\u00ea fortale\u00e7a sua mem\u00f3ria em qualquer fase da vida <\/p>\n\n\n\n<p><strong>### Esquecer \u00e9 normal \u2014 e at\u00e9 necess\u00e1rio?<\/strong><br>Sim. O esquecimento \u00e9 um mecanismo adaptativo que \u201climpa\u201d dados irrelevantes da mente para favorecer a tomada de decis\u00f5es.<\/p>\n\n\n\n<p><strong>### T\u00e9cnicas mnem\u00f4nicas funcionam com todos?<\/strong><br>Sim, s\u00e3o ferramentas comprovadas: associa\u00e7\u00e3o de imagens, hist\u00f3rias mentais, acr\u00f4nimos, mapas mentais \u2014 tornam a memoriza\u00e7\u00e3o mais defens\u00e1vel e intuitiva.<\/p>\n\n\n\n<p><strong>### Como usar mem\u00f3ria sem depender de apps e tecnologia?<\/strong><br>Basta reativar a mente. Evite lembretes digitais excessivos e aplique t\u00e9cnicas simples, como cria\u00e7\u00e3o de cen\u00e1rios mentais e repeti\u00e7\u00f5es estrat\u00e9gicas.<\/p>\n\n\n\n<h2 class=\"wp-block-heading\">Veja tamb\u00e9m: <\/h2>\n\n\n\n<figure class=\"wp-block-embed is-type-rich is-provider-incorporar-manipulador wp-block-embed-incorporar-manipulador wp-embed-aspect-16-9 wp-has-aspect-ratio\"><div class=\"wp-block-embed__wrapper\">\n<iframe title=\"Quem l\u00ea enriquece? Como ficar rico com leitura?\" width=\"800\" height=\"450\" src=\"https:\/\/www.youtube.com\/embed\/Sfn9BeUvzRw?feature=oembed\" frameborder=\"0\" allow=\"accelerometer; autoplay; clipboard-write; encrypted-media; gyroscope; picture-in-picture; web-share\" referrerpolicy=\"strict-origin-when-cross-origin\" allowfullscreen><\/iframe>\n<\/div><\/figure>\n\n\n\n<p><\/p>\n","protected":false},"excerpt":{"rendered":"<p>Voc\u00ea j\u00e1 notou como muitos programas falam sobre preservar a juventude \u2014 pele, corpo, h\u00e1bitos \u2014 mas quase nunca tratam da mentalidade, da mem\u00f3ria? Eu afirmo: se voc\u00ea quer estar com 80 anos ou mais e ainda ser sin\u00f4nimo de juventude, o caminho come\u00e7a com uma mem\u00f3ria poderosa aos 40, que servir\u00e1 de base para [&hellip;]<\/p>\n","protected":false},"author":10,"featured_media":2540,"comment_status":"open","ping_status":"open","sticky":false,"template":"","format":"standard","meta":{"footnotes":""},"categories":[264],"tags":[56,242,240,238,42,233,241,239,237],"class_list":["post-2539","post","type-post","status-publish","format-standard","has-post-thumbnail","hentry","category-saude-e-qualidade-de-vida","tag-branco-na-memoria","tag-habitos-para-melhorar-sua-memoria","tag-memoria-acima-da-media","tag-memoria-confiavel","tag-memorizacao","tag-mindset","tag-qi-poderoso","tag-sinonimo-de-juventude","tag-tenha-uma-boa-memoria-aos-40-anos"],"_links":{"self":[{"href":"https:\/\/renatoalves.com.br\/blog\/wp-json\/wp\/v2\/posts\/2539","targetHints":{"allow":["GET"]}}],"collection":[{"href":"https:\/\/renatoalves.com.br\/blog\/wp-json\/wp\/v2\/posts"}],"about":[{"href":"https:\/\/renatoalves.com.br\/blog\/wp-json\/wp\/v2\/types\/post"}],"author":[{"embeddable":true,"href":"https:\/\/renatoalves.com.br\/blog\/wp-json\/wp\/v2\/users\/10"}],"replies":[{"embeddable":true,"href":"https:\/\/renatoalves.com.br\/blog\/wp-json\/wp\/v2\/comments?post=2539"}],"version-history":[{"count":2,"href":"https:\/\/renatoalves.com.br\/blog\/wp-json\/wp\/v2\/posts\/2539\/revisions"}],"predecessor-version":[{"id":10623,"href":"https:\/\/renatoalves.com.br\/blog\/wp-json\/wp\/v2\/posts\/2539\/revisions\/10623"}],"wp:featuredmedia":[{"embeddable":true,"href":"https:\/\/renatoalves.com.br\/blog\/wp-json\/wp\/v2\/media\/2540"}],"wp:attachment":[{"href":"https:\/\/renatoalves.com.br\/blog\/wp-json\/wp\/v2\/media?parent=2539"}],"wp:term":[{"taxonomy":"category","embeddable":true,"href":"https:\/\/renatoalves.com.br\/blog\/wp-json\/wp\/v2\/categories?post=2539"},{"taxonomy":"post_tag","embeddable":true,"href":"https:\/\/renatoalves.com.br\/blog\/wp-json\/wp\/v2\/tags?post=2539"}],"curies":[{"name":"wp","href":"https:\/\/api.w.org\/{rel}","templated":true}]}}