{"id":2556,"date":"2025-08-26T09:30:00","date_gmt":"2025-08-26T12:30:00","guid":{"rendered":"http:\/\/renatoalves.com.br\/blog\/?p=2556"},"modified":"2025-08-25T16:13:53","modified_gmt":"2025-08-25T19:13:53","slug":"analfabetismo-funcional-melhora","status":"publish","type":"post","link":"https:\/\/renatoalves.com.br\/blog\/analfabetismo-funcional-melhora\/","title":{"rendered":"O que \u00e9 o analfabetismo funcional e como transformar essa realidade?"},"content":{"rendered":"\n<p>Voc\u00ea j\u00e1 se perguntou por que tantas pessoas, mesmo alfabetizadas, t\u00eam dificuldades para<a href=\"https:\/\/lerrapido.com.br\/\" target=\"_blank\" rel=\"noreferrer noopener\"> entender o que leem<\/a>? Essa realidade tem nome: <strong>analfabetismo funcional<\/strong>. \u00c9 um problema silencioso, mas de impacto profundo \u2014 que pode estar mais pr\u00f3ximo do que voc\u00ea imagina.<\/p>\n\n\n\n<figure class=\"wp-block-image size-large\"><a href=\"https:\/\/lerrapido.com.br\/\"><img fetchpriority=\"high\" decoding=\"async\" width=\"1024\" height=\"120\" src=\"https:\/\/renatoalves.com.br\/blog\/wp-content\/uploads\/2025\/05\/METALEITURA-BANNER-BLOG-RENATO-ALVES-1024x120.png\" alt=\"banner metaleitura\" class=\"wp-image-10134\" srcset=\"https:\/\/renatoalves.com.br\/blog\/wp-content\/uploads\/2025\/05\/METALEITURA-BANNER-BLOG-RENATO-ALVES-1024x120.png 1024w, https:\/\/renatoalves.com.br\/blog\/wp-content\/uploads\/2025\/05\/METALEITURA-BANNER-BLOG-RENATO-ALVES-300x35.png 300w, https:\/\/renatoalves.com.br\/blog\/wp-content\/uploads\/2025\/05\/METALEITURA-BANNER-BLOG-RENATO-ALVES-768x90.png 768w, https:\/\/renatoalves.com.br\/blog\/wp-content\/uploads\/2025\/05\/METALEITURA-BANNER-BLOG-RENATO-ALVES-1536x181.png 1536w, https:\/\/renatoalves.com.br\/blog\/wp-content\/uploads\/2025\/05\/METALEITURA-BANNER-BLOG-RENATO-ALVES.png 1700w\" sizes=\"(max-width: 1024px) 100vw, 1024px\" \/><\/a><\/figure>\n\n\n\n<h2 class=\"wp-block-heading\"><strong>O que \u00e9 analfabetismo funcional?<\/strong><\/h2>\n\n\n\n<p>O termo pode parecer t\u00e9cnico, mas descreve uma situa\u00e7\u00e3o muito comum: indiv\u00edduos que sabem ler e escrever, mas <strong>n\u00e3o conseguem compreender e interpretar textos com clareza<\/strong>, nem expressar suas ideias de forma objetiva.<\/p>\n\n\n\n<p>Pessoas com esse perfil t\u00eam dificuldades para:<\/p>\n\n\n\n<ul class=\"wp-block-list\">\n<li>Escrever e-mails claros;<\/li>\n\n\n\n<li>Compreender manuais, bulas e contratos;<\/li>\n\n\n\n<li>Realizar reda\u00e7\u00f5es e provas discursivas;<\/li>\n\n\n\n<li>Tomar decis\u00f5es com base em informa\u00e7\u00f5es escritas.<\/li>\n<\/ul>\n\n\n\n<p><strong>Voc\u00ea conhece algu\u00e9m assim?<\/strong> Provavelmente, sim.<\/p>\n\n\n\n<h3 class=\"wp-block-heading\"><strong>Dados alarmantes sobre o analfabetismo funcional no Brasil<\/strong><\/h3>\n\n\n\n<p>De acordo com o <strong>Indicador de Alfabetismo Funcional (INAF 2024)<\/strong>:<\/p>\n\n\n\n<ul class=\"wp-block-list\">\n<li><strong>29% dos brasileiros entre 15 e 64 anos<\/strong> s\u00e3o analfabetos funcionais;<\/li>\n\n\n\n<li>Entre os <strong>jovens de 15 a 29 anos<\/strong>, a taxa chega a <strong>16%<\/strong>;<\/li>\n\n\n\n<li>Entre adultos de <strong>50 a 64 anos<\/strong>, esse n\u00famero salta para preocupantes <strong>51%<\/strong>.<\/li>\n<\/ul>\n\n\n\n<p>Esses dados escancaram um fato: <strong>mais da metade da popula\u00e7\u00e3o adulta brasileira tem dificuldades para compreender plenamente um texto.<\/strong><\/p>\n\n\n\n<h3 class=\"wp-block-heading\"><strong>Por que o analfabetismo funcional ainda \u00e9 t\u00e3o comum?<\/strong><\/h3>\n\n\n\n<p>As causas s\u00e3o estruturais:<\/p>\n\n\n\n<ul class=\"wp-block-list\">\n<li><strong>Educa\u00e7\u00e3o b\u00e1sica fragilizada<\/strong>, tanto na rede p\u00fablica quanto privada;<\/li>\n\n\n\n<li><strong>Baixo est\u00edmulo \u00e0 leitura<\/strong> desde a inf\u00e2ncia;<\/li>\n\n\n\n<li><strong>Forma\u00e7\u00e3o deficiente de professores<\/strong>, com sal\u00e1rios defasados e pouco incentivo \u00e0 inova\u00e7\u00e3o;<\/li>\n\n\n\n<li><strong>Infraestrutura escolar prec\u00e1ria<\/strong>, com escassez de bibliotecas, livros atualizados e ambientes de leitura atrativos.<\/li>\n<\/ul>\n\n\n\n<h3 class=\"wp-block-heading\"><strong>Compreens\u00e3o na leitura: por que ela importa<\/strong>?<\/h3>\n\n\n\n<p>A capacidade de compreender o que se l\u00ea \u00e9 <strong>fundamental para o desenvolvimento humano<\/strong>. Ela:<\/p>\n\n\n\n<ul class=\"wp-block-list\">\n<li>Aumenta o senso cr\u00edtico;<\/li>\n\n\n\n<li>Promove a empatia e o pensamento reflexivo;<\/li>\n\n\n\n<li>Facilita o aprendizado cont\u00ednuo;<\/li>\n\n\n\n<li>Ajuda na solu\u00e7\u00e3o de problemas;<\/li>\n\n\n\n<li>Amplia as oportunidades acad\u00eamicas e profissionais.<\/li>\n<\/ul>\n\n\n\n<p>Ler com compreens\u00e3o n\u00e3o \u00e9 apenas interpretar palavras, mas <strong>conectar ideias, refletir, argumentar e decidir com autonomia.<\/strong><\/p>\n\n\n\n<h2 class=\"wp-block-heading\"><strong>Como melhorar a velocidade de leitura sem perder a compreens\u00e3o<\/strong><\/h2>\n\n\n\n<p>Ler r\u00e1pido demais pode ser contraproducente se a compreens\u00e3o n\u00e3o acompanhar. A seguir, algumas <strong>estrat\u00e9gias pr\u00e1ticas de leitura eficaz<\/strong>:<\/p>\n\n\n\n<h3 class=\"wp-block-heading\"><strong>1. Calcule sua velocidade<\/strong><\/h3>\n\n\n\n<p>Use um cron\u00f4metro e conte quantas palavras l\u00ea em 1 minuto. Isso ajuda a identificar seu ponto de partida.<\/p>\n\n\n\n<h3 class=\"wp-block-heading\"><strong>2. Leia todos os dias<\/strong><\/h3>\n\n\n\n<p>A pr\u00e1tica constante expande o vocabul\u00e1rio, melhora o ritmo e reduz a fadiga mental.<\/p>\n\n\n\n<h3 class=\"wp-block-heading\"><strong>3. Use um guia visual<\/strong><\/h3>\n\n\n\n<p>Acompanhar a leitura com o dedo ou uma caneta reduz a subvocaliza\u00e7\u00e3o e mant\u00e9m o foco.<\/p>\n\n\n\n<h3 class=\"wp-block-heading\"><strong>4. Amplie sua vis\u00e3o perif\u00e9rica<\/strong><\/h3>\n\n\n\n<p>Treine seus olhos para captarem blocos de palavras, n\u00e3o palavras isoladas.<\/p>\n\n\n\n<h3 class=\"wp-block-heading\"><strong>5. Evite regress\u00f5es desnecess\u00e1rias<\/strong><\/h3>\n\n\n\n<p>Reler frases repetidamente atrapalha a fluidez. Aprenda a confiar na leitura cont\u00ednua.<\/p>\n\n\n\n<h3 class=\"wp-block-heading\"><strong>6. Escaneie antes de ler<\/strong><\/h3>\n\n\n\n<p>Leia os subt\u00edtulos, bullet points e palavras em negrito para preparar o c\u00e9rebro antes da leitura profunda.<\/p>\n\n\n\n<h3 class=\"wp-block-heading\"><strong>Leitura din\u00e2mica: uma solu\u00e7\u00e3o real contra o analfabetismo funcional<\/strong><\/h3>\n\n\n\n<p>T\u00e9cnicas de leitura din\u00e2mica, quando bem aplicadas, <strong>ajudam a desenvolver a compreens\u00e3o, expandir o vocabul\u00e1rio, melhorar a express\u00e3o escrita e aumentar a autonomia intelectual.<\/strong><\/p>\n\n\n\n<p>Essa pr\u00e1tica:<\/p>\n\n\n\n<ul class=\"wp-block-list\">\n<li>Melhora a velocidade com entendimento;<\/li>\n\n\n\n<li>Torna a leitura mais prazerosa e eficaz;<\/li>\n\n\n\n<li>Estimula a reten\u00e7\u00e3o de conte\u00fado;<\/li>\n\n\n\n<li>Favorece a comunica\u00e7\u00e3o em contextos profissionais e acad\u00eamicos.<\/li>\n<\/ul>\n\n\n\n<h3 class=\"wp-block-heading\"><strong>Conhe\u00e7a o Curso Fast Read de Leitura Din\u00e2mica<\/strong><\/h3>\n\n\n\n<p>Com o <strong>Curso Fast Read<\/strong>, voc\u00ea aprende a:<\/p>\n\n\n\n<ul class=\"wp-block-list\">\n<li>Ler com mais rapidez e compreens\u00e3o;<\/li>\n\n\n\n<li>Reter o conte\u00fado lido com mais facilidade;<\/li>\n\n\n\n<li>Eliminar dificuldades de interpreta\u00e7\u00e3o;<\/li>\n\n\n\n<li>Ganhar vantagem em provas e concursos.<\/li>\n<\/ul>\n\n\n\n<p><strong>A transforma\u00e7\u00e3o come\u00e7a com o primeiro par\u00e1grafo. Clique aqui e descubra como aprimorar sua leitura de forma definitiva.<\/strong><\/p>\n\n\n\n<figure class=\"wp-block-image size-large\"><a href=\"https:\/\/lerrapido.com.br\/\"><img fetchpriority=\"high\" decoding=\"async\" width=\"1024\" height=\"120\" src=\"https:\/\/renatoalves.com.br\/blog\/wp-content\/uploads\/2025\/05\/METALEITURA-BANNER-BLOG-RENATO-ALVES-1024x120.png\" alt=\"banner metaleitura\" class=\"wp-image-10134\" srcset=\"https:\/\/renatoalves.com.br\/blog\/wp-content\/uploads\/2025\/05\/METALEITURA-BANNER-BLOG-RENATO-ALVES-1024x120.png 1024w, https:\/\/renatoalves.com.br\/blog\/wp-content\/uploads\/2025\/05\/METALEITURA-BANNER-BLOG-RENATO-ALVES-300x35.png 300w, https:\/\/renatoalves.com.br\/blog\/wp-content\/uploads\/2025\/05\/METALEITURA-BANNER-BLOG-RENATO-ALVES-768x90.png 768w, https:\/\/renatoalves.com.br\/blog\/wp-content\/uploads\/2025\/05\/METALEITURA-BANNER-BLOG-RENATO-ALVES-1536x181.png 1536w, https:\/\/renatoalves.com.br\/blog\/wp-content\/uploads\/2025\/05\/METALEITURA-BANNER-BLOG-RENATO-ALVES.png 1700w\" sizes=\"(max-width: 1024px) 100vw, 1024px\" \/><\/a><\/figure>\n\n\n\n<h2 class=\"wp-block-heading\"><strong>Perguntas Frequentes (FAQs)<\/strong><\/h2>\n\n\n\n<h3 class=\"wp-block-heading\"><strong>O que \u00e9 ser um analfabeto funcional?<\/strong><\/h3>\n\n\n\n<p>\u00c9 saber ler e escrever, mas <strong>n\u00e3o conseguir compreender textos<\/strong> e nem se expressar com clareza em situa\u00e7\u00f5es cotidianas.<\/p>\n\n\n\n<h3 class=\"wp-block-heading\"><strong>Quem est\u00e1 mais vulner\u00e1vel ao analfabetismo funcional?<\/strong><\/h3>\n\n\n\n<p>Pessoas com escolaridade b\u00e1sica incompleta, adultos acima de 50 anos e jovens sem est\u00edmulo \u00e0 leitura est\u00e3o entre os mais afetados.<\/p>\n\n\n\n<h3 class=\"wp-block-heading\"><strong>Como identificar o analfabetismo funcional em algu\u00e9m?<\/strong><\/h3>\n\n\n\n<p>Dificuldade em interpretar textos simples, elaborar reda\u00e7\u00f5es, seguir instru\u00e7\u00f5es escritas ou se comunicar bem por escrito.<\/p>\n\n\n\n<h3 class=\"wp-block-heading\"><strong>Leitura din\u00e2mica funciona mesmo?<\/strong><\/h3>\n\n\n\n<p>Sim, desde que aplicada com m\u00e9todo, a leitura din\u00e2mica melhora a <strong>velocidade e a compreens\u00e3o<\/strong>, sendo \u00fatil tanto para estudantes quanto para profissionais.<\/p>\n\n\n\n<h3 class=\"wp-block-heading\"><strong>Qual a vantagem de usar leitura din\u00e2mica em concursos e vestibulares?<\/strong><\/h3>\n\n\n\n<p>Voc\u00ea <strong>ganha tempo<\/strong>, l\u00ea com mais clareza, compreende melhor os enunciados e desenvolve mais confian\u00e7a na hora da prova.<\/p>\n\n\n\n<p><\/p>\n","protected":false},"excerpt":{"rendered":"<p>Voc\u00ea j\u00e1 se perguntou por que tantas pessoas, mesmo alfabetizadas, t\u00eam dificuldades para entender o que leem? Essa realidade tem nome: analfabetismo funcional. \u00c9 um problema silencioso, mas de impacto profundo \u2014 que pode estar mais pr\u00f3ximo do que voc\u00ea imagina. O que \u00e9 analfabetismo funcional? O termo pode parecer t\u00e9cnico, mas descreve uma situa\u00e7\u00e3o [&hellip;]<\/p>\n","protected":false},"author":10,"featured_media":2557,"comment_status":"open","ping_status":"open","sticky":false,"template":"","format":"standard","meta":{"footnotes":""},"categories":[263],"tags":[243,244,65,112,204,68,245,76,27,81],"class_list":["post-2556","post","type-post","status-publish","format-standard","has-post-thumbnail","hentry","category-leitura-e-leitura-dinamica","tag-analfabetismo-funcional","tag-analfabeto-funcional","tag-como-estudar-para-concurso","tag-concurso-publico","tag-curso-fast-read","tag-curso-renato-alves","tag-fastread","tag-leitura-dinamica","tag-o-que-eu-acabei-de-ler","tag-vestibular"],"_links":{"self":[{"href":"https:\/\/renatoalves.com.br\/blog\/wp-json\/wp\/v2\/posts\/2556","targetHints":{"allow":["GET"]}}],"collection":[{"href":"https:\/\/renatoalves.com.br\/blog\/wp-json\/wp\/v2\/posts"}],"about":[{"href":"https:\/\/renatoalves.com.br\/blog\/wp-json\/wp\/v2\/types\/post"}],"author":[{"embeddable":true,"href":"https:\/\/renatoalves.com.br\/blog\/wp-json\/wp\/v2\/users\/10"}],"replies":[{"embeddable":true,"href":"https:\/\/renatoalves.com.br\/blog\/wp-json\/wp\/v2\/comments?post=2556"}],"version-history":[{"count":4,"href":"https:\/\/renatoalves.com.br\/blog\/wp-json\/wp\/v2\/posts\/2556\/revisions"}],"predecessor-version":[{"id":10621,"href":"https:\/\/renatoalves.com.br\/blog\/wp-json\/wp\/v2\/posts\/2556\/revisions\/10621"}],"wp:featuredmedia":[{"embeddable":true,"href":"https:\/\/renatoalves.com.br\/blog\/wp-json\/wp\/v2\/media\/2557"}],"wp:attachment":[{"href":"https:\/\/renatoalves.com.br\/blog\/wp-json\/wp\/v2\/media?parent=2556"}],"wp:term":[{"taxonomy":"category","embeddable":true,"href":"https:\/\/renatoalves.com.br\/blog\/wp-json\/wp\/v2\/categories?post=2556"},{"taxonomy":"post_tag","embeddable":true,"href":"https:\/\/renatoalves.com.br\/blog\/wp-json\/wp\/v2\/tags?post=2556"}],"curies":[{"name":"wp","href":"https:\/\/api.w.org\/{rel}","templated":true}]}}