{"id":2730,"date":"2025-08-25T13:50:00","date_gmt":"2025-08-25T16:50:00","guid":{"rendered":"http:\/\/renatoalves.com.br\/blog\/?p=2730"},"modified":"2025-08-25T10:07:17","modified_gmt":"2025-08-25T13:07:17","slug":"socorro-como-eliminar-os-brancos-na-memoria","status":"publish","type":"post","link":"https:\/\/renatoalves.com.br\/blog\/socorro-como-eliminar-os-brancos-na-memoria\/","title":{"rendered":"Socorro: Como eliminar os brancos na memoria?"},"content":{"rendered":"\n<p class=\"p1\">Voc\u00ea j\u00e1 sentiu aquele branco na mem\u00f3ria? Um v\u00e1cuo desconfort\u00e1vel que aparece exatamente quando voc\u00ea mais precisa se lembrar de algo importante?<\/p>\n\n\n\n<p>Talvez tenha acontecido:<\/p>\n\n\n\n<ul class=\"wp-block-list\">\n<li>Durante uma entrevista de emprego;<\/li>\n\n\n\n<li>Em uma apresenta\u00e7\u00e3o oral diante de diretores;<\/li>\n\n\n\n<li>Ou, pior ainda, durante aquela prova para a qual voc\u00ea estudou por anos.<\/li>\n<\/ul>\n\n\n\n<p>A verdade \u00e9 que esses apag\u00f5es mentais surgem nos momentos mais inoportunos. E, mesmo sendo comuns, eles n\u00e3o devem ser normalizados.<\/p>\n\n\n\n<p>Como pesquisador da mem\u00f3ria e da aprendizagem h\u00e1 mais de duas d\u00e9cadas, posso afirmar: <strong>um simples branco na mem\u00f3ria tem o poder de comprometer anos de preparo.<\/strong><\/p>\n\n\n\n<p>Eu mesmo j\u00e1 experimentei esse tipo de falha cognitiva no passado. E foi atrav\u00e9s da viv\u00eancia, da observa\u00e7\u00e3o cient\u00edfica e do m\u00e9todo que desenvolvi um <a href=\"https:\/\/memoriablindada.com.br\/\" target=\"_blank\" rel=\"noreferrer noopener\">sistema para eliminar esses lapsos.<\/a><\/p>\n\n\n\n<figure class=\"wp-block-image size-large\"><a href=\"https:\/\/memoriablindada.com.br\/\"><img fetchpriority=\"high\" decoding=\"async\" width=\"1024\" height=\"120\" src=\"https:\/\/renatoalves.com.br\/blog\/wp-content\/uploads\/2014\/09\/MEMORIA-BLINDADA-BANNER-BLOG-RENATO-ALVES-1024x120.png\" alt=\"banner mem\u00f3ria blindada\" class=\"wp-image-10107\" srcset=\"https:\/\/renatoalves.com.br\/blog\/wp-content\/uploads\/2014\/09\/MEMORIA-BLINDADA-BANNER-BLOG-RENATO-ALVES-1024x120.png 1024w, https:\/\/renatoalves.com.br\/blog\/wp-content\/uploads\/2014\/09\/MEMORIA-BLINDADA-BANNER-BLOG-RENATO-ALVES-300x35.png 300w, https:\/\/renatoalves.com.br\/blog\/wp-content\/uploads\/2014\/09\/MEMORIA-BLINDADA-BANNER-BLOG-RENATO-ALVES-768x90.png 768w, https:\/\/renatoalves.com.br\/blog\/wp-content\/uploads\/2014\/09\/MEMORIA-BLINDADA-BANNER-BLOG-RENATO-ALVES-1536x181.png 1536w, https:\/\/renatoalves.com.br\/blog\/wp-content\/uploads\/2014\/09\/MEMORIA-BLINDADA-BANNER-BLOG-RENATO-ALVES.png 1700w\" sizes=\"(max-width: 1024px) 100vw, 1024px\" \/><\/a><\/figure>\n\n\n\n<h3 class=\"wp-block-heading\">Por que os brancos na mem\u00f3ria acontecem?<\/h3>\n\n\n\n<p>Apag\u00f5es de mem\u00f3ria s\u00e3o respostas do c\u00e9rebro a est\u00edmulos como <strong>ansiedade, estresse, fadiga, excesso de informa\u00e7\u00e3o e falta de foco.<\/strong><\/p>\n\n\n\n<p>Quando voc\u00ea \u00e9 exposto a um ambiente de press\u00e3o, como uma prova ou entrevista, o organismo entra em estado de alerta. A adrenalina sobe, o c\u00e9rebro ativa o modo &#8220;fuga ou luta&#8221;. Nesse modo, <strong>a prioridade \u00e9 a sobreviv\u00eancia, n\u00e3o o racioc\u00ednio.<\/strong><\/p>\n\n\n\n<p>Resultado? As informa\u00e7\u00f5es que voc\u00ea estudou com afinco ficam inacess\u00edveis temporariamente.<\/p>\n\n\n\n<h3 class=\"wp-block-heading\">Quais s\u00e3o os principais causadores desses brancos?<\/h3>\n\n\n\n<ul class=\"wp-block-list\">\n<li><strong>Falta de revis\u00e3o espa\u00e7ada<\/strong>: sem revis\u00f5es regulares, o c\u00e9rebro &#8220;arquiva&#8221; e dificulta o resgate da informa\u00e7\u00e3o.<\/li>\n\n\n\n<li><strong>Estudo superficial<\/strong>: leitura passiva ou apenas sublinhar textos n\u00e3o gera aprendizado de qualidade.<\/li>\n\n\n\n<li><strong>Estresse acumulado<\/strong>: noites mal dormidas, prazos apertados e press\u00e3o externa minam a efici\u00eancia cognitiva.<\/li>\n\n\n\n<li><strong>Distra\u00e7\u00f5es constantes<\/strong>: o c\u00e9rebro precisa de foco para memorizar. Redes sociais, m\u00faltiplas abas abertas e barulho prejudicam o processo.<\/li>\n<\/ul>\n\n\n\n<h3 class=\"wp-block-heading\">Como eliminar os brancos na mem\u00f3ria antes, durante e depois das provas?<\/h3>\n\n\n\n<p>Sim, os brancos podem surgir <strong>antes (por ansiedade), durante (por press\u00e3o) ou at\u00e9 depois da prova (por tens\u00e3o residual)<\/strong>.<\/p>\n\n\n\n<p>Para combat\u00ea-los, \u00e9 necess\u00e1rio usar estrat\u00e9gias de treinamento mental e t\u00e9cnicas de mem\u00f3ria aplicadas. Veja algumas que ensino em minhas aulas:<\/p>\n\n\n\n<h3 class=\"wp-block-heading\">1. Transforme sua mem\u00f3ria em um mecanismo de busca<\/h3>\n\n\n\n<p>Assim como voc\u00ea digita palavras no Google para encontrar conte\u00fado, \u00e9 poss\u00edvel <strong>treinar sua mente para associar palavras-chave a conte\u00fados estudados.<\/strong><\/p>\n\n\n\n<p>Usamos t\u00e9cnicas de associa\u00e7\u00e3o mnem\u00f4nica, mapas mentais e visualiza\u00e7\u00e3o criativa. Isso permite que voc\u00ea acesse as informa\u00e7\u00f5es com rapidez e confian\u00e7a.<\/p>\n\n\n\n<h3 class=\"wp-block-heading\">2. Gerencie os ladr\u00f5es de aten\u00e7\u00e3o<\/h3>\n\n\n\n<p>O mundo moderno sabota sua concentra\u00e7\u00e3o a cada segundo. Notifica\u00e7\u00f5es, redes sociais, interrup\u00e7\u00f5es constantes.<\/p>\n\n\n\n<p>Aprenda a identificar os gatilhos que desviam sua aten\u00e7\u00e3o e crie um ambiente blindado para o estudo. Sua mem\u00f3ria agradece.<\/p>\n\n\n\n<h3 class=\"wp-block-heading\">3. Fortale\u00e7a a mem\u00f3ria com repeti\u00e7\u00e3o inteligente<\/h3>\n\n\n\n<p>Estudar n\u00e3o \u00e9 repetir mecanicamente. \u00c9 revisar de forma espa\u00e7ada, com testes ativos de recupera\u00e7\u00e3o.<\/p>\n\n\n\n<p>T\u00e9cnicas como o sistema Leitner, flashcards inteligentes e revis\u00e3o em tr\u00eas tempos ajudam a consolidar a mem\u00f3ria de longo prazo.<\/p>\n\n\n\n<h3 class=\"wp-block-heading\">4. Controle emocional: respire e resgate<\/h3>\n\n\n\n<p>Na hora da prova, <strong>respirar profundamente por 90 segundos ajuda a regular a adrenalina<\/strong>. O foco retorna, e a mem\u00f3ria tamb\u00e9m.<\/p>\n\n\n\n<p>Exerc\u00edcios de respira\u00e7\u00e3o, visualiza\u00e7\u00e3o e ancoragem emocional s\u00e3o parte do meu m\u00e9todo.<\/p>\n\n\n\n<h3 class=\"wp-block-heading\">Por que voc\u00ea nunca ouviu isso antes?<\/h3>\n\n\n\n<p>Porque esse \u00e9 um tema <strong>que nunca foi tratado por outros pesquisadores<\/strong> com profundidade. Durante anos, estudei a neuroci\u00eancia da mem\u00f3ria em condi\u00e7\u00f5es de estresse.<\/p>\n\n\n\n<p>Agora, compartilho esse conhecimento em aulas e treinamentos exclusivos.<\/p>\n\n\n\n<h3 class=\"wp-block-heading\">A oportunidade de aprender mais<\/h3>\n\n\n\n<p>Se voc\u00ea se interessa em fortalecer sua mem\u00f3ria, eliminar os brancos mentais e dominar t\u00e9cnicas pr\u00e1ticas para o dia a dia, conhe\u00e7a meu curso <strong>Mem\u00f3ria Blindada<\/strong>.<\/p>\n\n\n\n<p>L\u00e1, ensino passo a passo como:<\/p>\n\n\n\n<ul class=\"wp-block-list\">\n<li>Refor\u00e7ar sua mem\u00f3ria de longo prazo;<\/li>\n\n\n\n<li>Aprender mais em menos tempo;<\/li>\n\n\n\n<li>Evitar os lapsos mesmo sob press\u00e3o.<\/li>\n<\/ul>\n\n\n\n<p>E para voc\u00ea experimentar sem riscos, ofere\u00e7o uma <strong>garantia de 7 dias<\/strong>. Se n\u00e3o sentir avan\u00e7o, devolvo 100% do valor investido.<\/p>\n\n\n\n<figure class=\"wp-block-image size-large\"><a href=\"https:\/\/memoriablindada.com.br\/\"><img fetchpriority=\"high\" decoding=\"async\" width=\"1024\" height=\"120\" src=\"https:\/\/renatoalves.com.br\/blog\/wp-content\/uploads\/2014\/09\/MEMORIA-BLINDADA-BANNER-BLOG-RENATO-ALVES-1024x120.png\" alt=\"banner mem\u00f3ria blindada\" class=\"wp-image-10107\" srcset=\"https:\/\/renatoalves.com.br\/blog\/wp-content\/uploads\/2014\/09\/MEMORIA-BLINDADA-BANNER-BLOG-RENATO-ALVES-1024x120.png 1024w, https:\/\/renatoalves.com.br\/blog\/wp-content\/uploads\/2014\/09\/MEMORIA-BLINDADA-BANNER-BLOG-RENATO-ALVES-300x35.png 300w, https:\/\/renatoalves.com.br\/blog\/wp-content\/uploads\/2014\/09\/MEMORIA-BLINDADA-BANNER-BLOG-RENATO-ALVES-768x90.png 768w, https:\/\/renatoalves.com.br\/blog\/wp-content\/uploads\/2014\/09\/MEMORIA-BLINDADA-BANNER-BLOG-RENATO-ALVES-1536x181.png 1536w, https:\/\/renatoalves.com.br\/blog\/wp-content\/uploads\/2014\/09\/MEMORIA-BLINDADA-BANNER-BLOG-RENATO-ALVES.png 1700w\" sizes=\"(max-width: 1024px) 100vw, 1024px\" \/><\/a><\/figure>\n\n\n\n<p>Os brancos na mem\u00f3ria s\u00e3o uma realidade para muitos, mas n\u00e3o precisam ser um obst\u00e1culo permanente. Com t\u00e9cnica, m\u00e9todo e consci\u00eancia, \u00e9 poss\u00edvel super\u00e1-los.<\/p>\n\n\n\n<p>Compartilhe este artigo com amigos que sofrem com lapsos de mem\u00f3ria. E se quiser ir mais fundo,<a href=\"https:\/\/memoriablindada.com.br\/\" target=\"_blank\" rel=\"noreferrer noopener\"> <strong>clique aqui e comece agora mesmo o curso Mem\u00f3ria Blindada.<\/strong><\/a><\/p>\n\n\n\n<p>At\u00e9 a pr\u00f3xima aula,<\/p>\n\n\n\n<p class=\"p1\"><strong>Renato Alves<\/strong><br>Escritor, pesquisador e primeiro brasileiro a receber o t\u00edtulo oficial de melhor mem\u00f3ria do Brasil.<br>Autor de um m\u00e9todo patenteado de memorizac\u00e3o, presente em mais de 100 pa\u00edses.<\/p>\n\n\n\n<h2 class=\"wp-block-heading p1\">Veja tamb\u00e9m: <\/h2>\n\n\n\n<figure class=\"wp-block-embed is-type-rich is-provider-incorporar-manipulador wp-block-embed-incorporar-manipulador wp-embed-aspect-16-9 wp-has-aspect-ratio\"><div class=\"wp-block-embed__wrapper\">\n<iframe title=\"Quem l\u00ea enriquece? Como ficar rico com leitura?\" width=\"800\" height=\"450\" src=\"https:\/\/www.youtube.com\/embed\/Sfn9BeUvzRw?feature=oembed\" frameborder=\"0\" allow=\"accelerometer; autoplay; clipboard-write; encrypted-media; gyroscope; picture-in-picture; web-share\" referrerpolicy=\"strict-origin-when-cross-origin\" allowfullscreen><\/iframe>\n<\/div><\/figure>\n\n\n\n<p><\/p>\n","protected":false},"excerpt":{"rendered":"<p>Voc\u00ea j\u00e1 sentiu aquele branco na mem\u00f3ria? Um v\u00e1cuo desconfort\u00e1vel que aparece exatamente quando voc\u00ea mais precisa se lembrar de algo importante? Talvez tenha acontecido: A verdade \u00e9 que esses apag\u00f5es mentais surgem nos momentos mais inoportunos. E, mesmo sendo comuns, eles n\u00e3o devem ser normalizados. Como pesquisador da mem\u00f3ria e da aprendizagem h\u00e1 mais [&hellip;]<\/p>\n","protected":false},"author":24,"featured_media":3395,"comment_status":"open","ping_status":"open","sticky":false,"template":"","format":"standard","meta":{"footnotes":""},"categories":[264],"tags":[56,65,66,84,75,112,45,46,212,98,70,253],"class_list":["post-2730","post","type-post","status-publish","format-standard","has-post-thumbnail","hentry","category-saude-e-qualidade-de-vida","tag-branco-na-memoria","tag-como-estudar-para-concurso","tag-como-estudar-para-o-enem","tag-como-fazer-um-plano-de-estudo","tag-como-passar-em-concurso","tag-concurso-publico","tag-curso-de-memorizacao","tag-curso-de-memorizacao-online","tag-curso-memoria-blindada","tag-curso-online-renato-alves","tag-dicas-memorizacao","tag-webinar"],"_links":{"self":[{"href":"https:\/\/renatoalves.com.br\/blog\/wp-json\/wp\/v2\/posts\/2730","targetHints":{"allow":["GET"]}}],"collection":[{"href":"https:\/\/renatoalves.com.br\/blog\/wp-json\/wp\/v2\/posts"}],"about":[{"href":"https:\/\/renatoalves.com.br\/blog\/wp-json\/wp\/v2\/types\/post"}],"author":[{"embeddable":true,"href":"https:\/\/renatoalves.com.br\/blog\/wp-json\/wp\/v2\/users\/24"}],"replies":[{"embeddable":true,"href":"https:\/\/renatoalves.com.br\/blog\/wp-json\/wp\/v2\/comments?post=2730"}],"version-history":[{"count":3,"href":"https:\/\/renatoalves.com.br\/blog\/wp-json\/wp\/v2\/posts\/2730\/revisions"}],"predecessor-version":[{"id":10613,"href":"https:\/\/renatoalves.com.br\/blog\/wp-json\/wp\/v2\/posts\/2730\/revisions\/10613"}],"wp:featuredmedia":[{"embeddable":true,"href":"https:\/\/renatoalves.com.br\/blog\/wp-json\/wp\/v2\/media\/3395"}],"wp:attachment":[{"href":"https:\/\/renatoalves.com.br\/blog\/wp-json\/wp\/v2\/media?parent=2730"}],"wp:term":[{"taxonomy":"category","embeddable":true,"href":"https:\/\/renatoalves.com.br\/blog\/wp-json\/wp\/v2\/categories?post=2730"},{"taxonomy":"post_tag","embeddable":true,"href":"https:\/\/renatoalves.com.br\/blog\/wp-json\/wp\/v2\/tags?post=2730"}],"curies":[{"name":"wp","href":"https:\/\/api.w.org\/{rel}","templated":true}]}}