{"id":2743,"date":"2025-08-25T10:30:00","date_gmt":"2025-08-25T13:30:00","guid":{"rendered":"http:\/\/renatoalves.com.br\/blog\/?p=2743"},"modified":"2025-08-25T08:56:35","modified_gmt":"2025-08-25T11:56:35","slug":"anosognosia-sintomas-tratamento","status":"publish","type":"post","link":"https:\/\/renatoalves.com.br\/blog\/anosognosia-sintomas-tratamento\/","title":{"rendered":"Anosognosia: Saiba o que \u00e9 e se voc\u00ea sofre dessa doen\u00e7a"},"content":{"rendered":"\n<p>Todos os dias, conversando com alunos, leitores e pacientes, me deparo com uma condi\u00e7\u00e3o silenciosa, mas devastadora: a anosognosia. Trata-se de um dist\u00farbio neurol\u00f3gico raro e complexo, no qual a pr\u00f3pria pessoa n\u00e3o reconhece ou nega que possui um problema de sa\u00fade. \u00c9 como se o c\u00e9rebro, afetado por alguma les\u00e3o ou disfun\u00e7\u00e3o, bloqueasse o senso de autopercep\u00e7\u00e3o.<\/p>\n\n\n\n<p>Neste artigo, compartilho com voc\u00ea um guia completo sobre o tema: desde os sintomas at\u00e9 as<a href=\"https:\/\/memoriablindada.com.br\/\" target=\"_blank\" rel=\"noreferrer noopener\"> formas de tratamento <\/a>e o papel essencial da fam\u00edlia e da sociedade nesse processo.<\/p>\n\n\n\n<figure class=\"wp-block-image size-large\"><a href=\"https:\/\/memoriablindada.com.br\/\"><img fetchpriority=\"high\" decoding=\"async\" width=\"1024\" height=\"120\" src=\"https:\/\/renatoalves.com.br\/blog\/wp-content\/uploads\/2014\/09\/MEMORIA-BLINDADA-BANNER-BLOG-RENATO-ALVES-1024x120.png\" alt=\"banner mem\u00f3ria blindada\" class=\"wp-image-10107\" srcset=\"https:\/\/renatoalves.com.br\/blog\/wp-content\/uploads\/2014\/09\/MEMORIA-BLINDADA-BANNER-BLOG-RENATO-ALVES-1024x120.png 1024w, https:\/\/renatoalves.com.br\/blog\/wp-content\/uploads\/2014\/09\/MEMORIA-BLINDADA-BANNER-BLOG-RENATO-ALVES-300x35.png 300w, https:\/\/renatoalves.com.br\/blog\/wp-content\/uploads\/2014\/09\/MEMORIA-BLINDADA-BANNER-BLOG-RENATO-ALVES-768x90.png 768w, https:\/\/renatoalves.com.br\/blog\/wp-content\/uploads\/2014\/09\/MEMORIA-BLINDADA-BANNER-BLOG-RENATO-ALVES-1536x181.png 1536w, https:\/\/renatoalves.com.br\/blog\/wp-content\/uploads\/2014\/09\/MEMORIA-BLINDADA-BANNER-BLOG-RENATO-ALVES.png 1700w\" sizes=\"(max-width: 1024px) 100vw, 1024px\" \/><\/a><\/figure>\n\n\n\n<h2 class=\"wp-block-heading\">O que \u00e9 anosognosia e como ela afeta o c\u00e9rebro?<\/h2>\n\n\n\n<p>A anosognosia \u00e9 uma condi\u00e7\u00e3o neurol\u00f3gica caracterizada pela <strong>nega\u00e7\u00e3o ou interpreta\u00e7\u00e3o incorreta dos pr\u00f3prios sintomas de uma doen\u00e7a<\/strong>. Isso significa que o paciente n\u00e3o percebe que est\u00e1 doente ou minimiza completamente a gravidade do problema.<\/p>\n\n\n\n<p>Essa condi\u00e7\u00e3o est\u00e1 associada a <strong>les\u00f5es no lobo frontal ou parietal do c\u00e9rebro<\/strong>, geralmente decorrentes de <strong>acidentes vasculares cerebrais (AVC)<\/strong>, <strong>traumatismos cranianos<\/strong>, <strong>dem\u00eancias<\/strong> (como Alzheimer) ou outras doen\u00e7as neurol\u00f3gicas degenerativas.<\/p>\n\n\n\n<h2 class=\"wp-block-heading\">Quais s\u00e3o os principais sintomas da anosognosia?<\/h2>\n\n\n\n<p>Os sintomas variam conforme a gravidade e a \u00e1rea afetada do c\u00e9rebro. Entre os mais comuns, est\u00e3o:<\/p>\n\n\n\n<ul class=\"wp-block-list\">\n<li><strong>Nega\u00e7\u00e3o de sintomas evidentes<\/strong>, como perda de mem\u00f3ria, dificuldade motora ou limita\u00e7\u00f5es cognitivas;<\/li>\n\n\n\n<li><strong>Minimiza\u00e7\u00e3o dos sintomas<\/strong>, mesmo quando reconhecidos;<\/li>\n\n\n\n<li><strong>Recusa em procurar tratamento<\/strong>, alegando que n\u00e3o h\u00e1 nada de errado;<\/li>\n\n\n\n<li><strong>Falta de preocupa\u00e7\u00e3o com a pr\u00f3pria sa\u00fade<\/strong>, mesmo diante de alertas de familiares e profissionais.<\/li>\n<\/ul>\n\n\n\n<p>A aus\u00eancia de consci\u00eancia da pr\u00f3pria condi\u00e7\u00e3o dificulta o tratamento e pode agravar a evolu\u00e7\u00e3o da doen\u00e7a de base.<\/p>\n\n\n\n<h2 class=\"wp-block-heading\">Como saber se tenho anosognosia?<\/h2>\n\n\n\n<p>Essa \u00e9 uma das condi\u00e7\u00f5es mais dif\u00edceis de identificar por conta pr\u00f3pria, justamente porque o paciente n\u00e3o percebe os sintomas. Por isso, o <strong>olhar atento de familiares, amigos e profissionais da sa\u00fade<\/strong> \u00e9 essencial.<\/p>\n\n\n\n<p>Sinais de alerta:<\/p>\n\n\n\n<ul class=\"wp-block-list\">\n<li>Ignorar sintomas f\u00edsicos ou cognitivos evidentes;<\/li>\n\n\n\n<li>Reagir com irrita\u00e7\u00e3o quando confrontado sobre a sa\u00fade;<\/li>\n\n\n\n<li>Apresentar mudan\u00e7as de comportamento associadas \u00e0 doen\u00e7a e n\u00e3o reconhec\u00ea-las.<\/li>\n<\/ul>\n\n\n\n<p>Se voc\u00ea convive com algu\u00e9m assim, recomendo buscar orienta\u00e7\u00e3o com um neurologista ou psiquiatra para uma avalia\u00e7\u00e3o mais precisa.<\/p>\n\n\n\n<h3 class=\"wp-block-heading\">O que causa a anosognosia? Entenda os fatores neurol\u00f3gicos!<\/h3>\n\n\n\n<p>As causas est\u00e3o geralmente ligadas a <strong>danos cerebrais<\/strong> que comprometem a percep\u00e7\u00e3o e o julgamento. Entre os principais fatores:<\/p>\n\n\n\n<ul class=\"wp-block-list\">\n<li><strong>Acidente Vascular Cerebral (AVC)<\/strong><\/li>\n\n\n\n<li><strong>Doen\u00e7a de Alzheimer e outras dem\u00eancias<\/strong><\/li>\n\n\n\n<li><strong>Traumatismos cranianos<\/strong><\/li>\n\n\n\n<li><strong>Esquizofrenia ou transtornos psic\u00f3ticos graves<\/strong><\/li>\n<\/ul>\n\n\n\n<p>Essas condi\u00e7\u00f5es afetam o circuito neurol\u00f3gico respons\u00e1vel pelo autoconhecimento e pela interpreta\u00e7\u00e3o da realidade.<\/p>\n\n\n\n<h3 class=\"wp-block-heading\">Desafios enfrentados por quem vive com anosognosia<\/h3>\n\n\n\n<p>A vida de um paciente com anosognosia pode ser cheia de obst\u00e1culos, especialmente quando n\u00e3o h\u00e1 apoio adequado. Alguns dos principais desafios incluem:<\/p>\n\n\n\n<ul class=\"wp-block-list\">\n<li><strong>Neglig\u00eancia do tratamento<\/strong> e risco de agravamento da doen\u00e7a;<\/li>\n\n\n\n<li><strong>Dificuldades nas rela\u00e7\u00f5es familiares<\/strong>, por conta da incompreens\u00e3o dos sintomas;<\/li>\n\n\n\n<li><strong>Preju\u00edzo na qualidade de vida<\/strong> e na autonomia do paciente;<\/li>\n\n\n\n<li><strong>Riscos \u00e0 seguran\u00e7a<\/strong>, como acidentes dom\u00e9sticos ou autoabandono.<\/li>\n<\/ul>\n\n\n\n<p>Por isso, \u00e9 essencial ter um plano de cuidado humanizado, multidisciplinar e com foco na reabilita\u00e7\u00e3o da percep\u00e7\u00e3o.<\/p>\n\n\n\n<h3 class=\"wp-block-heading\">Como identificar anosognosia em familiares ou pacientes?<\/h3>\n\n\n\n<p>Alguns comportamentos devem ser observados com aten\u00e7\u00e3o:<\/p>\n\n\n\n<ul class=\"wp-block-list\">\n<li>Falta de rea\u00e7\u00e3o frente a diagn\u00f3sticos m\u00e9dicos graves;<\/li>\n\n\n\n<li>Coment\u00e1rios do tipo &#8220;est\u00e1 tudo normal&#8221; diante de perdas cognitivas claras;<\/li>\n\n\n\n<li>Incapacidade de seguir tratamentos recomendados.<\/li>\n<\/ul>\n\n\n\n<p>A melhor forma de agir \u00e9 com empatia, firmeza e apoio profissional. A confronta\u00e7\u00e3o direta pode gerar resist\u00eancia; por isso, a escuta ativa e a media\u00e7\u00e3o de um especialista fazem toda a diferen\u00e7a.<\/p>\n\n\n\n<h3 class=\"wp-block-heading\">Op\u00e7\u00f5es de tratamento e estrat\u00e9gias terap\u00eauticas<\/h3>\n\n\n\n<p>O tratamento depende da doen\u00e7a de base e do grau de comprometimento neurol\u00f3gico. Entre as abordagens mais eficazes:<\/p>\n\n\n\n<ul class=\"wp-block-list\">\n<li><strong>Terapia cognitivo-comportamental (TCC)<\/strong>: ajuda o paciente a desenvolver maior consci\u00eancia de si;<\/li>\n\n\n\n<li><strong>Reabilita\u00e7\u00e3o neuropsicol\u00f3gica<\/strong>: com exerc\u00edcios cognitivos estruturados;<\/li>\n\n\n\n<li><strong>Terapia familiar<\/strong>: orienta os cuidadores sobre como lidar com os desafios do dia a dia;<\/li>\n\n\n\n<li><strong>Tratamento farmacol\u00f3gico<\/strong>, quando h\u00e1 comorbidades como depress\u00e3o, ansiedade ou transtornos psic\u00f3ticos.<\/li>\n<\/ul>\n\n\n\n<p>Em muitos casos, \u00e9 a fam\u00edlia que assume um papel terap\u00eautico indireto, mediando cuidados, incentivando o tratamento e protegendo o paciente de riscos.<\/p>\n\n\n\n<h3 class=\"wp-block-heading\">A import\u00e2ncia da educa\u00e7\u00e3o e da conscientiza\u00e7\u00e3o<\/h3>\n\n\n\n<p>Quanto mais falamos sobre esse tema, mais chances temos de promover diagn\u00f3stico precoce e tratamento adequado. Por isso, \u00e9 fundamental:<\/p>\n\n\n\n<ul class=\"wp-block-list\">\n<li><strong>Treinar profissionais da sa\u00fade<\/strong> para reconhecer sinais de anosognosia;<\/li>\n\n\n\n<li><strong>Educar familiares e cuidadores<\/strong> sobre a condi\u00e7\u00e3o e suas implica\u00e7\u00f5es;<\/li>\n\n\n\n<li><strong>Combater o estigma<\/strong> relacionado a doen\u00e7as mentais e neurol\u00f3gicas.<\/li>\n<\/ul>\n\n\n\n<p>A informa\u00e7\u00e3o salva, acolhe e transforma.<\/p>\n\n\n\n<p>A anosognosia n\u00e3o \u00e9 apenas uma condi\u00e7\u00e3o m\u00e9dica; \u00e9 um desafio humano profundo, que exige acolhimento, conhecimento e interven\u00e7\u00e3o especializada. Se voc\u00ea convive com essa realidade, saiba que n\u00e3o est\u00e1 sozinho. E se deseja compreender melhor a mente,<a href=\"https:\/\/renatoalves.com.br\/blog\/ansiedade-anula-suas-chances-de-aprovacao\/\" target=\"_blank\" rel=\"noreferrer noopener\"> fortalecer sua mem\u00f3ria<\/a> e desenvolver sua cogni\u00e7\u00e3o, conhe\u00e7a meu curso Estudo e Memorizac\u00e3o.<\/p>\n\n\n\n<p>Com conhecimento e empatia, voc\u00ea pode fazer a diferen\u00e7a.<\/p>\n\n\n\n<p><strong>Renato Alves<\/strong><br>Escritor, pesquisador e primeiro brasileiro a receber o t\u00edtulo oficial de melhor mem\u00f3ria do Brasil.<\/p>\n\n\n\n<figure class=\"wp-block-image size-large\"><a href=\"https:\/\/memoriablindada.com.br\/\"><img fetchpriority=\"high\" decoding=\"async\" width=\"1024\" height=\"120\" src=\"https:\/\/renatoalves.com.br\/blog\/wp-content\/uploads\/2014\/09\/MEMORIA-BLINDADA-BANNER-BLOG-RENATO-ALVES-1024x120.png\" alt=\"banner mem\u00f3ria blindada\" class=\"wp-image-10107\" srcset=\"https:\/\/renatoalves.com.br\/blog\/wp-content\/uploads\/2014\/09\/MEMORIA-BLINDADA-BANNER-BLOG-RENATO-ALVES-1024x120.png 1024w, https:\/\/renatoalves.com.br\/blog\/wp-content\/uploads\/2014\/09\/MEMORIA-BLINDADA-BANNER-BLOG-RENATO-ALVES-300x35.png 300w, https:\/\/renatoalves.com.br\/blog\/wp-content\/uploads\/2014\/09\/MEMORIA-BLINDADA-BANNER-BLOG-RENATO-ALVES-768x90.png 768w, https:\/\/renatoalves.com.br\/blog\/wp-content\/uploads\/2014\/09\/MEMORIA-BLINDADA-BANNER-BLOG-RENATO-ALVES-1536x181.png 1536w, https:\/\/renatoalves.com.br\/blog\/wp-content\/uploads\/2014\/09\/MEMORIA-BLINDADA-BANNER-BLOG-RENATO-ALVES.png 1700w\" sizes=\"(max-width: 1024px) 100vw, 1024px\" \/><\/a><\/figure>\n\n\n\n<h2 class=\"wp-block-heading\">Perguntas frequentes (FAQ)<\/h2>\n\n\n\n<p>O que \u00e9 anosognosia? \u00c9 uma condi\u00e7\u00e3o neurol\u00f3gica em que o paciente n\u00e3o reconhece que est\u00e1 doente ou nega sintomas.<\/p>\n\n\n\n<p><strong>Quais doen\u00e7as est\u00e3o associadas \u00e0 anosognosia?<\/strong> AVC, Alzheimer, dem\u00eancias, traumatismos cranianos e transtornos psic\u00f3ticos graves.<\/p>\n\n\n\n<p><strong>A anosognosia tem cura?<\/strong> N\u00e3o h\u00e1 cura, mas o tratamento pode melhorar a percep\u00e7\u00e3o e a qualidade de vida do paciente.<\/p>\n\n\n\n<p><strong>Como tratar um familiar com anosognosia?<\/strong> Com empatia, apoio profissional e um plano estruturado de acompanhamento.<\/p>\n\n\n\n<p><\/p>\n","protected":false},"excerpt":{"rendered":"<p>Todos os dias, conversando com alunos, leitores e pacientes, me deparo com uma condi\u00e7\u00e3o silenciosa, mas devastadora: a anosognosia. Trata-se de um dist\u00farbio neurol\u00f3gico raro e complexo, no qual a pr\u00f3pria pessoa n\u00e3o reconhece ou nega que possui um problema de sa\u00fade. \u00c9 como se o c\u00e9rebro, afetado por alguma les\u00e3o ou disfun\u00e7\u00e3o, bloqueasse o [&hellip;]<\/p>\n","protected":false},"author":10,"featured_media":2746,"comment_status":"open","ping_status":"open","sticky":false,"template":"","format":"standard","meta":{"footnotes":""},"categories":[264],"tags":[254,229,255,212,256,71,74],"class_list":["post-2743","post","type-post","status-publish","format-standard","has-post-thumbnail","hentry","category-saude-e-qualidade-de-vida","tag-anosognosia","tag-como-prevenir-alzheimer","tag-como-prevenir-anosognosia","tag-curso-memoria-blindada","tag-demencias","tag-evitar-esquecimento","tag-metodo-renato-alves"],"_links":{"self":[{"href":"https:\/\/renatoalves.com.br\/blog\/wp-json\/wp\/v2\/posts\/2743","targetHints":{"allow":["GET"]}}],"collection":[{"href":"https:\/\/renatoalves.com.br\/blog\/wp-json\/wp\/v2\/posts"}],"about":[{"href":"https:\/\/renatoalves.com.br\/blog\/wp-json\/wp\/v2\/types\/post"}],"author":[{"embeddable":true,"href":"https:\/\/renatoalves.com.br\/blog\/wp-json\/wp\/v2\/users\/10"}],"replies":[{"embeddable":true,"href":"https:\/\/renatoalves.com.br\/blog\/wp-json\/wp\/v2\/comments?post=2743"}],"version-history":[{"count":4,"href":"https:\/\/renatoalves.com.br\/blog\/wp-json\/wp\/v2\/posts\/2743\/revisions"}],"predecessor-version":[{"id":10611,"href":"https:\/\/renatoalves.com.br\/blog\/wp-json\/wp\/v2\/posts\/2743\/revisions\/10611"}],"wp:featuredmedia":[{"embeddable":true,"href":"https:\/\/renatoalves.com.br\/blog\/wp-json\/wp\/v2\/media\/2746"}],"wp:attachment":[{"href":"https:\/\/renatoalves.com.br\/blog\/wp-json\/wp\/v2\/media?parent=2743"}],"wp:term":[{"taxonomy":"category","embeddable":true,"href":"https:\/\/renatoalves.com.br\/blog\/wp-json\/wp\/v2\/categories?post=2743"},{"taxonomy":"post_tag","embeddable":true,"href":"https:\/\/renatoalves.com.br\/blog\/wp-json\/wp\/v2\/tags?post=2743"}],"curies":[{"name":"wp","href":"https:\/\/api.w.org\/{rel}","templated":true}]}}