{"id":2756,"date":"2025-08-25T09:00:00","date_gmt":"2025-08-25T12:00:00","guid":{"rendered":"http:\/\/renatoalves.com.br\/blog\/?p=2756"},"modified":"2025-08-25T08:50:22","modified_gmt":"2025-08-25T11:50:22","slug":"nao-cometa-os-mesmos-erros-no-enem","status":"publish","type":"post","link":"https:\/\/renatoalves.com.br\/blog\/nao-cometa-os-mesmos-erros-no-enem\/","title":{"rendered":"N\u00e3o cometa os mesmos erros no Enem"},"content":{"rendered":"\n<p>Eu sempre observo, nos notici\u00e1rios que antecedem o Enem, a mesma cena desgastante: port\u00f5es se fechando, jovens cansados correndo, impreparados e perdendo a chance de um dia transformador. Isso me lembra que <strong>n\u00e3o \u00e9 o n\u00famero de vezes que voc\u00ea faz o Enem que determina o seu sucesso<\/strong>, mas sim a qualidade do seu preparo \u2014 o m\u00e9todo, a energia, a disciplina.<\/p>\n\n\n\n<p>Decidi, ent\u00e3o, compartilhar com voc\u00ea<a href=\"https:\/\/estudomemorizacao.com.br\/\" target=\"_blank\" rel=\"noreferrer noopener\"> <strong>dicas infal\u00edveis para o Enem 2025<\/strong><\/a>: fatos reais, planejamento estrat\u00e9gico e cuidados essenciais. Comigo, voc\u00ea vai <strong>chegar com confian\u00e7a e precis\u00e3o<\/strong>, pronto para conquistar a aprova\u00e7\u00e3o. Vamos l\u00e1?<\/p>\n\n\n\n<figure class=\"wp-block-image size-large\"><a href=\"https:\/\/estudomemorizacao.com.br\/\"><img fetchpriority=\"high\" decoding=\"async\" width=\"1024\" height=\"182\" src=\"https:\/\/renatoalves.com.br\/blog\/wp-content\/uploads\/2018\/11\/capa_banner-1024x182.jpg\" alt=\"estudo e memoriza\u00e7\u00e3o para concurso p\u00fablico\" class=\"wp-image-6047\" srcset=\"https:\/\/renatoalves.com.br\/blog\/wp-content\/uploads\/2018\/11\/capa_banner-1024x182.jpg 1024w, https:\/\/renatoalves.com.br\/blog\/wp-content\/uploads\/2018\/11\/capa_banner-300x53.jpg 300w, https:\/\/renatoalves.com.br\/blog\/wp-content\/uploads\/2018\/11\/capa_banner-768x137.jpg 768w, https:\/\/renatoalves.com.br\/blog\/wp-content\/uploads\/2018\/11\/capa_banner-610x109.jpg 610w\" sizes=\"(max-width: 1024px) 100vw, 1024px\" \/><\/a><\/figure>\n\n\n\n<h2 class=\"wp-block-heading\">1. Por que estudar com disciplina importa mais do que repetir o Enem<\/h2>\n\n\n\n<p>Muitos pensam que o caminho para o sucesso \u00e9 acumular tentativas. Eu digo: n\u00e3o. O que conta mesmo \u00e9 estudar com m\u00e9todo: memoriza\u00e7\u00e3o ativa, revis\u00f5es programadas, simulados efetivos e dom\u00ednio emocional. Isso constr\u00f3i resultados reais \u2014 n\u00e3o desgaste.<\/p>\n\n\n\n<h2 class=\"wp-block-heading\">2. Cronograma oficial do Enem 2025 \u2014 Prazo exato para planejar<\/h2>\n\n\n\n<p>Confira o calend\u00e1rio detalhado, baseado em fontes oficiais:<\/p>\n\n\n\n<figure class=\"wp-block-table\"><table class=\"has-fixed-layout\"><thead><tr><th>Evento<\/th><th>Data<\/th><\/tr><\/thead><tbody><tr><td>Inscri\u00e7\u00f5es<\/td><td><strong>26 de maio a 6 de junho de 2025<\/strong> <\/td><\/tr><tr><td>Pagamento da taxa<\/td><td>At\u00e9 <strong>11 de junho de 2025<\/strong> <\/td><\/tr><tr><td>Resultado de isen\u00e7\u00e3o\/recurso<\/td><td>Maio a junho de 2025 (especificamente at\u00e9 27 de junho para recursos) <\/td><\/tr><tr><td>Provas (exceto PA)<\/td><td><strong>9 e 16 de novembro de 2025<\/strong> <\/td><\/tr><tr><td>Provas em Bel\u00e9m, Ananindeua e Marituba (PA)<\/td><td><strong>30 de novembro e 7 de dezembro de 2025<\/strong>, por causa da COP 30 <\/td><\/tr><\/tbody><\/table><\/figure>\n\n\n\n<p><strong>Import\u00e2ncia<\/strong>: registrar essas datas no seu calend\u00e1rio, usar alertas no celular e revisitar a P\u00e1gina do Participante regularmente.<\/p>\n\n\n\n<h2 class=\"wp-block-heading\">3. O que levar e por que isso pode te salvar<\/h2>\n\n\n\n<ul class=\"wp-block-list\">\n<li><strong>Documento oficial com foto<\/strong> (digital ou f\u00edsico; RG, CNH, passaporte ou apps como e\u2011T\u00edtulo, CNH digital etc.) <\/li>\n\n\n\n<li><strong>Caneta esferogr\u00e1fica preta de corpo transparente<\/strong> \u2014 leve duas! <\/li>\n\n\n\n<li><strong>Cart\u00e3o de Confirma\u00e7\u00e3o de Inscri\u00e7\u00e3o<\/strong> \u2014 n\u00e3o \u00e9 obrigat\u00f3rio, mas \u00e9 essencial para localiza\u00e7\u00e3o r\u00e1pida do local e n\u00famero de inscri\u00e7\u00e3o <\/li>\n<\/ul>\n\n\n\n<h2 class=\"wp-block-heading\">4. Hor\u00e1rios do dia da prova \u2014 Chegou at\u00e9 aqui, n\u00e3o vacile<\/h2>\n\n\n\n<p>Em Bras\u00edlia (e em grande parte do Brasil), os hor\u00e1rios seguem este padr\u00e3o:<\/p>\n\n\n\n<ul class=\"wp-block-list\">\n<li><strong>Abertura dos port\u00f5es<\/strong>: 12h<\/li>\n\n\n\n<li><strong>Fechamento dos port\u00f5es<\/strong>: 13h (portas fecham e n\u00e3o h\u00e1 entrada ap\u00f3s esse hor\u00e1rio) <\/li>\n\n\n\n<li><strong>In\u00edcio da prova<\/strong>: 13h30<\/li>\n\n\n\n<li><strong>Primeiro dia<\/strong>: encerra \u00e0s 19h; <strong>Segundo dia<\/strong>: encerra \u00e0s 18h30<\/li>\n<\/ul>\n\n\n\n<p>Em <strong>Amazonas, MT, MS, RO, RR<\/strong>, h\u00e1 1h de defasagem em rela\u00e7\u00e3o a Bras\u00edlia. Em <strong>Acre<\/strong>, o ajuste \u00e9 de 2h.<\/p>\n\n\n\n<p><strong>Estrat\u00e9gia pr\u00e1tica<\/strong>: conhe\u00e7a seu fuso hor\u00e1rio local, chegue com <strong>1 hora de anteced\u00eancia<\/strong>, e programe-se conforme o tempo da sua regi\u00e3o.<\/p>\n\n\n\n<h2 class=\"wp-block-heading\">5. Cinco dicas definitivas para o dia D do Enem<\/h2>\n\n\n\n<ol class=\"wp-block-list\">\n<li><strong>Teste o trajeto antes<\/strong> \u2014 inclusive no mesmo dia da semana e hor\u00e1rio da prova. Eu vi alunos presos em tr\u00e2nsito por falharem nisso \u2014 planeje com margem de seguran\u00e7a.<\/li>\n\n\n\n<li><strong>Prepare um envelope com documentos<\/strong> \u2014 escreva na frente algo como <strong>\u201cEnem: Aprovado!!!\u201d<\/strong> para elevar a confian\u00e7a logo pela manh\u00e3.<\/li>\n\n\n\n<li><strong>Tenha caneta reserva<\/strong> \u2014 duas canetas pretas, transparentes. Esqueceu uma, voc\u00ea ainda est\u00e1 coberto.<\/li>\n\n\n\n<li><strong>Chegue cedo, mas com equil\u00edbrio<\/strong> \u2014 n\u00e3o precisa acampar (rs), mas prefira estar no local com seguran\u00e7a e tranquilidade.<\/li>\n\n\n\n<li><strong>Esteja pronto emocionalmente<\/strong> \u2014 mantenha-se l\u00facido, respire fundo, use pausas estrat\u00e9gicas. A prova \u00e9 mental tanto quanto cognitiva.<\/li>\n<\/ol>\n\n\n\n<p>Voc\u00ea j\u00e1 sabe: o segredo n\u00e3o est\u00e1 em quantas vezes voc\u00ea faz o Enem, mas como voc\u00ea o faz. Com m\u00e9todo, disciplina e cuidado, voc\u00ea pode transformar cada detalhe em potencial de aprova\u00e7\u00e3o.<\/p>\n\n\n\n<p>Se quiser elevar ainda mais seus resultados em memoriza\u00e7\u00e3o ativa e performance emocional, <strong>convido voc\u00ea a conhecer meu curso Estudo e Memoriza\u00e7\u00e3o<\/strong> \u2014 com garantia de resultados reais em 7 dias ou seu investimento de volta. Comece hoje, com seguran\u00e7a.<\/p>\n\n\n\n<p>Te desejo foco, clareza e muita tranquilidade para enxergar al\u00e9m da prova.<\/p>\n\n\n\n<p>Com<a href=\"https:\/\/renatoalves.com.br\/blog\/aprovacao-em-concurso-ou-vestibular\/\" target=\"_blank\" rel=\"noreferrer noopener\"> autoridade e m\u00e9todo,<\/a><br><strong>Renato Alves<\/strong> \u2014 escritor, pesquisador e primeiro brasileiro com o t\u00edtulo oficial de melhor mem\u00f3ria do pa\u00eds.<\/p>\n\n\n\n<figure class=\"wp-block-image size-large\"><a href=\"https:\/\/estudomemorizacao.com.br\/\"><img fetchpriority=\"high\" decoding=\"async\" width=\"1024\" height=\"182\" src=\"https:\/\/renatoalves.com.br\/blog\/wp-content\/uploads\/2018\/11\/capa_banner-1024x182.jpg\" alt=\"estudo e memoriza\u00e7\u00e3o para concurso p\u00fablico\" class=\"wp-image-6047\" srcset=\"https:\/\/renatoalves.com.br\/blog\/wp-content\/uploads\/2018\/11\/capa_banner-1024x182.jpg 1024w, https:\/\/renatoalves.com.br\/blog\/wp-content\/uploads\/2018\/11\/capa_banner-300x53.jpg 300w, https:\/\/renatoalves.com.br\/blog\/wp-content\/uploads\/2018\/11\/capa_banner-768x137.jpg 768w, https:\/\/renatoalves.com.br\/blog\/wp-content\/uploads\/2018\/11\/capa_banner-610x109.jpg 610w\" sizes=\"(max-width: 1024px) 100vw, 1024px\" \/><\/a><\/figure>\n\n\n\n<h2 class=\"wp-block-heading\">Perguntas Frequentes (FAQ)<\/h2>\n\n\n\n<h3 class=\"wp-block-heading\"><strong>Quando sai o cart\u00e3o de confirma\u00e7\u00e3o?<\/strong><\/h3>\n\n\n\n<p>Ele \u00e9 liberado dias antes da prova, via P\u00e1gina do Participante, com local, hor\u00e1rio e n\u00famero. A recomenda\u00e7\u00e3o \u00e9 acessar logo que abrir \u2014 normalmente, cerca de duas semanas antes. <\/p>\n\n\n\n<h3 class=\"wp-block-heading\"><strong>Posso usar caneta azul ou l\u00e1pis?<\/strong><\/h3>\n\n\n\n<p>N\u00e3o. Somente caneta esferogr\u00e1fica preta, de corpo transparente. L\u00e1pis s\u00f3 para rascunho, se permitido.<\/p>\n\n\n\n<h3 class=\"wp-block-heading\"><strong>O que acontece se eu chegar atrasado?<\/strong><\/h3>\n\n\n\n<p>Os port\u00f5es fecham rigidamente \u00e0s 13h. Chegando depois, \u00e9 eliminado \u2014 s\u00f3 ter\u00e1 a pr\u00f3xima chance no ano seguinte.<\/p>\n\n\n\n<h3 class=\"wp-block-heading\"><strong>E se esquecer o documento?<\/strong><\/h3>\n\n\n\n<p>Sem documento v\u00e1lido com foto, voc\u00ea \u00e9 exclu\u00eddo do exame. Por isso, o ritual do envelope evita surpresas.<\/p>\n\n\n\n<h3 class=\"wp-block-heading\"><strong>Onde consulto meu local?<\/strong><\/h3>\n\n\n\n<p><br>Na P\u00e1gina do Participante, com CPF e gov.br, v\u00e1 em \u201cAplica\u00e7\u00e3o\u201d e acesse o cart\u00e3o \u2014 \u00e9 r\u00e1pido e fundamental. <\/p>\n\n\n\n<h2 class=\"wp-block-heading\">Veja tamb\u00e9m:<\/h2>\n\n\n\n<figure class=\"wp-block-embed is-type-rich is-provider-incorporar-manipulador wp-block-embed-incorporar-manipulador wp-embed-aspect-16-9 wp-has-aspect-ratio\"><div class=\"wp-block-embed__wrapper\">\n<iframe title=\"Quem l\u00ea enriquece? Como ficar rico com leitura?\" width=\"800\" height=\"450\" src=\"https:\/\/www.youtube.com\/embed\/Sfn9BeUvzRw?feature=oembed\" frameborder=\"0\" allow=\"accelerometer; autoplay; clipboard-write; encrypted-media; gyroscope; picture-in-picture; web-share\" referrerpolicy=\"strict-origin-when-cross-origin\" allowfullscreen><\/iframe>\n<\/div><\/figure>\n","protected":false},"excerpt":{"rendered":"<p>Eu sempre observo, nos notici\u00e1rios que antecedem o Enem, a mesma cena desgastante: port\u00f5es se fechando, jovens cansados correndo, impreparados e perdendo a chance de um dia transformador. Isso me lembra que n\u00e3o \u00e9 o n\u00famero de vezes que voc\u00ea faz o Enem que determina o seu sucesso, mas sim a qualidade do seu preparo [&hellip;]<\/p>\n","protected":false},"author":10,"featured_media":2760,"comment_status":"open","ping_status":"open","sticky":false,"template":"","format":"standard","meta":{"footnotes":""},"categories":[262],"tags":[86,249,257,135,116],"class_list":["post-2756","post","type-post","status-publish","format-standard","has-post-thumbnail","hentry","category-estudo-e-desenvolvimento","tag-curso-estudo-e-memorizacao","tag-dicas-para-passar-em-vestibular","tag-dicas-para-passar-no-enem","tag-tecnicas-de-estudo","tag-trabalho-e-estudo"],"_links":{"self":[{"href":"https:\/\/renatoalves.com.br\/blog\/wp-json\/wp\/v2\/posts\/2756","targetHints":{"allow":["GET"]}}],"collection":[{"href":"https:\/\/renatoalves.com.br\/blog\/wp-json\/wp\/v2\/posts"}],"about":[{"href":"https:\/\/renatoalves.com.br\/blog\/wp-json\/wp\/v2\/types\/post"}],"author":[{"embeddable":true,"href":"https:\/\/renatoalves.com.br\/blog\/wp-json\/wp\/v2\/users\/10"}],"replies":[{"embeddable":true,"href":"https:\/\/renatoalves.com.br\/blog\/wp-json\/wp\/v2\/comments?post=2756"}],"version-history":[{"count":3,"href":"https:\/\/renatoalves.com.br\/blog\/wp-json\/wp\/v2\/posts\/2756\/revisions"}],"predecessor-version":[{"id":10609,"href":"https:\/\/renatoalves.com.br\/blog\/wp-json\/wp\/v2\/posts\/2756\/revisions\/10609"}],"wp:featuredmedia":[{"embeddable":true,"href":"https:\/\/renatoalves.com.br\/blog\/wp-json\/wp\/v2\/media\/2760"}],"wp:attachment":[{"href":"https:\/\/renatoalves.com.br\/blog\/wp-json\/wp\/v2\/media?parent=2756"}],"wp:term":[{"taxonomy":"category","embeddable":true,"href":"https:\/\/renatoalves.com.br\/blog\/wp-json\/wp\/v2\/categories?post=2756"},{"taxonomy":"post_tag","embeddable":true,"href":"https:\/\/renatoalves.com.br\/blog\/wp-json\/wp\/v2\/tags?post=2756"}],"curies":[{"name":"wp","href":"https:\/\/api.w.org\/{rel}","templated":true}]}}