{"id":2784,"date":"2025-08-22T16:40:00","date_gmt":"2025-08-22T19:40:00","guid":{"rendered":"http:\/\/renatoalves.com.br\/blog\/?p=2784"},"modified":"2025-08-21T08:28:30","modified_gmt":"2025-08-21T11:28:30","slug":"melhor-horario-estudar","status":"publish","type":"post","link":"https:\/\/renatoalves.com.br\/blog\/melhor-horario-estudar\/","title":{"rendered":"Qual \u00e9 o melhor hor\u00e1rio para estudar, segundo a ci\u00eancia?\ufffc"},"content":{"rendered":"\n<p>Minha busca por <a href=\"https:\/\/estudomemorizacao.com.br\/\" target=\"_blank\" rel=\"noreferrer noopener\">m\u00e9todos eficazes de estudo e memorizac\u00e3o <\/a>j\u00e1 dura mais de 20 anos. Ao longo dessa jornada, confirmei pessoalmente e com milhares de alunos que <strong>estudar pela manh\u00e3, ap\u00f3s uma noite de sono regular, \u00e9 muito mais eficiente<\/strong> do que virar noites ou acordar de madrugada.<\/p>\n\n\n\n<p>A ci\u00eancia refor\u00e7a essa percep\u00e7\u00e3o. Durante a noite, o corpo libera <strong>melatonina<\/strong>, um horm\u00f4nio que induz ao sono. Mesmo com caf\u00e9 ou energ\u00e9ticos, seu organismo estar\u00e1 em modo de descanso. O resultado? Foco reduzido, dificuldade de concentra\u00e7\u00e3o e baixa reten\u00e7\u00e3o.<\/p>\n\n\n\n<figure class=\"wp-block-image size-large\"><a href=\"https:\/\/estudomemorizacao.com.br\/\"><img fetchpriority=\"high\" decoding=\"async\" width=\"1024\" height=\"182\" src=\"https:\/\/renatoalves.com.br\/blog\/wp-content\/uploads\/2018\/11\/capa_banner-1024x182.jpg\" alt=\"estudo e memoriza\u00e7\u00e3o para concurso p\u00fablico\" class=\"wp-image-6047\" srcset=\"https:\/\/renatoalves.com.br\/blog\/wp-content\/uploads\/2018\/11\/capa_banner-1024x182.jpg 1024w, https:\/\/renatoalves.com.br\/blog\/wp-content\/uploads\/2018\/11\/capa_banner-300x53.jpg 300w, https:\/\/renatoalves.com.br\/blog\/wp-content\/uploads\/2018\/11\/capa_banner-768x137.jpg 768w, https:\/\/renatoalves.com.br\/blog\/wp-content\/uploads\/2018\/11\/capa_banner-610x109.jpg 610w\" sizes=\"(max-width: 1024px) 100vw, 1024px\" \/><\/a><\/figure>\n\n\n\n<h2 class=\"wp-block-heading\">Por Que a Manh\u00e3 \u00e9 o Melhor Hor\u00e1rio Para Estudar?<\/h2>\n\n\n\n<ol start=\"1\" class=\"wp-block-list\">\n<li><strong>Maior disposi\u00e7\u00e3o mental:<\/strong> o c\u00e9rebro est\u00e1 &#8220;zerado&#8221; ap\u00f3s o sono.<\/li>\n\n\n\n<li><strong>Cortisol em alta:<\/strong> horm\u00f4nio do bem-estar e foco atinge picos pela manh\u00e3.<\/li>\n\n\n\n<li><strong>Ambiente silencioso:<\/strong> menos distra\u00e7\u00f5es externas.<\/li>\n\n\n\n<li><strong>Mais efici\u00eancia cognitiva:<\/strong> mem\u00f3ria, racioc\u00ednio e leitura funcionam melhor.<\/li>\n<\/ol>\n\n\n\n<h2 class=\"wp-block-heading\">O Que \u00e9 o Ritmo Circadiano e Como Afeta Seus Estudos?<\/h2>\n\n\n\n<p>Estudos premiados com o <strong>Pr\u00eamio Nobel de Medicina<\/strong> revelaram que nosso organismo \u00e9 regido por um <strong>rel\u00f3gio biol\u00f3gico interno<\/strong>, o chamado <strong>ritmo circadiano<\/strong>. Ele regula sono, temperatura corporal, libera\u00e7\u00e3o hormonal e o estado de alerta.<\/p>\n\n\n\n<p>Esse rel\u00f3gio indica que somos naturalmente mais ativos durante o dia e que o c\u00e9rebro alcan\u00e7a sua melhor performance cognitiva nas primeiras horas da manh\u00e3.<\/p>\n\n\n\n<h2 class=\"wp-block-heading\">Ambiente e Estrutura Fazem Diferen\u00e7a<\/h2>\n\n\n\n<p>A filosofia do <strong>estruturalismo<\/strong> nos ensina que resultados superiores exigem prepara\u00e7\u00e3o adequada:<\/p>\n\n\n\n<ul class=\"wp-block-list\">\n<li>Use <strong>luz branca natural<\/strong> ao estudar.<\/li>\n\n\n\n<li>Escolha um <strong>local arejado, organizado e silencioso<\/strong>.<\/li>\n\n\n\n<li>Elimine distra\u00e7\u00f5es como celular e TV.<\/li>\n\n\n\n<li>Crie um ritual matinal: hidrata\u00e7\u00e3o, respira\u00e7\u00e3o e leitura inicial.<\/li>\n<\/ul>\n\n\n\n<p>Planejar seus estudos \u00e9 mais produtivo do que &#8220;se matar&#8221; virando noites. Estudo com qualidade supera quantidade.<\/p>\n\n\n\n<h2 class=\"wp-block-heading\">Dormir Bem \u00e9 Parte da Estrat\u00e9gia de Estudo<\/h2>\n\n\n\n<p>Um sono de qualidade:<\/p>\n\n\n\n<ul class=\"wp-block-list\">\n<li>Reorganiza mem\u00f3rias recentes.<\/li>\n\n\n\n<li>Processa e fixa o conhecimento.<\/li>\n\n\n\n<li>Reduz estresse, ansiedade e fadiga mental.<\/li>\n\n\n\n<li>Previne doen\u00e7as graves como Alzheimer.<\/li>\n<\/ul>\n\n\n\n<p>Sem descanso, voc\u00ea pode sofrer com esquecimentos, dificuldade de interpreta\u00e7\u00e3o e bloqueios cognitivos.<\/p>\n\n\n\n<p>A manh\u00e3 \u00e9 um hor\u00e1rio valioso. E quando bem aproveitado,<a href=\"https:\/\/renatoalves.com.br\/blog\/aprovacao-em-concurso-ou-vestibular\/\" target=\"_blank\" rel=\"noreferrer noopener\"> transforma sua rotina de estudos. <\/a>Planejar com base no ritmo natural do seu corpo \u00e9 estrat\u00e9gia de gente que pensa l\u00e1 na frente.<\/p>\n\n\n\n<p>No curso<a href=\"https:\/\/estudomemorizacao.com.br\/\" target=\"_blank\" rel=\"noreferrer noopener\"> <strong>Estudo e Memorizac\u00e3o<\/strong>,<\/a> ensino como usar o poder da manh\u00e3, da mem\u00f3ria e das t\u00e9cnicas cognitivas para estudar melhor, aprender mais r\u00e1pido e conquistar sua aprova\u00e7\u00e3o.<\/p>\n\n\n\n<p><strong>Clique aqui e comece agora mesmo.<\/strong><\/p>\n\n\n\n<figure class=\"wp-block-image size-large\"><a href=\"https:\/\/estudomemorizacao.com.br\/\"><img fetchpriority=\"high\" decoding=\"async\" width=\"1024\" height=\"182\" src=\"https:\/\/renatoalves.com.br\/blog\/wp-content\/uploads\/2018\/11\/capa_banner-1024x182.jpg\" alt=\"estudo e memoriza\u00e7\u00e3o para concurso p\u00fablico\" class=\"wp-image-6047\" srcset=\"https:\/\/renatoalves.com.br\/blog\/wp-content\/uploads\/2018\/11\/capa_banner-1024x182.jpg 1024w, https:\/\/renatoalves.com.br\/blog\/wp-content\/uploads\/2018\/11\/capa_banner-300x53.jpg 300w, https:\/\/renatoalves.com.br\/blog\/wp-content\/uploads\/2018\/11\/capa_banner-768x137.jpg 768w, https:\/\/renatoalves.com.br\/blog\/wp-content\/uploads\/2018\/11\/capa_banner-610x109.jpg 610w\" sizes=\"(max-width: 1024px) 100vw, 1024px\" \/><\/a><\/figure>\n\n\n\n<h2 class=\"wp-block-heading\">Perguntas Frequentes (FAQ)<\/h2>\n\n\n\n<h3 class=\"wp-block-heading\">Qual o melhor hor\u00e1rio para estudar?<\/h3>\n\n\n\n<p>Entre 4h e 7h da manh\u00e3 para foco profundo e entre 10h e 14h para leitura, memorizac\u00e3o e revis\u00e3o.<\/p>\n\n\n\n<h3 class=\"wp-block-heading\">Estudar \u00e0 noite faz mal?<\/h3>\n\n\n\n<p>Depende. Para quem tem rotina noturna for\u00e7ada, \u00e9 poss\u00edvel adaptar. Mas cientificamente, \u00e0 noite, a melatonina compromete a aten\u00e7\u00e3o e a absor\u00e7\u00e3o.<\/p>\n\n\n\n<h3 class=\"wp-block-heading\">Como melhorar o rendimento pela manh\u00e3?<\/h3>\n\n\n\n<p>Durma bem, evite telas antes de dormir, acorde com luz natural, tome \u00e1gua ao levantar e comece com uma rotina leve.<\/p>\n\n\n\n<h3 class=\"wp-block-heading\">Por que \u00e0s vezes me sinto mais produtivo \u00e0 noite?<\/h3>\n\n\n\n<p>Pode ser um <strong>cronotipo<\/strong> noturno. Mesmo assim, o c\u00e9rebro \u00e9 menos eficiente sob privac\u00e7\u00e3o de sono e estresse acumulado.<\/p>\n\n\n\n<h2 class=\"wp-block-heading\">Veja tamb\u00e9m:<\/h2>\n\n\n\n<figure class=\"wp-block-embed is-type-rich is-provider-incorporar-manipulador wp-block-embed-incorporar-manipulador wp-embed-aspect-16-9 wp-has-aspect-ratio\"><div class=\"wp-block-embed__wrapper\">\n<iframe title=\"Sua Mente Est\u00e1 Fraca? Aprenda Como Fortalecer e Blindar\" width=\"800\" height=\"450\" src=\"https:\/\/www.youtube.com\/embed\/e2tQwGnpJ5A?feature=oembed\" frameborder=\"0\" allow=\"accelerometer; autoplay; clipboard-write; encrypted-media; gyroscope; picture-in-picture; web-share\" referrerpolicy=\"strict-origin-when-cross-origin\" allowfullscreen><\/iframe>\n<\/div><\/figure>\n\n\n\n<p><\/p>\n","protected":false},"excerpt":{"rendered":"<p>Minha busca por m\u00e9todos eficazes de estudo e memorizac\u00e3o j\u00e1 dura mais de 20 anos. Ao longo dessa jornada, confirmei pessoalmente e com milhares de alunos que estudar pela manh\u00e3, ap\u00f3s uma noite de sono regular, \u00e9 muito mais eficiente do que virar noites ou acordar de madrugada. A ci\u00eancia refor\u00e7a essa percep\u00e7\u00e3o. Durante a [&hellip;]<\/p>\n","protected":false},"author":10,"featured_media":2785,"comment_status":"open","ping_status":"open","sticky":false,"template":"","format":"standard","meta":{"footnotes":""},"categories":[262],"tags":[41,65,66,112,86,68,74],"class_list":["post-2784","post","type-post","status-publish","format-standard","has-post-thumbnail","hentry","category-estudo-e-desenvolvimento","tag-alzheimer","tag-como-estudar-para-concurso","tag-como-estudar-para-o-enem","tag-concurso-publico","tag-curso-estudo-e-memorizacao","tag-curso-renato-alves","tag-metodo-renato-alves"],"_links":{"self":[{"href":"https:\/\/renatoalves.com.br\/blog\/wp-json\/wp\/v2\/posts\/2784","targetHints":{"allow":["GET"]}}],"collection":[{"href":"https:\/\/renatoalves.com.br\/blog\/wp-json\/wp\/v2\/posts"}],"about":[{"href":"https:\/\/renatoalves.com.br\/blog\/wp-json\/wp\/v2\/types\/post"}],"author":[{"embeddable":true,"href":"https:\/\/renatoalves.com.br\/blog\/wp-json\/wp\/v2\/users\/10"}],"replies":[{"embeddable":true,"href":"https:\/\/renatoalves.com.br\/blog\/wp-json\/wp\/v2\/comments?post=2784"}],"version-history":[{"count":6,"href":"https:\/\/renatoalves.com.br\/blog\/wp-json\/wp\/v2\/posts\/2784\/revisions"}],"predecessor-version":[{"id":10604,"href":"https:\/\/renatoalves.com.br\/blog\/wp-json\/wp\/v2\/posts\/2784\/revisions\/10604"}],"wp:featuredmedia":[{"embeddable":true,"href":"https:\/\/renatoalves.com.br\/blog\/wp-json\/wp\/v2\/media\/2785"}],"wp:attachment":[{"href":"https:\/\/renatoalves.com.br\/blog\/wp-json\/wp\/v2\/media?parent=2784"}],"wp:term":[{"taxonomy":"category","embeddable":true,"href":"https:\/\/renatoalves.com.br\/blog\/wp-json\/wp\/v2\/categories?post=2784"},{"taxonomy":"post_tag","embeddable":true,"href":"https:\/\/renatoalves.com.br\/blog\/wp-json\/wp\/v2\/tags?post=2784"}],"curies":[{"name":"wp","href":"https:\/\/api.w.org\/{rel}","templated":true}]}}