{"id":2799,"date":"2025-08-22T15:20:00","date_gmt":"2025-08-22T18:20:00","guid":{"rendered":"http:\/\/renatoalves.com.br\/blog\/?p=2799"},"modified":"2025-08-21T08:20:11","modified_gmt":"2025-08-21T11:20:11","slug":"voce-pretende-ou-ira-prestar-um-concurso-publico","status":"publish","type":"post","link":"https:\/\/renatoalves.com.br\/blog\/voce-pretende-ou-ira-prestar-um-concurso-publico\/","title":{"rendered":"Voc\u00ea pretende ou ir\u00e1 prestar um concurso p\u00fablico? Este texto \u00e9 para voc\u00ea"},"content":{"rendered":"\n<p>Voc\u00ea que est\u00e1 se preparando para o concurso p\u00fablico \u2014 seja ele seu primeiro ou um dentre muitos \u2014 j\u00e1 sentiu o racioc\u00ednio lento, a dificuldade de concentra\u00e7\u00e3o ou a frustra\u00e7\u00e3o de esquecer tudo bem na hora da prova? Eu j\u00e1 estive nesse lugar. E \u00e9 exatamente por conhecer essa dor que criei um <a href=\"https:\/\/estudomemorizacao.com.br\/\" target=\"_blank\" rel=\"noreferrer noopener\">m\u00e9todo que faz a sua mem\u00f3ria trabalhar para voc\u00ea<\/a>, em vez de contra voc\u00ea.<\/p>\n\n\n\n<figure class=\"wp-block-image size-large\"><a href=\"https:\/\/estudomemorizacao.com.br\/\"><img fetchpriority=\"high\" decoding=\"async\" width=\"1024\" height=\"182\" src=\"https:\/\/renatoalves.com.br\/blog\/wp-content\/uploads\/2018\/11\/capa_banner-1024x182.jpg\" alt=\"estudo e memoriza\u00e7\u00e3o para concurso p\u00fablico\" class=\"wp-image-6047\" srcset=\"https:\/\/renatoalves.com.br\/blog\/wp-content\/uploads\/2018\/11\/capa_banner-1024x182.jpg 1024w, https:\/\/renatoalves.com.br\/blog\/wp-content\/uploads\/2018\/11\/capa_banner-300x53.jpg 300w, https:\/\/renatoalves.com.br\/blog\/wp-content\/uploads\/2018\/11\/capa_banner-768x137.jpg 768w, https:\/\/renatoalves.com.br\/blog\/wp-content\/uploads\/2018\/11\/capa_banner-610x109.jpg 610w\" sizes=\"(max-width: 1024px) 100vw, 1024px\" \/><\/a><\/figure>\n\n\n\n<h2 class=\"wp-block-heading\">Problema central: os <strong>3 desafios cr\u00edticos<\/strong> que sabotam sua aprova\u00e7\u00e3o<\/h2>\n\n\n\n<h3 class=\"wp-block-heading\">1. <strong>Organiza\u00e7\u00e3o mental confusa<\/strong><\/h3>\n\n\n\n<p>Voc\u00ea j\u00e1 terminou um texto inteiro sem realmente absorver nada? Isso acontece porque o c\u00e9rebro precisa de estrutura. Conhecimento acumulado como blocos soltos n\u00e3o cria sentido \u2014 e sem sentido, n\u00e3o h\u00e1 lembran\u00e7a. \u00c9 por isso que aprender a <strong>organizar ideias hierarquicamente<\/strong> \u00e9 t\u00e3o essencial: \u00e9 a base para que a mem\u00f3ria funcione com efici\u00eancia.<\/p>\n\n\n\n<h3 class=\"wp-block-heading\">2. <strong>Racioc\u00ednio lento<\/strong><\/h3>\n\n\n\n<p>Um c\u00e9rebro lento te atrasa nos estudos e na prova. Pressa, inseguran\u00e7a, dificuldade de conex\u00e3o entre informa\u00e7\u00f5es \u2014 tudo isso \u00e9 evid\u00eancia de mem\u00f3ria fraca. E como diz a ci\u00eancia, sem mem\u00f3ria eficiente, nem intelig\u00eancia, nem racioc\u00ednio fluem bem. Com uma mem\u00f3ria forte, voc\u00ea associa, entende e decide mais r\u00e1pido.<\/p>\n\n\n\n<h3 class=\"wp-block-heading\">3. <strong>Aus\u00eancia de estrat\u00e9gia de estudo com memoriza\u00e7\u00e3o ativa<\/strong><\/h3>\n\n\n\n<p>Sem plano que seja pensado para a memoriza\u00e7\u00e3o, voc\u00ea estuda horas e n\u00e3o ret\u00e9m nada. O estudo precisa ser estrat\u00e9gico, empregando t\u00e9cnicas como flash cards, fichamento e revis\u00e3o semanal para fixar de verdade \u2014 n\u00e3o apenas ler, mas gravar as informa\u00e7\u00f5es na mente.<\/p>\n\n\n\n<h2 class=\"wp-block-heading\">O que dizem os especialistas e como isso se conecta ao meu m\u00e9todo<\/h2>\n\n\n\n<p>J\u00e1 abordo esses temas em artigos e v\u00eddeos meus. Por exemplo, em \u201c5 Erros que Tirar Sua Concentra\u00e7\u00e3o\u201d, apontamos que <strong>n\u00e3o ter metas claras, procrastinar, estudar sem parar, em local inadequado ou ser distra\u00eddo (como pelo celular)<\/strong> s\u00e3o barreiras reais para quem quer focar e lembrar.<\/p>\n\n\n\n<p>Tamb\u00e9m ensino que <strong>flash cards, fichamentos bem organizados e revis\u00f5es regulares<\/strong>, s\u00e3o t\u00e9cnicas pr\u00e1ticas que fortalecem a reten\u00e7\u00e3o e evitam o temido branco de prova.<\/p>\n\n\n\n<p>Essas pr\u00e1ticas s\u00e3o parte integrante do m\u00e9todo que desenvolvi, fruto de anos de pesquisa em ci\u00eancias cognitivas e filosofia da mente, e consolidado no curso <strong>Estudo e Memoriza\u00e7\u00e3o<\/strong>.<\/p>\n\n\n\n<p>Eu sei exatamente como voc\u00ea se sente: mente cansada, conhecimento que escapa, ansiedade que paralisa. Mas eu tamb\u00e9m sei a sa\u00edda. Organizar o pensamento, acelerar o racioc\u00ednio, estudar com m\u00e9todo \u2014 isso tudo transforma a mem\u00f3ria de sabotadora em aliada.<\/p>\n\n\n\n<p>Com o <a href=\"https:\/\/renatoalves.com.br\/blog\/importancia-da-memorizacao-na-oratoria\/\" target=\"_blank\" rel=\"noreferrer noopener\"><strong>m\u00e9todo certo<\/strong>,<\/a> seu c\u00e9rebro vira seu maior parceiro. Voc\u00ea reverte a<a href=\"https:\/\/renatoalves.com.br\/blog\/famosos-que-adoram-leitura-dinamica\/\" target=\"_blank\" rel=\"noreferrer noopener\"> procrastina\u00e7\u00e3o em foco<\/a>, a confus\u00e3o em clareza e a ansiedade em confian\u00e7a.<\/p>\n\n\n\n<figure class=\"wp-block-image size-large\"><a href=\"https:\/\/estudomemorizacao.com.br\/\"><img fetchpriority=\"high\" decoding=\"async\" width=\"1024\" height=\"182\" src=\"https:\/\/renatoalves.com.br\/blog\/wp-content\/uploads\/2018\/11\/capa_banner-1024x182.jpg\" alt=\"estudo e memoriza\u00e7\u00e3o para concurso p\u00fablico\" class=\"wp-image-6047\" srcset=\"https:\/\/renatoalves.com.br\/blog\/wp-content\/uploads\/2018\/11\/capa_banner-1024x182.jpg 1024w, https:\/\/renatoalves.com.br\/blog\/wp-content\/uploads\/2018\/11\/capa_banner-300x53.jpg 300w, https:\/\/renatoalves.com.br\/blog\/wp-content\/uploads\/2018\/11\/capa_banner-768x137.jpg 768w, https:\/\/renatoalves.com.br\/blog\/wp-content\/uploads\/2018\/11\/capa_banner-610x109.jpg 610w\" sizes=\"(max-width: 1024px) 100vw, 1024px\" \/><\/a><\/figure>\n\n\n\n<h2 class=\"wp-block-heading\">Perguntas Frequentes (FAQ)<\/h2>\n\n\n\n<h3 class=\"wp-block-heading\"><strong>Por que racioc\u00ednio lento atrapalha tanto nos concursos?<\/strong><\/h3>\n\n\n\n<p>Porque um pensamento \u00e1gil depende da fluidez entre ideias na mem\u00f3ria; se a base est\u00e1 fraca, o racioc\u00ednio trava na hora da decis\u00e3o.<\/p>\n\n\n\n<h3 class=\"wp-block-heading\"><strong>Como organizar ideias mentalmente para memorizar melhor?<\/strong><\/h3>\n\n\n\n<p>Estruture o conte\u00fado em hierarquias: conceitos amplos, subtemas, exemplos pr\u00e1ticos. Essa arquitetura mental facilita a codifica\u00e7\u00e3o e a recupera\u00e7\u00e3o da mem\u00f3ria.<\/p>\n\n\n\n<h3 class=\"wp-block-heading\"><strong>Quais t\u00e9cnicas realmente fixam informa\u00e7\u00e3o na cabe\u00e7a?<\/strong><\/h3>\n\n\n\n<p>Flash cards (com repeti\u00e7\u00e3o espa\u00e7ada), fichamento (resumos estrat\u00e9gicos) e revis\u00f5es peri\u00f3dicas s\u00e3o as ferramentas que fazem a diferen\u00e7a na reten\u00e7\u00e3o.<\/p>\n\n\n\n<h3 class=\"wp-block-heading\"><strong>Como evitar a dispers\u00e3o durante os estudos?<\/strong><\/h3>\n\n\n\n<p>Estabele\u00e7a objetivos claros, estude em local organizado, fa\u00e7a pausas e elimine distra\u00e7\u00f5es como o celular \u2014 tudo para manter o foco de forma sustent\u00e1vel.<\/p>\n\n\n\n<h2 class=\"wp-block-heading\">Veja tamb\u00e9m:<\/h2>\n\n\n\n<figure class=\"wp-block-embed is-type-rich is-provider-incorporar-manipulador wp-block-embed-incorporar-manipulador wp-embed-aspect-16-9 wp-has-aspect-ratio\"><div class=\"wp-block-embed__wrapper\">\n<iframe title=\"Amn\u00e9sia Completa | E se voc\u00ea n\u00e3o lembrasse de NADA?\" width=\"800\" height=\"450\" src=\"https:\/\/www.youtube.com\/embed\/506qxhEPrWg?feature=oembed\" frameborder=\"0\" allow=\"accelerometer; autoplay; clipboard-write; encrypted-media; gyroscope; picture-in-picture; web-share\" referrerpolicy=\"strict-origin-when-cross-origin\" allowfullscreen><\/iframe>\n<\/div><\/figure>\n\n\n\n<p><\/p>\n","protected":false},"excerpt":{"rendered":"<p>Voc\u00ea que est\u00e1 se preparando para o concurso p\u00fablico \u2014 seja ele seu primeiro ou um dentre muitos \u2014 j\u00e1 sentiu o racioc\u00ednio lento, a dificuldade de concentra\u00e7\u00e3o ou a frustra\u00e7\u00e3o de esquecer tudo bem na hora da prova? Eu j\u00e1 estive nesse lugar. E \u00e9 exatamente por conhecer essa dor que criei um m\u00e9todo [&hellip;]<\/p>\n","protected":false},"author":10,"featured_media":2812,"comment_status":"open","ping_status":"open","sticky":false,"template":"","format":"standard","meta":{"footnotes":""},"categories":[262],"tags":[56,65,66,84,75,112,45,74,59,99,81],"class_list":["post-2799","post","type-post","status-publish","format-standard","has-post-thumbnail","hentry","category-estudo-e-desenvolvimento","tag-branco-na-memoria","tag-como-estudar-para-concurso","tag-como-estudar-para-o-enem","tag-como-fazer-um-plano-de-estudo","tag-como-passar-em-concurso","tag-concurso-publico","tag-curso-de-memorizacao","tag-metodo-renato-alves","tag-preciso-estudar","tag-qual-o-melhor-curso-de-memorizacao","tag-vestibular"],"_links":{"self":[{"href":"https:\/\/renatoalves.com.br\/blog\/wp-json\/wp\/v2\/posts\/2799","targetHints":{"allow":["GET"]}}],"collection":[{"href":"https:\/\/renatoalves.com.br\/blog\/wp-json\/wp\/v2\/posts"}],"about":[{"href":"https:\/\/renatoalves.com.br\/blog\/wp-json\/wp\/v2\/types\/post"}],"author":[{"embeddable":true,"href":"https:\/\/renatoalves.com.br\/blog\/wp-json\/wp\/v2\/users\/10"}],"replies":[{"embeddable":true,"href":"https:\/\/renatoalves.com.br\/blog\/wp-json\/wp\/v2\/comments?post=2799"}],"version-history":[{"count":4,"href":"https:\/\/renatoalves.com.br\/blog\/wp-json\/wp\/v2\/posts\/2799\/revisions"}],"predecessor-version":[{"id":10602,"href":"https:\/\/renatoalves.com.br\/blog\/wp-json\/wp\/v2\/posts\/2799\/revisions\/10602"}],"wp:featuredmedia":[{"embeddable":true,"href":"https:\/\/renatoalves.com.br\/blog\/wp-json\/wp\/v2\/media\/2812"}],"wp:attachment":[{"href":"https:\/\/renatoalves.com.br\/blog\/wp-json\/wp\/v2\/media?parent=2799"}],"wp:term":[{"taxonomy":"category","embeddable":true,"href":"https:\/\/renatoalves.com.br\/blog\/wp-json\/wp\/v2\/categories?post=2799"},{"taxonomy":"post_tag","embeddable":true,"href":"https:\/\/renatoalves.com.br\/blog\/wp-json\/wp\/v2\/tags?post=2799"}],"curies":[{"name":"wp","href":"https:\/\/api.w.org\/{rel}","templated":true}]}}