{"id":287,"date":"2011-09-21T07:20:15","date_gmt":"2011-09-21T10:20:15","guid":{"rendered":"http:\/\/www.renatoalves.com.br\/blog\/?p=287"},"modified":"2021-10-14T15:11:41","modified_gmt":"2021-10-14T18:11:41","slug":"namidia-renato-alves-recordista-em-memorizacao-vem-a-sao-luis-realizar-curso","status":"publish","type":"post","link":"https:\/\/renatoalves.com.br\/blog\/namidia-renato-alves-recordista-em-memorizacao-vem-a-sao-luis-realizar-curso\/","title":{"rendered":"Renato Alves, recordista em memoriza\u00e7\u00e3o vem a S\u00e3o Lu\u00eds realizar curso"},"content":{"rendered":"<p style=\"text-align: justify;\">Maranh\u00e3o Maravilha ja est\u00e1 anunciando nosso curso ao publico, trata-se do recordista em memoriza\u00e7\u00e3o Renato Alves, que vem exclusivamente para S\u00e3o Lu\u00eds realizar no dia 26 um Worshop. Veja abaixo a mat\u00e9ria completa:<\/p>\n<h2>Recordista em memoriza\u00e7\u00e3o<\/h2>\n<p style=\"text-align: justify;\"><img decoding=\"async\" class=\"alignnone\" src=\"https:\/\/imirante.globo.com\/oestadoma\/send_binary.asp?path=u:\\tvimirante\\oestadoma\\fotos\\eco21091101.jpg&amp;Width=200&amp;Height=150&amp;Interpolation=1&amp;sharpen=0&amp;sharpenvalue=&amp;Rotate=0\" alt=\"\" width=\"200\" height=\"150\" \/>Considerado uma das poucas pessoas que falam com propriedade sobre os mecanismos da mem\u00f3ria, o professor Renato Alves esteve em S\u00e3o Lu\u00eds dia 26 para realizar curso durante dois dias, sempre \u00e0s 19h, no audit\u00f3rio do Sebrae no Jacarati.<\/p>\n<p style=\"text-align: justify;\">Renato Alves, que ministra palestra no pa\u00eds e no exterior, falar\u00e1 de m\u00e9todos de aprendizagem acelerada, sobre como memorizar f\u00f3rmulas, listas, revisar conte\u00fados extensos, tornando as tarefas f\u00e1ceis com o uso de t\u00e9cnicas de <a href=\"\/\/renatoalves.com.br\/blog\/memorizacao-pode-aumentar-suas-chances-de-aprovacao\/\">memoriza\u00e7\u00e3o<\/a> e concentra\u00e7\u00e3o.<\/p>\n<p style=\"text-align: justify;\">Brasileiro recordista em memoriza\u00e7\u00e3o, formado em computa\u00e7\u00e3o, p\u00f3s-graduado em Ci\u00eancias Cognitivas e Filosofia da Mente pela Unesp de Mar\u00edlia, o professor afirma que um dos motivos que o incentivaram a ministrar o workshop t\u00e9cnicas avan\u00e7adas de memoriza\u00e7\u00e3o e conscientiza\u00e7\u00e3o foi uma pesquisa realizada com estudantes de Campinas, na qual detectou que 95% dos entrevistados n\u00e3o sabiam estudar.<\/p>\n<p style=\"text-align: justify;\">Renato Alves diz que o que se v\u00ea hoje s\u00e3o estudantes de escolas e universidades que utilizam o \u201cdecoreba\u201d para aprender o conte\u00fado. \u201cO m\u00e9todo \u00e9 v\u00e1lido, o problema \u00e9 que as pessoas est\u00e3o em contato com muitas informa\u00e7\u00f5es.<\/p>\n<p style=\"text-align: justify;\">Al\u00e9m de ter prazo de validade, o decoreba ocupa um espa\u00e7o da mente consciente. Enquanto est\u00e3o decorando, as pessoas n\u00e3o conseguem fazer outras coisas e decorar demora muito tempo\u201d, explica.<\/p>\n<p style=\"text-align: center;\">[inf_infusionsoft_inline optin_id=optin_1]<\/p>\n<p style=\"text-align: justify;\"><strong>Perdas &#8211;<\/strong> Segundo ele, a explica\u00e7\u00e3o para que pessoas de todas as idades busquem aprender e apreender t\u00e9cnicas avan\u00e7adas de memoriza\u00e7\u00e3o e concentra\u00e7\u00e3o \u00e9 porque esquecimentos causam preju\u00edzos.<\/p>\n<p style=\"text-align: justify;\">\u201cQuem nunca se chateou por ter perdido um bem material, por ter esquecido de pagar uma conta que depois foi acrescida de multa, ter ficado de recupera\u00e7\u00e3o na escola e perdido parte das f\u00e9rias? Seja dinheiro ou tempo, falta de mem\u00f3ria sempre causa alguma perda\u201d, explica.<\/p>\n<p style=\"text-align: justify;\">Renato Alves afirma que uma das dicas essenciais para quem quer ter uma boa mem\u00f3ria \u00e9 a organiza\u00e7\u00e3o.<\/p>\n<p style=\"text-align: justify;\">\u201cUma pessoa organizada \u00e9 aquela que sabe onde est\u00e3o as coisas, sabe administrar tempo e dinheiro, sabe a hora de estudar e a hora do lazer, e que consegue criar uma rotina di\u00e1ria para ser uma pessoa de sucesso no futuro, em todos os patamares da vida\u201d<\/p>\n<p style=\"text-align: justify;\">Ressaltando. \u201cO segredo da velocidade da mem\u00f3ria est\u00e1 na forma com que voc\u00ea organiza os conte\u00fados\u201d, acrescenta.<\/p>\n<p style=\"text-align: justify;\">Segundo ele, se engana quem pensa que boa mem\u00f3ria \u00e9 dom, o que define uma boa mem\u00f3ria \u00e9 t\u00e9cnica. \u201cTodo mundo que se especializa acredita que tem uma dificuldade de memoriza\u00e7\u00e3o. Boa mem\u00f3ria ou \u00e9 disfun\u00e7\u00e3o cerebral ou \u00e9 t\u00e9cnica\u201d, afirma.<\/p>\n<p style=\"text-align: justify;\"><strong>Fonte: <\/strong>Maranh\u00e3o Maravilha<\/p>\n<p>N\u00e3o esque\u00e7a de deixar seu coment\u00e1rio aqui abaixo e aproveite para conhecer o meu\u00a0<span class=\"s1\">curso\u00a0<a href=\"https:\/\/memoriablindada.com.br\" target=\"_blank\" rel=\"noopener\">Mem\u00f3ria Blindada<\/a>\u00a0no treinamento eu ensino\u00a0a\u00a0aplica\u00e7\u00e3o pr\u00e1tica da memoriza\u00e7\u00e3o\u00a0no\u00a0dia a dia.<\/span><\/p>\n<p style=\"text-align: justify;\"><span class=\"s1\">Nas\u00a0videoaulas on-line eu explicado de maneira simples e objetiva, todas as estrat\u00e9gias que utilizo para n\u00e3o esquecer de nada. Definitivamente \u00e9 sua hora de ter uma mem\u00f3ria mais jovem, forte e confi\u00e1vel<\/span>:<\/p>\n<p class=\"p1\" style=\"text-align: center;\"><a href=\"https:\/\/renatoalves.com.br\/acrobatas-da-memoria\/\">\u00bb Clique Aqui\u00a0e assista alguns depoimentos de alunos do curso\u00a0\u00ab<\/a><\/p>\n<p class=\"p1\" style=\"text-align: justify;\"><span class=\"s1\">Adquira agora mesmo o curso\u00a0<a href=\"https:\/\/memoriablindada.com.br\/\" target=\"_blank\" rel=\"noopener\">Mem\u00f3ria Blindada<\/a>, <\/span>eu acredito tanto na efici\u00eancia do meu m\u00e9todo que al\u00e9m dos b\u00f4nus eu ainda lhe ofere\u00e7o uma garantia especial.<\/p>\n<p class=\"p1\" style=\"text-align: justify;\">Se em 7 dias, depois de aplicar o m\u00e9todo, voc\u00ea\u00a0 n\u00e3o notar melhoras, eu assumo total responsabilidade e devolverei 100% do seu investimento.\u00a0Dessa forma voc\u00ea n\u00e3o corre nenhum risco. O que voc\u00ea acha?\u00a0<a href=\"https:\/\/memoriablindada.com.br\/\" target=\"_blank\" rel=\"noopener\">Clique aqui e saiba mais sobre o treinamento!<\/a><\/p>\n<p style=\"text-align: justify;\"><em><strong>Renato Alves<\/strong>\u00a0\u00e9 escritor, pesquisador, recordista em memoriza\u00e7\u00e3o e primeiro brasileiro a receber o t\u00edtulo oficial de melhor mem\u00f3ria do Brasil. Autor de um m\u00e9todo patenteado de memoriza\u00e7\u00e3o que ganhou reconhecimento nacional e j\u00e1 est\u00e1 presente em mais de 100 pa\u00edses.<\/em><\/p>\n<p>Quer ter acesso a outras informa\u00e7\u00f5es?\u00a0<a href=\"https:\/\/www.facebook.com\/RenatoAlvesOficial\">Curta e siga a minha fanpage no Facebook<\/a>\u00a0e tamb\u00e9m\u00a0<a href=\"http:\/\/www.youtube.com\/videosmemoria\/videos?sub_confirmation=1\">inscreva-se no meu canal no Youtube.<\/a><\/p>\n<p><a href=\"https:\/\/memoriablindada.com.br\" target=\"_blank\" rel=\"noopener\"><img fetchpriority=\"high\" decoding=\"async\" class=\"alignnone wp-image-2519 size-full\" src=\"\/\/renatoalves.com.br\/blog\/wp-content\/uploads\/2015\/02\/banner_MB.jpg\" alt=\"Curso Mem\u00f3ria Blindada\" width=\"3002\" height=\"353\" srcset=\"https:\/\/renatoalves.com.br\/blog\/wp-content\/uploads\/2015\/02\/banner_MB.jpg 2560w, https:\/\/renatoalves.com.br\/blog\/wp-content\/uploads\/2015\/02\/banner_MB-300x35.jpg 300w, https:\/\/renatoalves.com.br\/blog\/wp-content\/uploads\/2015\/02\/banner_MB-768x90.jpg 768w, https:\/\/renatoalves.com.br\/blog\/wp-content\/uploads\/2015\/02\/banner_MB-1024x120.jpg 1024w\" sizes=\"(max-width: 3002px) 100vw, 3002px\" \/><\/a><\/p>\n","protected":false},"excerpt":{"rendered":"<p>Maranh\u00e3o Maravilha ja est\u00e1 anunciando nosso curso ao publico, trata-se do recordista em memoriza\u00e7\u00e3o Renato Alves, que vem exclusivamente para S\u00e3o Lu\u00eds realizar no dia 26 um Worshop. Veja abaixo a mat\u00e9ria completa: Recordista em memoriza\u00e7\u00e3o Considerado uma das poucas pessoas que falam com propriedade sobre os mecanismos da mem\u00f3ria, o professor Renato Alves esteve [&hellip;]<\/p>\n","protected":false},"author":24,"featured_media":4514,"comment_status":"open","ping_status":"open","sticky":false,"template":"","format":"standard","meta":{"footnotes":""},"categories":[32],"tags":[],"class_list":["post-287","post","type-post","status-publish","format-standard","has-post-thumbnail","hentry","category-namidia"],"_links":{"self":[{"href":"https:\/\/renatoalves.com.br\/blog\/wp-json\/wp\/v2\/posts\/287","targetHints":{"allow":["GET"]}}],"collection":[{"href":"https:\/\/renatoalves.com.br\/blog\/wp-json\/wp\/v2\/posts"}],"about":[{"href":"https:\/\/renatoalves.com.br\/blog\/wp-json\/wp\/v2\/types\/post"}],"author":[{"embeddable":true,"href":"https:\/\/renatoalves.com.br\/blog\/wp-json\/wp\/v2\/users\/24"}],"replies":[{"embeddable":true,"href":"https:\/\/renatoalves.com.br\/blog\/wp-json\/wp\/v2\/comments?post=287"}],"version-history":[{"count":3,"href":"https:\/\/renatoalves.com.br\/blog\/wp-json\/wp\/v2\/posts\/287\/revisions"}],"predecessor-version":[{"id":7670,"href":"https:\/\/renatoalves.com.br\/blog\/wp-json\/wp\/v2\/posts\/287\/revisions\/7670"}],"wp:featuredmedia":[{"embeddable":true,"href":"https:\/\/renatoalves.com.br\/blog\/wp-json\/wp\/v2\/media\/4514"}],"wp:attachment":[{"href":"https:\/\/renatoalves.com.br\/blog\/wp-json\/wp\/v2\/media?parent=287"}],"wp:term":[{"taxonomy":"category","embeddable":true,"href":"https:\/\/renatoalves.com.br\/blog\/wp-json\/wp\/v2\/categories?post=287"},{"taxonomy":"post_tag","embeddable":true,"href":"https:\/\/renatoalves.com.br\/blog\/wp-json\/wp\/v2\/tags?post=287"}],"curies":[{"name":"wp","href":"https:\/\/api.w.org\/{rel}","templated":true}]}}