{"id":2889,"date":"2025-08-22T10:30:00","date_gmt":"2025-08-22T13:30:00","guid":{"rendered":"http:\/\/renatoalves.com.br\/blog\/?p=2889"},"modified":"2025-08-21T08:12:10","modified_gmt":"2025-08-21T11:12:10","slug":"concurso-mapa-2017-cancelado-sera-que-foi-golpe","status":"publish","type":"post","link":"https:\/\/renatoalves.com.br\/blog\/concurso-mapa-2017-cancelado-sera-que-foi-golpe\/","title":{"rendered":"Concurso Mapa cancelado. Ser\u00e1 que tudo foi um golpe ensaiado para privilegiar algum candidato?"},"content":{"rendered":"\n<p>No <strong>Concurso MAPA<\/strong>, voltado ao cargo de <strong>Auditor Fiscal Federal Agropecu\u00e1rio \u2013 M\u00e9dico Veterin\u00e1rio<\/strong>, a <strong>Escola de Administra\u00e7\u00e3o Fazend\u00e1ria (ESAF)<\/strong> cancelou a aplica\u00e7\u00e3o das provas objetivas realizadas devido a um <strong>erro material na impress\u00e3o dos cadernos de prova com gabaritos 3 e 4<\/strong>.<\/p>\n\n\n\n<p>Isso provocou uma revolta imediata dos candidatos: houve relatos de cadernos com p\u00e1ginas trocadas, quest\u00f5es repetidas e at\u00e9 faltando p\u00e1ginas. Em <strong>Teresina<\/strong>, um grupo registrou boletim de ocorr\u00eancia e houve troca improvisada de p\u00e1ginas entre candidatos.<\/p>\n\n\n\n<figure class=\"wp-block-image size-large\"><a href=\"https:\/\/estudomemorizacao.com.br\/\"><img fetchpriority=\"high\" decoding=\"async\" width=\"1024\" height=\"182\" src=\"https:\/\/renatoalves.com.br\/blog\/wp-content\/uploads\/2018\/11\/capa_banner-1024x182.jpg\" alt=\"estudo e memoriza\u00e7\u00e3o para concurso p\u00fablico\" class=\"wp-image-6047\" srcset=\"https:\/\/renatoalves.com.br\/blog\/wp-content\/uploads\/2018\/11\/capa_banner-1024x182.jpg 1024w, https:\/\/renatoalves.com.br\/blog\/wp-content\/uploads\/2018\/11\/capa_banner-300x53.jpg 300w, https:\/\/renatoalves.com.br\/blog\/wp-content\/uploads\/2018\/11\/capa_banner-768x137.jpg 768w, https:\/\/renatoalves.com.br\/blog\/wp-content\/uploads\/2018\/11\/capa_banner-610x109.jpg 610w\" sizes=\"(max-width: 1024px) 100vw, 1024px\" \/><\/a><\/figure>\n\n\n\n<h2 class=\"wp-block-heading\">O que isso representa \u2013 e como reagimos<\/h2>\n\n\n\n<blockquote class=\"wp-block-quote is-layout-flow wp-block-quote-is-layout-flow\">\n<p>\u201cEssa not\u00edcia causou muita indigna\u00e7\u00e3o entre meus alunos [&#8230;] o clima era de revolta e uma sensa\u00e7\u00e3o incr\u00edvel de perda de tempo e falta de respeito\u201d <a href=\"https:\/\/renatoalves.com.br\/blog\/concurso-mapa-2017-cancelado-sera-que-foi-golpe\/?utm_source=chatgpt.com\" target=\"_blank\" rel=\"noreferrer noopener\">renatoalves.com.br<\/a><\/p>\n<\/blockquote>\n\n\n\n<p><strong>A ang\u00fastia dos estudantes:<\/strong> voc\u00eas se prepararam durante meses, visualizando essa prova como a chance da virada. Ver tudo isso ser anulado \u00e9 devastador. Sentir ansiedade, frustra\u00e7\u00e3o, raiva \u00e9 leg\u00edtimo \u2014 e, tamb\u00e9m, inevit\u00e1vel.<\/p>\n\n\n\n<p>Mas a verdadeira prova de car\u00e1ter n\u00e3o \u00e9 evitar a queda, e sim reagir \u00e0 adversidade. E os meus alunos fizeram justamente isso.<\/p>\n\n\n\n<h2 class=\"wp-block-heading\">Transformando lim\u00e3o em limonada: a estrat\u00e9gia que salva<\/h2>\n\n\n\n<blockquote class=\"wp-block-quote is-layout-flow wp-block-quote-is-layout-flow\">\n<p>\u201cPara ele o cancelamento da prova foi uma boa, porque agora ele conseguir\u00e1 fazer um plano de estudo focando melhor nesses assuntos.\u201d <\/p>\n<\/blockquote>\n\n\n\n<p>** O que nossos alunos fizeram \u2014 e voc\u00ea tamb\u00e9m pode fazer:**<\/p>\n\n\n\n<ol class=\"wp-block-list\">\n<li><strong>Reconhecimento do terreno de batalha<\/strong>: muitos, como o S\u00e9rgio, conseguiram escanear mentalmente toda a prova, identificando pontos fracos e oportunidades.<\/li>\n\n\n\n<li><strong>Mem\u00f3ria resistente<\/strong>: quem estudou com m\u00e9todo, memorizou com t\u00e9cnicas espec\u00edficas \u2014 a mem\u00f3ria n\u00e3o some, com exce\u00e7\u00e3o da ansiedade.<\/li>\n\n\n\n<li><strong>Plano de a\u00e7\u00e3o<\/strong>: com a nova data em vista, \u00e9 hora de ajustar o foco \u2014 refor\u00e7ar conte\u00fados fr\u00e1geis, revisar com profundidade e manter a confian\u00e7a.<\/li>\n<\/ol>\n\n\n\n<h2 class=\"wp-block-heading\">Isso pode parecer um golpe? Uma falha? Uma conspira\u00e7\u00e3o?<\/h2>\n\n\n\n<p>\u00c9 natural cultivar d\u00favidas: \u201cSer\u00e1 que algu\u00e9m esqueceu de revisar?\u201d, \u201cFoi um erro gr\u00e1fico&#8230; ou uma manobra para beneficiar algu\u00e9m?\u201d. Esse tipo de especula\u00e7\u00e3o est\u00e1 no imagin\u00e1rio \u2014 mas o fato objetivo \u00e9 este: houve <strong>erro t\u00e9cnico de impress\u00e3o<\/strong>, a <strong>ESAF assumiu<\/strong>, a prova foi oficialmente <strong>anulada e remarcada<\/strong>.<\/p>\n\n\n\n<p>No final, o que importa n\u00e3o s\u00e3o as inten\u00e7\u00f5es ocultas \u2014 mas como voc\u00ea reage: com estrat\u00e9gia ou com desespero?<\/p>\n\n\n\n<h2 class=\"wp-block-heading\">Subt\u00edtulos para escaneabilidade e SEO com varia\u00e7\u00f5es sem\u00e2nticas<\/h2>\n\n\n\n<ul class=\"wp-block-list\">\n<li><strong>&#8220;Erro gr\u00e1fico ou caos planejado? A verdade sobre o cancelamento da prova MAPA&#8221;<\/strong><\/li>\n\n\n\n<li><strong>&#8220;Por que a ESAF anulou as provas e o que isso significa para a sua prepara\u00e7\u00e3o&#8221;<\/strong><\/li>\n\n\n\n<li><strong>&#8220;Preparado para a remarca\u00e7\u00e3o? Como montar seu plano de estudo at\u00e9 17 de dezembro&#8221;<\/strong><\/li>\n\n\n\n<li><strong>&#8220;Mem\u00f3ria, foco e resili\u00eancia: a tr\u00edade para sobreviver ao cancelamento e vencer o concurso&#8221;<\/strong><\/li>\n<\/ul>\n\n\n\n<p>Este <strong>cancelamento<\/strong>, embora profundamente injusto, n\u00e3o apaga o seu esfor\u00e7o. Voc\u00ea n\u00e3o perdeu seus estudos \u2014 apenas ganhou um reheating estrat\u00e9gico.<\/p>\n\n\n\n<p>Voc\u00ea viu o <strong>formato da prova<\/strong>, identificou <strong>o que precisa refor\u00e7ar<\/strong>, e agora tem tempo para calibrar o plano, melhorar seu desempenho e se fortalecer emocionalmente.<\/p>\n\n\n\n<p><strong>Se voc\u00ea constr\u00f3i sua prepara\u00e7\u00e3o com m\u00e9todo, memoriza\u00e7\u00e3o ativa e resili\u00eancia emocional<\/strong>, um contratempo como este vira <em>o combust\u00edvel da virada<\/em>.<\/p>\n\n\n\n<p>Clique agora, acesse o treinamento e transforme essa crise em salto rumo \u00e0 realiza\u00e7\u00e3o desta aprova\u00e7\u00e3o t\u00e3o merecida.<\/p>\n\n\n\n<figure class=\"wp-block-image size-large\"><a href=\"https:\/\/estudomemorizacao.com.br\/\"><img fetchpriority=\"high\" decoding=\"async\" width=\"1024\" height=\"182\" src=\"https:\/\/renatoalves.com.br\/blog\/wp-content\/uploads\/2018\/11\/capa_banner-1024x182.jpg\" alt=\"estudo e memoriza\u00e7\u00e3o para concurso p\u00fablico\" class=\"wp-image-6047\" srcset=\"https:\/\/renatoalves.com.br\/blog\/wp-content\/uploads\/2018\/11\/capa_banner-1024x182.jpg 1024w, https:\/\/renatoalves.com.br\/blog\/wp-content\/uploads\/2018\/11\/capa_banner-300x53.jpg 300w, https:\/\/renatoalves.com.br\/blog\/wp-content\/uploads\/2018\/11\/capa_banner-768x137.jpg 768w, https:\/\/renatoalves.com.br\/blog\/wp-content\/uploads\/2018\/11\/capa_banner-610x109.jpg 610w\" sizes=\"(max-width: 1024px) 100vw, 1024px\" \/><\/a><\/figure>\n\n\n\n<h2 class=\"wp-block-heading\">Perguntas frequentes (FAQ)<\/h2>\n\n\n\n<h3 class=\"wp-block-heading\"><strong>Por que o concurso MAPA foi cancelado?<\/strong><\/h3>\n\n\n\n<h3 class=\"wp-block-heading\"><br>Foi cancelado devido a falhas na impress\u00e3o dos cadernos, com p\u00e1ginas trocadas e quest\u00f5es repetidas.<\/h3>\n\n\n\n<h3 class=\"wp-block-heading\"><strong>Quantos candidatos por vaga?<\/strong><br>Cerca de <strong>63,9 candidatos por vaga<\/strong>, com mais de 19 mil inscritos para 300 vagas.<\/h3>\n\n\n\n<h3 class=\"wp-block-heading\"><strong>O que os alunos devem fazer agora?<\/strong><br>Reavaliar o estudo, focar nos pontos fracos identificados, revisar com profundidade e controlar a ansiedade para manter a performance alta.<\/h3>\n\n\n\n<h3 class=\"wp-block-heading\"><strong>Mem\u00f3ria resiste \u00e0 ansiedade?<\/strong><br>A mem\u00f3ria \u00e9 poderosa \u2014 mas pode falhar sob estresse. T\u00e9cnicas de memoriza\u00e7\u00e3o aliadas ao controle emocional preservam o aprendizado.<\/h3>\n\n\n\n<p><\/p>\n","protected":false},"excerpt":{"rendered":"<p>No Concurso MAPA, voltado ao cargo de Auditor Fiscal Federal Agropecu\u00e1rio \u2013 M\u00e9dico Veterin\u00e1rio, a Escola de Administra\u00e7\u00e3o Fazend\u00e1ria (ESAF) cancelou a aplica\u00e7\u00e3o das provas objetivas realizadas devido a um erro material na impress\u00e3o dos cadernos de prova com gabaritos 3 e 4. Isso provocou uma revolta imediata dos candidatos: houve relatos de cadernos com [&hellip;]<\/p>\n","protected":false},"author":10,"featured_media":2891,"comment_status":"open","ping_status":"open","sticky":false,"template":"","format":"standard","meta":{"footnotes":""},"categories":[32],"tags":[60,65,84,75,260,112,45,86,68,99],"class_list":["post-2889","post","type-post","status-publish","format-standard","has-post-thumbnail","hentry","category-namidia","tag-como-estudar","tag-como-estudar-para-concurso","tag-como-fazer-um-plano-de-estudo","tag-como-passar-em-concurso","tag-concurso-mapa-2017-cancelado","tag-concurso-publico","tag-curso-de-memorizacao","tag-curso-estudo-e-memorizacao","tag-curso-renato-alves","tag-qual-o-melhor-curso-de-memorizacao"],"_links":{"self":[{"href":"https:\/\/renatoalves.com.br\/blog\/wp-json\/wp\/v2\/posts\/2889","targetHints":{"allow":["GET"]}}],"collection":[{"href":"https:\/\/renatoalves.com.br\/blog\/wp-json\/wp\/v2\/posts"}],"about":[{"href":"https:\/\/renatoalves.com.br\/blog\/wp-json\/wp\/v2\/types\/post"}],"author":[{"embeddable":true,"href":"https:\/\/renatoalves.com.br\/blog\/wp-json\/wp\/v2\/users\/10"}],"replies":[{"embeddable":true,"href":"https:\/\/renatoalves.com.br\/blog\/wp-json\/wp\/v2\/comments?post=2889"}],"version-history":[{"count":3,"href":"https:\/\/renatoalves.com.br\/blog\/wp-json\/wp\/v2\/posts\/2889\/revisions"}],"predecessor-version":[{"id":10600,"href":"https:\/\/renatoalves.com.br\/blog\/wp-json\/wp\/v2\/posts\/2889\/revisions\/10600"}],"wp:featuredmedia":[{"embeddable":true,"href":"https:\/\/renatoalves.com.br\/blog\/wp-json\/wp\/v2\/media\/2891"}],"wp:attachment":[{"href":"https:\/\/renatoalves.com.br\/blog\/wp-json\/wp\/v2\/media?parent=2889"}],"wp:term":[{"taxonomy":"category","embeddable":true,"href":"https:\/\/renatoalves.com.br\/blog\/wp-json\/wp\/v2\/categories?post=2889"},{"taxonomy":"post_tag","embeddable":true,"href":"https:\/\/renatoalves.com.br\/blog\/wp-json\/wp\/v2\/tags?post=2889"}],"curies":[{"name":"wp","href":"https:\/\/api.w.org\/{rel}","templated":true}]}}