{"id":31,"date":"2025-04-25T08:18:51","date_gmt":"2025-04-25T11:18:51","guid":{"rendered":"http:\/\/www.renatoalves.com.br\/blog\/?p=31"},"modified":"2025-04-25T08:18:53","modified_gmt":"2025-04-25T11:18:53","slug":"cuidado-com-as-memorias-artificiais","status":"publish","type":"post","link":"https:\/\/renatoalves.com.br\/blog\/cuidado-com-as-memorias-artificiais\/","title":{"rendered":"Evite a armadilha das mem\u00f3rias artificiais: fortale\u00e7a sua mente naturalmente"},"content":{"rendered":"\n<p>Vivemos na <strong>era da conveni\u00eancia digital<\/strong>. A cada toque na tela, encontramos respostas, agendamentos, lembretes e instru\u00e7\u00f5es. E embora essa facilidade aparente pare\u00e7a ben\u00e9fica, esconde um risco silencioso: <strong>o enfraquecimento progressivo da mem\u00f3ria natural<\/strong>.<\/p>\n\n\n\n<p>Ao longo de mais de duas d\u00e9cadas dedicadas ao estudo da mem\u00f3ria e da performance mental, acompanhei de perto essa transforma\u00e7\u00e3o. Percebo, com certa preocupa\u00e7\u00e3o, como a depend\u00eancia excessiva de dispositivos eletr\u00f4nicos tem gerado o que chamo de <strong>&#8220;mem\u00f3rias artificiais&#8221;<\/strong>.<\/p>\n\n\n\n<h2 class=\"wp-block-heading\"><strong>O que s\u00e3o mem\u00f3rias artificiais?<\/strong><\/h2>\n\n\n\n<p>S\u00e3o registros mentais que, ao inv\u00e9s de serem consolidados pelo c\u00e9rebro, s\u00e3o <strong>terceirizados para a tecnologia<\/strong>. N\u00fameros de telefone, anivers\u00e1rios, compromissos importantes \u2013 informa\u00e7\u00f5es que antes decor\u00e1vamos, hoje ficam armazenadas em celulares e aplicativos.<\/p>\n\n\n\n<p>Essa terceiriza\u00e7\u00e3o da mem\u00f3ria promove um efeito colateral perigoso: <strong>a <\/strong><a href=\"https:\/\/renatoalves.com.br\/blog\/como-acabar-com-a-preguica-mental-confira\/\"><strong>pregui\u00e7a mental<\/strong><\/a>. O c\u00e9rebro, assim como os m\u00fasculos, precisa ser estimulado para se manter ativo e saud\u00e1vel. Quando deixamos de exercit\u00e1-lo, ele enfraquece.<\/p>\n\n\n\n<h3 class=\"wp-block-heading\"><strong>Um caso real que revela o problema<\/strong><\/h3>\n\n\n\n<p>Lembro-me de um aluno que chegou a mim angustiado. Havia esquecido o pr\u00f3prio endere\u00e7o durante uma liga\u00e7\u00e3o. A causa? <strong>Depend\u00eancia total de GPS<\/strong>. Situa\u00e7\u00f5es assim s\u00e3o mais comuns do que imaginamos. Estamos nos tornando cada vez mais dependentes da <strong><a href=\"https:\/\/renatoalves.com.br\/blog\/tenha-uma-boa-memoria-aos-40-anos\/\" target=\"_blank\" rel=\"noreferrer noopener\">mem\u00f3ria externa<\/a><\/strong>, e menos confiantes em nossa pr\u00f3pria capacidade de lembrar.<\/p>\n\n\n\n<figure class=\"wp-block-embed is-type-rich is-provider-incorporar-manipulador wp-block-embed-incorporar-manipulador wp-embed-aspect-16-9 wp-has-aspect-ratio\"><div class=\"wp-block-embed__wrapper\">\n<iframe title=\"Ningu\u00e9m Te Contou Isso Sobre Lapsos de Mem\u00f3ria\" width=\"800\" height=\"450\" src=\"https:\/\/www.youtube.com\/embed\/k3ZixMNz4DA?feature=oembed\" frameborder=\"0\" allow=\"accelerometer; autoplay; clipboard-write; encrypted-media; gyroscope; picture-in-picture; web-share\" referrerpolicy=\"strict-origin-when-cross-origin\" allowfullscreen><\/iframe>\n<\/div><\/figure>\n\n\n\n<h2 class=\"wp-block-heading\"><strong>Como resgatar a autonomia mental?<\/strong><\/h2>\n\n\n\n<p>Primeiramente, \u00e9 preciso reconhecer que a tecnologia \u00e9 uma aliada poderosa, <strong>mas n\u00e3o deve substituir a fun\u00e7\u00e3o da mem\u00f3ria<\/strong>. Em meus treinamentos, ensino t\u00e9cnicas que fortalecem a mem\u00f3ria natural.<\/p>\n\n\n\n<h3 class=\"wp-block-heading\"><strong>T\u00e9cnicas pr\u00e1ticas para fortalecer a mem\u00f3ria<\/strong><\/h3>\n\n\n\n<p>Uma das mais eficazes \u00e9 o <strong>exerc\u00edcio da evoca\u00e7\u00e3o<\/strong>: antes de consultar o celular, tente lembrar a informa\u00e7\u00e3o por conta pr\u00f3pria. Isso estimula conex\u00f5es neurais importantes.<\/p>\n\n\n\n<p>Outro ponto crucial \u00e9 a <strong>aten\u00e7\u00e3o plena<\/strong>. Vivemos bombardeados por est\u00edmulos. Cada notifica\u00e7\u00e3o que interrompe nosso racioc\u00ednio <strong>fragmenta o processo de <a href=\"https:\/\/renatoalves.com.br\/\" target=\"_blank\" rel=\"noreferrer noopener\">memoriza\u00e7\u00e3o<\/a><\/strong>. Criar momentos de foco, sem interrup\u00e7\u00f5es, \u00e9 um investimento na sa\u00fade cognitiva.<\/p>\n\n\n\n<p>Tamb\u00e9m incentivo o uso de <strong>mapas mentais<\/strong>, <strong>associa\u00e7\u00f5es criativas<\/strong> e <strong>t\u00e9cnicas mnem\u00f4nicas<\/strong>. Essas estrat\u00e9gias ajudam a organizar e consolidar informa\u00e7\u00f5es de forma eficiente, acessando o potencial natural da mente.<\/p>\n\n\n\n<h2 class=\"wp-block-heading\"><strong>A mem\u00f3ria \u00e9 trein\u00e1vel<\/strong><\/h2>\n\n\n\n<p>A boa not\u00edcia \u00e9 que a<a href=\"https:\/\/renatoalves.com.br\/blog\/7-dicas-para-treinar-a-memorizacao\/\" target=\"_blank\" rel=\"noreferrer noopener\"> mem\u00f3ria \u00e9 trein\u00e1vel<\/a>. Mesmo adultos que j\u00e1 se consideram esquecidos podem <strong>reverter esse quadro<\/strong>. O segredo est\u00e1 na <strong>const\u00e2ncia e na aplica\u00e7\u00e3o correta de m\u00e9todos validados<\/strong>.<\/p>\n\n\n\n<p>\u00c9 essencial compreender que terceirizar tudo para a tecnologia gera um pre\u00e7o: <strong>a perda da autoconfian\u00e7a, da agilidade mental e da independ\u00eancia intelectual<\/strong>. N\u00e3o se trata de demonizar os recursos digitais, mas de <strong>encontrar um equil\u00edbrio inteligente<\/strong>.<\/p>\n\n\n\n<h2 class=\"wp-block-heading\"><strong>Reflex\u00e3o necess\u00e1ria<\/strong><\/h2>\n\n\n\n<p><strong>Reflita:<\/strong> o que voc\u00ea tem deixado de memorizar? Quantas informa\u00e7\u00f5es importantes est\u00e3o presas em dispositivos que podem falhar?<\/p>\n\n\n\n<p><strong>Voltar a confiar em sua mente \u00e9 mais do que um exerc\u00edcio de mem\u00f3ria \u2013 \u00e9 um ato de autonomia.<\/strong> E essa autonomia \u00e9 conquistada com pr\u00e1tica, consci\u00eancia e escolha.<\/p>\n\n\n\n<p>Se voc\u00ea deseja dar os primeiros passos rumo a uma mente mais forte, recomendo come\u00e7ar por este artigo: <a href=\"https:\/\/renatoalves.com.br\/blog\/10-dicas-para-evitar-esquecimentos\/\" target=\"_blank\" rel=\"noreferrer noopener\">10 Dicas quentes para evitar esquecimentos<\/a>. E se ainda sente que a pregui\u00e7a mental est\u00e1 dominando, veja tamb\u00e9m: <a href=\"https:\/\/renatoalves.com.br\/blog\/exercicios-vencer-preguica-mental\/\" target=\"_blank\" rel=\"noreferrer noopener\">Pregui\u00e7a mental | Exerc\u00edcios para venc\u00ea-la e ter um c\u00e9rebro forte<\/a>.<\/p>\n\n\n\n<p>Se voc\u00ea se preocupa com seu bem-estar e as situa\u00e7\u00f5es acima refletem a sua realidade, aconselho voc\u00ea a cuidar melhor da sua sa\u00fade, da sua mente:<\/p>\n\n\n\n<p>Gostaria de lhe indicar um curso cujo objetivo n\u00e3o se limita apenas a acabar com esses problemas da mem\u00f3ria, mas tamb\u00e9m melhorar a sua qualidade de vida atrav\u00e9s da memoriza\u00e7\u00e3o pr\u00e1tica, ou seja a memoriza\u00e7\u00e3o para atividades di\u00e1rias.<\/p>\n\n\n\n<p>Voc\u00ea encontrar\u00e1 no meu<a href=\"https:\/\/memoriablindada.com.br?utm_source=Blog&amp;utm_medium=pv-cmb&amp;utm_campaign=CMB&amp;utm_content=cuidado-com-as-memorias-artificiais\" target=\"_blank\" rel=\"noreferrer noopener\"> <\/a><strong><a href=\"https:\/\/memoriablindada.com.br?utm_source=Blog&amp;utm_medium=pv-cmb&amp;utm_campaign=CMB&amp;utm_content=cuidado-com-as-memorias-artificiais\" target=\"_blank\" rel=\"noreferrer noopener\">curso Mem\u00f3ria Blindada<\/a> <\/strong>um m\u00e9todo detalhado de aplica\u00e7\u00e3o pr\u00e1tica da memoriza\u00e7\u00e3o para o dia a dia, tudo explicado de maneira simples e objetiva em videoaulas on-line.<\/p>\n\n\n\n<p>Por ser on-line, voc\u00ea poder\u00e1 assistir as aulas onde quiser, no celular, tablet, computador ou smart TV. Tudo muito bem elaborado para que voc\u00ea tenha acesso a todas as estrat\u00e9gias que utilizo para n\u00e3o esquecer de nada.<\/p>\n\n\n\n<p>Como incentivo por acreditar tanto na efici\u00eancia do meu m\u00e9todo, al\u00e9m dos b\u00f4nus eu ainda lhe ofere\u00e7o uma garantia especial:<\/p>\n\n\n\n<p class=\"has-text-align-center\"><a href=\"https:\/\/renatoalves.com.br\/acrobatas-da-memoria\/\"><strong>\u00bb Clique Aqui e assista alguns depoimentos de alunos do curso \u00ab<\/strong><\/a><\/p>\n\n\n\n<p>Se em 7 dias, depois de aplicar o m\u00e9todo, voc\u00ea\u00a0 n\u00e3o notar melhoras, eu assumo total responsabilidade e devolverei 100% do seu investimento. Risco zero. O que voc\u00ea acha?<a href=\"https:\/\/memoriablindada.com.br?utm_source=Blog&amp;utm_medium=pv-cmb&amp;utm_campaign=CMB&amp;utm_content=cuidado-com-as-memorias-artificiais\" target=\"_blank\" rel=\"noreferrer noopener\"> Clique aqui e comece agora mesmo!<\/a><\/p>\n\n\n\n<p><strong>Lembre-se: sua mente \u00e9 seu bem mais precioso. Cuide dela como tal.<\/strong><\/p>\n\n\n\n<h2 class=\"wp-block-heading\"><strong>Perguntas frequentes (FAQ)<\/strong><\/h2>\n\n\n\n<h3 class=\"wp-block-heading\"><strong>O que s\u00e3o mem\u00f3rias artificiais?<\/strong><\/h3>\n\n\n\n<p>S\u00e3o informa\u00e7\u00f5es que deixamos de memorizar porque est\u00e3o armazenadas em dispositivos eletr\u00f4nicos, como celulares e aplicativos.<\/p>\n\n\n\n<h3 class=\"wp-block-heading\"><strong>A tecnologia prejudica a mem\u00f3ria?<\/strong><\/h3>\n\n\n\n<p>Se usada de forma excessiva e sem consci\u00eancia, sim. A depend\u00eancia tecnol\u00f3gica pode enfraquecer a mem\u00f3ria natural.<\/p>\n\n\n\n<h3 class=\"wp-block-heading\"><strong>Como posso fortalecer minha mem\u00f3ria natural?<\/strong><\/h3>\n\n\n\n<p>Com t\u00e9cnicas de memoriza\u00e7\u00e3o, aten\u00e7\u00e3o plena e exerc\u00edcios de evoca\u00e7\u00e3o. A pr\u00e1tica constante \u00e9 essencial.<\/p>\n\n\n\n<h3 class=\"wp-block-heading\"><strong>\u00c9 poss\u00edvel recuperar a mem\u00f3ria enfraquecida?<\/strong><\/h3>\n\n\n\n<p>Sim. A mem\u00f3ria \u00e9 trein\u00e1vel e pode ser revitalizada com m\u00e9todos corretos e consist\u00eancia.<\/p>\n\n\n\n<h3 class=\"wp-block-heading\"><strong>Qual o primeiro passo para melhorar a mem\u00f3ria?<\/strong><\/h3>\n\n\n\n<p>Reconhecer a import\u00e2ncia da autonomia mental e come\u00e7ar a praticar estrat\u00e9gias simples no dia a dia, como tentar lembrar antes de buscar no celular.<\/p>\n\n\n\n<h2 class=\"wp-block-heading\"><strong>DICA B\u00d4NUS:&nbsp;<\/strong><\/h2>\n\n\n\n<p>Quer ter acesso a outras informa\u00e7\u00f5es? <a href=\"https:\/\/www.facebook.com\/RenatoAlvesOficial\" target=\"_blank\" rel=\"noreferrer noopener\">Curta e siga a minha fanpage no Facebook<\/a> e tamb\u00e9m <a href=\"https:\/\/www.youtube.com\/c\/RenatoAlvesMemoriza%C3%A7%C3%A3o\" target=\"_blank\" rel=\"noreferrer noopener\">inscreva-se no meu canal no Youtube.<\/a><\/p>\n\n\n\n<p><\/p>\n\n\n\n<figure class=\"wp-block-image aligncenter\"><a href=\"https:\/\/memoriablindada.com.br?utm_source=Blog&amp;utm_medium=pv-cmb&amp;utm_campaign=CMB&amp;utm_content=cuidado-com-as-memorias-artificiais\" target=\"_blank\" rel=\"noopener noreferrer\"><img fetchpriority=\"high\" decoding=\"async\" width=\"2560\" height=\"301\" src=\"\/\/renatoalves.com.br\/blog\/wp-content\/uploads\/2015\/02\/banner_MB.jpg\" alt=\"Curso Mem\u00f3ria Blindada\" class=\"wp-image-2519\" srcset=\"https:\/\/renatoalves.com.br\/blog\/wp-content\/uploads\/2015\/02\/banner_MB.jpg 2560w, https:\/\/renatoalves.com.br\/blog\/wp-content\/uploads\/2015\/02\/banner_MB-300x35.jpg 300w, https:\/\/renatoalves.com.br\/blog\/wp-content\/uploads\/2015\/02\/banner_MB-768x90.jpg 768w, https:\/\/renatoalves.com.br\/blog\/wp-content\/uploads\/2015\/02\/banner_MB-1024x120.jpg 1024w\" sizes=\"(max-width: 2560px) 100vw, 2560px\" \/><\/a><\/figure>\n\n\n\n<p><\/p>\n","protected":false},"excerpt":{"rendered":"<p>Vivemos na era da conveni\u00eancia digital. A cada toque na tela, encontramos respostas, agendamentos, lembretes e instru\u00e7\u00f5es. E embora essa facilidade aparente pare\u00e7a ben\u00e9fica, esconde um risco silencioso: o enfraquecimento progressivo da mem\u00f3ria natural. Ao longo de mais de duas d\u00e9cadas dedicadas ao estudo da mem\u00f3ria e da performance mental, acompanhei de perto essa transforma\u00e7\u00e3o. [&hellip;]<\/p>\n","protected":false},"author":24,"featured_media":2169,"comment_status":"open","ping_status":"open","sticky":false,"template":"","format":"standard","meta":{"footnotes":""},"categories":[264],"tags":[41,145,56,44,46,212,98,97,67,88,186,74],"class_list":["post-31","post","type-post","status-publish","format-standard","has-post-thumbnail","hentry","category-saude-e-qualidade-de-vida","tag-alzheimer","tag-boa-memoria","tag-branco-na-memoria","tag-concentracao","tag-curso-de-memorizacao-online","tag-curso-memoria-blindada","tag-curso-online-renato-alves","tag-cursos-para-a-memoria","tag-dicas-de-memorizacao","tag-dicas-memoria","tag-memorias-artificiais","tag-metodo-renato-alves"],"_links":{"self":[{"href":"https:\/\/renatoalves.com.br\/blog\/wp-json\/wp\/v2\/posts\/31","targetHints":{"allow":["GET"]}}],"collection":[{"href":"https:\/\/renatoalves.com.br\/blog\/wp-json\/wp\/v2\/posts"}],"about":[{"href":"https:\/\/renatoalves.com.br\/blog\/wp-json\/wp\/v2\/types\/post"}],"author":[{"embeddable":true,"href":"https:\/\/renatoalves.com.br\/blog\/wp-json\/wp\/v2\/users\/24"}],"replies":[{"embeddable":true,"href":"https:\/\/renatoalves.com.br\/blog\/wp-json\/wp\/v2\/comments?post=31"}],"version-history":[{"count":5,"href":"https:\/\/renatoalves.com.br\/blog\/wp-json\/wp\/v2\/posts\/31\/revisions"}],"predecessor-version":[{"id":10005,"href":"https:\/\/renatoalves.com.br\/blog\/wp-json\/wp\/v2\/posts\/31\/revisions\/10005"}],"wp:featuredmedia":[{"embeddable":true,"href":"https:\/\/renatoalves.com.br\/blog\/wp-json\/wp\/v2\/media\/2169"}],"wp:attachment":[{"href":"https:\/\/renatoalves.com.br\/blog\/wp-json\/wp\/v2\/media?parent=31"}],"wp:term":[{"taxonomy":"category","embeddable":true,"href":"https:\/\/renatoalves.com.br\/blog\/wp-json\/wp\/v2\/categories?post=31"},{"taxonomy":"post_tag","embeddable":true,"href":"https:\/\/renatoalves.com.br\/blog\/wp-json\/wp\/v2\/tags?post=31"}],"curies":[{"name":"wp","href":"https:\/\/api.w.org\/{rel}","templated":true}]}}