{"id":3286,"date":"2025-08-21T08:35:00","date_gmt":"2025-08-21T11:35:00","guid":{"rendered":"http:\/\/renatoalves.com.br\/blog\/?p=3286"},"modified":"2025-08-20T08:43:59","modified_gmt":"2025-08-20T11:43:59","slug":"pirataria-sera-que-vale-tudo-por-uma-aprovacao","status":"publish","type":"post","link":"https:\/\/renatoalves.com.br\/blog\/pirataria-sera-que-vale-tudo-por-uma-aprovacao\/","title":{"rendered":"Pirataria: Ser\u00e1 que vale tudo por uma aprova\u00e7\u00e3o em concurso ou vestibular?"},"content":{"rendered":"\n<p>Sou Renato Alves, e, com mais de 20 anos dedicados \u00e0 educa\u00e7\u00e3o e ao desenvolvimento de mnem\u00f4nica, afirmo com convic\u00e7\u00e3o: a pirataria educacional n\u00e3o \u00e9 mero \u201catalho\u201d, mas sim um caminho que compromete o futuro do Brasil. Mais do que isso, perpetua uma cultura de vantagem desleal que amea\u00e7a a forma\u00e7\u00e3o de<a href=\"https:\/\/memoriablindada.com.br\/\" target=\"_blank\" rel=\"noreferrer noopener\"> profissionais \u00edntegros <\/a>\u2014 m\u00e9dicos, advogados, engenheiros \u2014 e, em \u00faltima an\u00e1lise, nossa sociedade.<\/p>\n\n\n\n<figure class=\"wp-block-image size-large\"><a href=\"https:\/\/memoriablindada.com.br\/\"><img fetchpriority=\"high\" decoding=\"async\" width=\"1024\" height=\"120\" src=\"https:\/\/renatoalves.com.br\/blog\/wp-content\/uploads\/2014\/09\/MEMORIA-BLINDADA-BANNER-BLOG-RENATO-ALVES-1024x120.png\" alt=\"banner mem\u00f3ria blindada\" class=\"wp-image-10107\" srcset=\"https:\/\/renatoalves.com.br\/blog\/wp-content\/uploads\/2014\/09\/MEMORIA-BLINDADA-BANNER-BLOG-RENATO-ALVES-1024x120.png 1024w, https:\/\/renatoalves.com.br\/blog\/wp-content\/uploads\/2014\/09\/MEMORIA-BLINDADA-BANNER-BLOG-RENATO-ALVES-300x35.png 300w, https:\/\/renatoalves.com.br\/blog\/wp-content\/uploads\/2014\/09\/MEMORIA-BLINDADA-BANNER-BLOG-RENATO-ALVES-768x90.png 768w, https:\/\/renatoalves.com.br\/blog\/wp-content\/uploads\/2014\/09\/MEMORIA-BLINDADA-BANNER-BLOG-RENATO-ALVES-1536x181.png 1536w, https:\/\/renatoalves.com.br\/blog\/wp-content\/uploads\/2014\/09\/MEMORIA-BLINDADA-BANNER-BLOG-RENATO-ALVES.png 1700w\" sizes=\"(max-width: 1024px) 100vw, 1024px\" \/><\/a><\/figure>\n\n\n\n<h2 class=\"wp-block-heading\">Pirataria e \u201cjeitinho brasileiro\u201d: uma cultura prejudicial<\/h2>\n\n\n\n<p>A nossa express\u00e3o popular \u201cjeitinho brasileiro\u201d costuma ser romantizada. Mas quando recai sobre fraudes educacionais \u2014 pirataria de conte\u00fado, esquemas em cursinhos online, intermedi\u00e1rios ilegais em provas \u2014 torna-se um exemplo perverso que contamina o car\u00e1ter dos alunos e mina a credibilidade do ensino. O que estamos ensinando aos nossos jovens quando transformamos o desvio numa norma?<\/p>\n\n\n\n<h2 class=\"wp-block-heading\">O peso moral e social da pirataria nos estudos<\/h2>\n\n\n\n<p>Formar profissionais por meios il\u00edcitos \u00e9 criar riscos reais: o advogado despreparado pode ferir a justi\u00e7a, o m\u00e9dico pode comprometer vidas, o engenheiro pode ceder \u00e0 neglig\u00eancia \u2014 e vidas ser\u00e3o colocadas em jogo. Mais do que conte\u00fado, a educa\u00e7\u00e3o precisa transmitir valores: integridade, responsabilidade, respeito. Esses princ\u00edpios devem nascer em casa e serem refor\u00e7ados pelos educadores e pelas institui\u00e7\u00f5es \u2014 n\u00e3o apenas pelo governo.<\/p>\n\n\n\n<h2 class=\"wp-block-heading\">O caso de Curitiba: uma quadrilha, a pol\u00edcia e a urg\u00eancia do combate<\/h2>\n\n\n\n<p>Em Curitiba\u2011PR, a opera\u00e7\u00e3o <strong>Capit\u00e3o\u202fGancho\u202f3D<\/strong>, conduzida pela Delegacia de Crimes Contra a Economia e Prote\u00e7\u00e3o ao Consumidor (DELCON), prendeu quatro pessoas envolvidas em uma rede de venda de cursos e materiais piratas \u2014 ap\u00f3s seis meses de investiga\u00e7\u00f5es iniciadas por uma den\u00fancia de institui\u00e7\u00e3o educacional. A a\u00e7\u00e3o \u00e9 um exemplo concreto de que o Estado e a sociedade podem \u2014 e devem \u2014 reagir contra essas pr\u00e1ticas criminosas.<\/p>\n\n\n\n<h2 class=\"wp-block-heading\">O contra\u2011ataque leg\u00edtimo: educa\u00e7\u00e3o refor\u00e7ada pela legalidade<\/h2>\n\n\n\n<p>Nossa resposta deve ser firme e estrat\u00e9gica: usar as mesmas ferramentas tecnol\u00f3gicas, mas para promover o conhecimento verdadeiro, \u00e9tico e acess\u00edvel. Devemos refor\u00e7ar a confian\u00e7a do aluno na educa\u00e7\u00e3o leg\u00edtima. JOVEM, n\u00e3o se iluda por atalhos: valorize seu esfor\u00e7o, honre quem te ensinou e <a href=\"https:\/\/renatoalves.com.br\/blog\/como-conciliar-trabalho-e-estudo\/\" target=\"_blank\" rel=\"noreferrer noopener\">construa seu sucesso com m\u00e9rito.<\/a> A vit\u00f3ria \u00e9 ainda mais significativa quando conquistada com sua pr\u00f3pria dedica\u00e7\u00e3o.<\/p>\n\n\n\n<p>Estude com afinco, ber\u00e7o de sa\u00fade e da<a href=\"https:\/\/renatoalves.com.br\/blog\/voce-sabe-que-conhecimento-e-poder\/\" target=\"_blank\" rel=\"noreferrer noopener\"> mem\u00f3ria robusta. <\/a>Leia, reflita, mantenha o foco. O caminho honesto n\u00e3o \u00e9 f\u00e1cil \u2014 mas compensa. Ser bem\u2011sucedido, ap\u00f3s labor consciente, faz toda a diferen\u00e7a. Para mim, como educador e mnem\u00f4nico, nada supera a alegria de ver algu\u00e9m vitorioso por inteiro \u2014 de corpo, mente e \u00e9tica.<\/p>\n\n\n\n<figure class=\"wp-block-image size-large\"><a href=\"https:\/\/memoriablindada.com.br\/\"><img fetchpriority=\"high\" decoding=\"async\" width=\"1024\" height=\"120\" src=\"https:\/\/renatoalves.com.br\/blog\/wp-content\/uploads\/2014\/09\/MEMORIA-BLINDADA-BANNER-BLOG-RENATO-ALVES-1024x120.png\" alt=\"banner mem\u00f3ria blindada\" class=\"wp-image-10107\" srcset=\"https:\/\/renatoalves.com.br\/blog\/wp-content\/uploads\/2014\/09\/MEMORIA-BLINDADA-BANNER-BLOG-RENATO-ALVES-1024x120.png 1024w, https:\/\/renatoalves.com.br\/blog\/wp-content\/uploads\/2014\/09\/MEMORIA-BLINDADA-BANNER-BLOG-RENATO-ALVES-300x35.png 300w, https:\/\/renatoalves.com.br\/blog\/wp-content\/uploads\/2014\/09\/MEMORIA-BLINDADA-BANNER-BLOG-RENATO-ALVES-768x90.png 768w, https:\/\/renatoalves.com.br\/blog\/wp-content\/uploads\/2014\/09\/MEMORIA-BLINDADA-BANNER-BLOG-RENATO-ALVES-1536x181.png 1536w, https:\/\/renatoalves.com.br\/blog\/wp-content\/uploads\/2014\/09\/MEMORIA-BLINDADA-BANNER-BLOG-RENATO-ALVES.png 1700w\" sizes=\"(max-width: 1024px) 100vw, 1024px\" \/><\/a><\/figure>\n\n\n\n<h2 class=\"wp-block-heading\">Perguntas Frequentes (FAQ)<\/h2>\n\n\n\n<h3 class=\"wp-block-heading\"><strong>Quais s\u00e3o os principais riscos da pirataria na educa\u00e7\u00e3o?<\/strong><\/h3>\n\n\n\n<p>A pirataria mina a forma\u00e7\u00e3o \u00e9tica, prejudica alunos e profissionais fi\u00e9is, e coloca em risco vidas em setores como sa\u00fade, direito e engenharia.<\/p>\n\n\n\n<h3 class=\"wp-block-heading\"><strong>O que foi a opera\u00e7\u00e3o Capit\u00e3o Gancho\u202f3D?<\/strong><\/h3>\n\n\n\n<p>Foi uma opera\u00e7\u00e3o policial em Curitiba\u2011PR, da DELCON da Pol\u00edcia Civil, que prendeu quatro pessoas por comercializarem materiais educacionais pirateados, ap\u00f3s seis meses de investiga\u00e7\u00e3o.<\/p>\n\n\n\n<h3 class=\"wp-block-heading\"><strong>Como combater a cultura do \u201cjeitinho\u201d na educa\u00e7\u00e3o?<\/strong><\/h3>\n\n\n\n<p>Educa\u00e7\u00e3o rica come\u00e7a em casa e deve valorizar car\u00e1ter, integridade e respeito. Combater o \u201cjeitinho\u201d exige exemplo, den\u00fancia de pr\u00e1ticas il\u00edcitas e investimento em ensino \u00e9tico.<\/p>\n\n\n\n<h3 class=\"wp-block-heading\"><strong>Por que \u00e9 importante vencer com m\u00e9rito na carreira?<\/strong><\/h3>\n\n\n\n<p>Ven\u2011cer com seus pr\u00f3prios m\u00e9ritos fortalece a confian\u00e7a, garante compet\u00eancia real, e constr\u00f3i reputa\u00e7\u00e3o. Profissionais formados com desonestidade podem causar graves danos \u00e0 sociedade.<\/p>\n\n\n\n<h3 class=\"wp-block-heading\"><strong>Como posso ajudar nesse combate \u00e0 pirataria educacional?<\/strong><\/h3>\n\n\n\n<p>Denunciando suspeitas, incentivando o uso de materiais oficiais, valorizando conte\u00fado leg\u00edtimo e transmitindo aos jovens a import\u00e2ncia da \u00e9tica e do estudo dedicado.<\/p>\n\n\n\n<h2 class=\"wp-block-heading\">Veja tamb\u00e9m:<\/h2>\n\n\n\n<figure class=\"wp-block-embed is-type-rich is-provider-incorporar-manipulador wp-block-embed-incorporar-manipulador wp-embed-aspect-16-9 wp-has-aspect-ratio\"><div class=\"wp-block-embed__wrapper\">\n<iframe title=\"Sua Mente Est\u00e1 Fraca? Aprenda Como Fortalecer e Blindar\" width=\"800\" height=\"450\" src=\"https:\/\/www.youtube.com\/embed\/e2tQwGnpJ5A?feature=oembed\" frameborder=\"0\" allow=\"accelerometer; autoplay; clipboard-write; encrypted-media; gyroscope; picture-in-picture; web-share\" referrerpolicy=\"strict-origin-when-cross-origin\" allowfullscreen><\/iframe>\n<\/div><\/figure>\n\n\n\n<p><\/p>\n","protected":false},"excerpt":{"rendered":"<p>Sou Renato Alves, e, com mais de 20 anos dedicados \u00e0 educa\u00e7\u00e3o e ao desenvolvimento de mnem\u00f4nica, afirmo com convic\u00e7\u00e3o: a pirataria educacional n\u00e3o \u00e9 mero \u201catalho\u201d, mas sim um caminho que compromete o futuro do Brasil. Mais do que isso, perpetua uma cultura de vantagem desleal que amea\u00e7a a forma\u00e7\u00e3o de profissionais \u00edntegros \u2014 [&hellip;]<\/p>\n","protected":false},"author":10,"featured_media":3289,"comment_status":"open","ping_status":"open","sticky":false,"template":"","format":"standard","meta":{"footnotes":""},"categories":[262,32],"tags":[65,84,75,86,268,81],"class_list":["post-3286","post","type-post","status-publish","format-standard","has-post-thumbnail","hentry","category-estudo-e-desenvolvimento","category-namidia","tag-como-estudar-para-concurso","tag-como-fazer-um-plano-de-estudo","tag-como-passar-em-concurso","tag-curso-estudo-e-memorizacao","tag-pirataria","tag-vestibular"],"_links":{"self":[{"href":"https:\/\/renatoalves.com.br\/blog\/wp-json\/wp\/v2\/posts\/3286","targetHints":{"allow":["GET"]}}],"collection":[{"href":"https:\/\/renatoalves.com.br\/blog\/wp-json\/wp\/v2\/posts"}],"about":[{"href":"https:\/\/renatoalves.com.br\/blog\/wp-json\/wp\/v2\/types\/post"}],"author":[{"embeddable":true,"href":"https:\/\/renatoalves.com.br\/blog\/wp-json\/wp\/v2\/users\/10"}],"replies":[{"embeddable":true,"href":"https:\/\/renatoalves.com.br\/blog\/wp-json\/wp\/v2\/comments?post=3286"}],"version-history":[{"count":2,"href":"https:\/\/renatoalves.com.br\/blog\/wp-json\/wp\/v2\/posts\/3286\/revisions"}],"predecessor-version":[{"id":10585,"href":"https:\/\/renatoalves.com.br\/blog\/wp-json\/wp\/v2\/posts\/3286\/revisions\/10585"}],"wp:featuredmedia":[{"embeddable":true,"href":"https:\/\/renatoalves.com.br\/blog\/wp-json\/wp\/v2\/media\/3289"}],"wp:attachment":[{"href":"https:\/\/renatoalves.com.br\/blog\/wp-json\/wp\/v2\/media?parent=3286"}],"wp:term":[{"taxonomy":"category","embeddable":true,"href":"https:\/\/renatoalves.com.br\/blog\/wp-json\/wp\/v2\/categories?post=3286"},{"taxonomy":"post_tag","embeddable":true,"href":"https:\/\/renatoalves.com.br\/blog\/wp-json\/wp\/v2\/tags?post=3286"}],"curies":[{"name":"wp","href":"https:\/\/api.w.org\/{rel}","templated":true}]}}