{"id":3426,"date":"2025-08-21T19:55:00","date_gmt":"2025-08-21T22:55:00","guid":{"rendered":"http:\/\/renatoalves.com.br\/blog\/?p=3426"},"modified":"2025-08-20T07:26:10","modified_gmt":"2025-08-20T10:26:10","slug":"historia-de-final-de-ano","status":"publish","type":"post","link":"https:\/\/renatoalves.com.br\/blog\/historia-de-final-de-ano\/","title":{"rendered":"Reflex\u00e3o: O que eu penso sobre essa hist\u00f3ria de final de ano"},"content":{"rendered":"\n<p>Chegou o fim do ano\u2026 e com ele, vem aquele velho sentimento de reflex\u00e3o, balan\u00e7o e<a href=\"https:\/\/memoriablindada.com.br\/\" target=\"_blank\" rel=\"noreferrer noopener\"> desejo de mudan\u00e7a<\/a>. Mas ser\u00e1 que \u00e9 s\u00f3 mais uma hist\u00f3ria de final de ano? Aqui vai um novo olhar: e se, em vez de apenas virar a p\u00e1gina, voc\u00ea trocasse de livro?<\/p>\n\n\n\n<figure class=\"wp-block-image size-large\"><a href=\"https:\/\/memoriablindada.com.br\/\"><img fetchpriority=\"high\" decoding=\"async\" width=\"1024\" height=\"120\" src=\"https:\/\/renatoalves.com.br\/blog\/wp-content\/uploads\/2014\/09\/MEMORIA-BLINDADA-BANNER-BLOG-RENATO-ALVES-1024x120.png\" alt=\"banner mem\u00f3ria blindada\" class=\"wp-image-10107\" srcset=\"https:\/\/renatoalves.com.br\/blog\/wp-content\/uploads\/2014\/09\/MEMORIA-BLINDADA-BANNER-BLOG-RENATO-ALVES-1024x120.png 1024w, https:\/\/renatoalves.com.br\/blog\/wp-content\/uploads\/2014\/09\/MEMORIA-BLINDADA-BANNER-BLOG-RENATO-ALVES-300x35.png 300w, https:\/\/renatoalves.com.br\/blog\/wp-content\/uploads\/2014\/09\/MEMORIA-BLINDADA-BANNER-BLOG-RENATO-ALVES-768x90.png 768w, https:\/\/renatoalves.com.br\/blog\/wp-content\/uploads\/2014\/09\/MEMORIA-BLINDADA-BANNER-BLOG-RENATO-ALVES-1536x181.png 1536w, https:\/\/renatoalves.com.br\/blog\/wp-content\/uploads\/2014\/09\/MEMORIA-BLINDADA-BANNER-BLOG-RENATO-ALVES.png 1700w\" sizes=\"(max-width: 1024px) 100vw, 1024px\" \/><\/a><\/figure>\n\n\n\n<h2 class=\"wp-block-heading\">Como encarar o novo ano como um novo livro a ser escrito?<\/h2>\n\n\n\n<p>Para muitos, o ano \u00e9 s\u00f3 mais um ciclo. Mas pense comigo: se o ano tem 365 dias, voc\u00ea tem <strong>365 p\u00e1ginas em branco para escrever a sua pr\u00f3pria hist\u00f3ria<\/strong>. E mais: s\u00e3o 52 cap\u00edtulos, um por semana. Que tal come\u00e7ar esse novo livro com prop\u00f3sito e planejamento?<\/p>\n\n\n\n<h2 class=\"wp-block-heading\">Final de ano n\u00e3o \u00e9 o fim\u2026 \u00e9 um recome\u00e7o estrat\u00e9gico<\/h2>\n\n\n\n<p>Virar a p\u00e1gina \u00e9 algo que fazemos todos os dias. Cada amanhecer \u00e9 uma nova chance. Mas quando o ano acaba, n\u00e3o estamos apenas virando uma folha. Estamos <strong>trocando de livro<\/strong>, com novas ideias, novos planos e uma nova vers\u00e3o de n\u00f3s mesmos.<\/p>\n\n\n\n<h2 class=\"wp-block-heading\">Por que criar metas no fim do ano faz tanto sentido?<\/h2>\n\n\n\n<p>\u00c9 nesse momento que voc\u00ea consegue olhar para tr\u00e1s com mais clareza e para frente com mais esperan\u00e7a. Fazer um balan\u00e7o do que passou e tra\u00e7ar objetivos realistas \u00e9 o que transforma resolu\u00e7\u00f5es em a\u00e7\u00f5es concretas.<\/p>\n\n\n\n<blockquote class=\"wp-block-quote is-layout-flow wp-block-quote-is-layout-flow\">\n<p>\u201cInsanidade \u00e9 fazer a mesma coisa repetidamente e esperar resultados diferentes.\u201d \u2013 Albert Einstein<\/p>\n<\/blockquote>\n\n\n\n<h2 class=\"wp-block-heading\">Aproveite o agora para escrever um amanh\u00e3 melhor<\/h2>\n\n\n\n<p>As festas, os encontros com a fam\u00edlia e as pausas na rotina s\u00e3o \u00f3timos momentos para refletir. O que precisa mudar? O que voc\u00ea quer conquistar? Use esses momentos para <strong>revisar o enredo da sua vida e planejar os pr\u00f3ximos cap\u00edtulos com mais consci\u00eancia.<\/strong><\/p>\n\n\n\n<h2 class=\"wp-block-heading\">Planeje o ano novo como quem escreve uma nova hist\u00f3ria<\/h2>\n\n\n\n<p>Aponta sua caneta para a primeira p\u00e1gina do ano novo. Rascunhe seus planos, d\u00ea nomes aos cap\u00edtulos (um por m\u00eas), trace metas claras e mensur\u00e1veis. Voc\u00ea pode fazer de 2026 o seu ano mais memor\u00e1vel at\u00e9 agora.<\/p>\n\n\n\n<h2 class=\"wp-block-heading\">Agradecimentos da equipe Humano Educa\u00e7\u00e3o<\/h2>\n\n\n\n<p>Em nome da nossa equipe, queremos agradecer profundamente por ter nos permitido fazer parte do seu ano. Seja por meio dos livros, dos cursos, das lives, das frases di\u00e1rias&#8230; cada intera\u00e7\u00e3o foi uma honra.<\/p>\n\n\n\n<p>Acreditamos que conhecimento compartilhado \u00e9 o que transforma o mundo. E esperamos que as sementes que plantamos com voc\u00ea flores\u00e7am intensamente neste novo ciclo.<\/p>\n\n\n\n<h2 class=\"wp-block-heading\">Feliz Ano Novo! Que 2026 seja um livro de conquistas<\/h2>\n\n\n\n<p>Desejamos que o pr\u00f3ximo ano venha recheado de cap\u00edtulos de prosperidade, evolu\u00e7\u00e3o e felicidade para voc\u00ea e sua fam\u00edlia. Pegue sua caneta, comece o novo livro e<a href=\"https:\/\/renatoalves.com.br\/blog\/voce-sabe-que-conhecimento-e-poder\/\" target=\"_blank\" rel=\"noreferrer noopener\"> escreva uma hist\u00f3ria que te encha de orgulho<\/a>!<\/p>\n\n\n\n<figure class=\"wp-block-image size-large\"><a href=\"https:\/\/memoriablindada.com.br\/\"><img fetchpriority=\"high\" decoding=\"async\" width=\"1024\" height=\"120\" src=\"https:\/\/renatoalves.com.br\/blog\/wp-content\/uploads\/2014\/09\/MEMORIA-BLINDADA-BANNER-BLOG-RENATO-ALVES-1024x120.png\" alt=\"banner mem\u00f3ria blindada\" class=\"wp-image-10107\" srcset=\"https:\/\/renatoalves.com.br\/blog\/wp-content\/uploads\/2014\/09\/MEMORIA-BLINDADA-BANNER-BLOG-RENATO-ALVES-1024x120.png 1024w, https:\/\/renatoalves.com.br\/blog\/wp-content\/uploads\/2014\/09\/MEMORIA-BLINDADA-BANNER-BLOG-RENATO-ALVES-300x35.png 300w, https:\/\/renatoalves.com.br\/blog\/wp-content\/uploads\/2014\/09\/MEMORIA-BLINDADA-BANNER-BLOG-RENATO-ALVES-768x90.png 768w, https:\/\/renatoalves.com.br\/blog\/wp-content\/uploads\/2014\/09\/MEMORIA-BLINDADA-BANNER-BLOG-RENATO-ALVES-1536x181.png 1536w, https:\/\/renatoalves.com.br\/blog\/wp-content\/uploads\/2014\/09\/MEMORIA-BLINDADA-BANNER-BLOG-RENATO-ALVES.png 1700w\" sizes=\"(max-width: 1024px) 100vw, 1024px\" \/><\/a><\/figure>\n\n\n\n<h2 class=\"wp-block-heading\">Perguntas Frequentes (FAQ)<\/h2>\n\n\n\n<h3 class=\"wp-block-heading\">Por que devo trocar o livro em vez de virar a p\u00e1gina?<\/h3>\n\n\n\n<p>Porque o fim de ano \u00e9 um marco ideal para recome\u00e7ar com uma nova vis\u00e3o, novos objetivos e novas estrat\u00e9gias.<\/p>\n\n\n\n<h3 class=\"wp-block-heading\">Como planejar meu pr\u00f3ximo ano de forma eficaz?<\/h3>\n\n\n\n<p>Divida seu ano em metas mensais (cap\u00edtulos), mantenha o foco nas prioridades e ajuste seu roteiro ao longo do caminho.<\/p>\n\n\n\n<h3 class=\"wp-block-heading\">\u00c9 necess\u00e1rio esperar janeiro para mudar?<\/h3>\n\n\n\n<p>N\u00e3o. Todo dia \u00e9 uma nova chance, mas o fim de ano ajuda a refor\u00e7ar esse impulso de recome\u00e7o.<\/p>\n\n\n\n<h3 class=\"wp-block-heading\">Como manter a motiva\u00e7\u00e3o ao longo do ano?<\/h3>\n\n\n\n<p>Revise suas metas com frequ\u00eancia, celebre pequenas conquistas e mantenha a conex\u00e3o com seu prop\u00f3sito.<\/p>\n\n\n\n<h3 class=\"wp-block-heading\">Posso usar ferramentas para ajudar no planejamento?<\/h3>\n\n\n\n<p>Sim! Agendas, planners, aplicativos e cursos de produtividade ajudam muito a transformar planos em a\u00e7\u00f5es reais.<\/p>\n\n\n\n<h2 class=\"wp-block-heading\">Veja tamb\u00e9m:<\/h2>\n\n\n\n<figure class=\"wp-block-embed is-type-rich is-provider-incorporar-manipulador wp-block-embed-incorporar-manipulador wp-embed-aspect-16-9 wp-has-aspect-ratio\"><div class=\"wp-block-embed__wrapper\">\n<iframe title=\"Coma Isso Antes que Seja Tarde! A Ci\u00eancia Explica o Poder na Mem\u00f3ria\" width=\"800\" height=\"450\" src=\"https:\/\/www.youtube.com\/embed\/GVOWYljK7PE?feature=oembed\" frameborder=\"0\" allow=\"accelerometer; autoplay; clipboard-write; encrypted-media; gyroscope; picture-in-picture; web-share\" referrerpolicy=\"strict-origin-when-cross-origin\" allowfullscreen><\/iframe>\n<\/div><\/figure>\n","protected":false},"excerpt":{"rendered":"<p>Chegou o fim do ano\u2026 e com ele, vem aquele velho sentimento de reflex\u00e3o, balan\u00e7o e desejo de mudan\u00e7a. Mas ser\u00e1 que \u00e9 s\u00f3 mais uma hist\u00f3ria de final de ano? Aqui vai um novo olhar: e se, em vez de apenas virar a p\u00e1gina, voc\u00ea trocasse de livro? Como encarar o novo ano como [&hellip;]<\/p>\n","protected":false},"author":10,"featured_media":3434,"comment_status":"open","ping_status":"open","sticky":false,"template":"","format":"standard","meta":{"footnotes":""},"categories":[263,264],"tags":[98,138,270,76,77,74,27],"class_list":["post-3426","post","type-post","status-publish","format-standard","has-post-thumbnail","hentry","category-leitura-e-leitura-dinamica","category-saude-e-qualidade-de-vida","tag-curso-online-renato-alves","tag-fast-read","tag-guia-leitura-eficiente","tag-leitura-dinamica","tag-leitura-rapida","tag-metodo-renato-alves","tag-o-que-eu-acabei-de-ler"],"_links":{"self":[{"href":"https:\/\/renatoalves.com.br\/blog\/wp-json\/wp\/v2\/posts\/3426","targetHints":{"allow":["GET"]}}],"collection":[{"href":"https:\/\/renatoalves.com.br\/blog\/wp-json\/wp\/v2\/posts"}],"about":[{"href":"https:\/\/renatoalves.com.br\/blog\/wp-json\/wp\/v2\/types\/post"}],"author":[{"embeddable":true,"href":"https:\/\/renatoalves.com.br\/blog\/wp-json\/wp\/v2\/users\/10"}],"replies":[{"embeddable":true,"href":"https:\/\/renatoalves.com.br\/blog\/wp-json\/wp\/v2\/comments?post=3426"}],"version-history":[{"count":3,"href":"https:\/\/renatoalves.com.br\/blog\/wp-json\/wp\/v2\/posts\/3426\/revisions"}],"predecessor-version":[{"id":10580,"href":"https:\/\/renatoalves.com.br\/blog\/wp-json\/wp\/v2\/posts\/3426\/revisions\/10580"}],"wp:featuredmedia":[{"embeddable":true,"href":"https:\/\/renatoalves.com.br\/blog\/wp-json\/wp\/v2\/media\/3434"}],"wp:attachment":[{"href":"https:\/\/renatoalves.com.br\/blog\/wp-json\/wp\/v2\/media?parent=3426"}],"wp:term":[{"taxonomy":"category","embeddable":true,"href":"https:\/\/renatoalves.com.br\/blog\/wp-json\/wp\/v2\/categories?post=3426"},{"taxonomy":"post_tag","embeddable":true,"href":"https:\/\/renatoalves.com.br\/blog\/wp-json\/wp\/v2\/tags?post=3426"}],"curies":[{"name":"wp","href":"https:\/\/api.w.org\/{rel}","templated":true}]}}