{"id":349,"date":"2011-09-29T08:27:16","date_gmt":"2011-09-29T11:27:16","guid":{"rendered":"http:\/\/www.renatoalves.com.br\/blog\/?p=349"},"modified":"2021-10-14T15:12:26","modified_gmt":"2021-10-14T18:12:26","slug":"artigo-qual-o-preco-da-distracao","status":"publish","type":"post","link":"https:\/\/renatoalves.com.br\/blog\/artigo-qual-o-preco-da-distracao\/","title":{"rendered":"Artigo: Qual o pre\u00e7o da distra\u00e7\u00e3o"},"content":{"rendered":"<p style=\"text-align: justify;\"><em>Voc\u00ea \u00e9 esquecido ou conhece algu\u00e9m que \u00e9? voc\u00ea j\u00e1 se perguntou alguma vez j\u00e1 se perguntou qual o pre\u00e7o da distra\u00e7\u00e3o? Posso afirmar que os preju\u00edzo s\u00e3o da ordem dos milh\u00f5es. Leia o texto!<br \/>\n<\/em><br \/>\nQuando ou\u00e7o esta pergunta surge em minha mem\u00f3ria lembran\u00e7as cinzentas de um dia que, se por um lado gostaria de esquecer, por outro foi o ponto de partida na busca pelo aprimoramento da minha concentra\u00e7\u00e3o.<\/p>\n<p style=\"text-align: justify;\">Aos 25 anos eu trabalhava como gerente de inform\u00e1tica de uma pequena editora de listas telef\u00f4nicas.<\/p>\n<p style=\"text-align: justify;\">Era o encarregado de fazer diariamente a copia de seguran\u00e7a dos arquivos dos milhares de an\u00fancios e assinantes que eram inseridos diariamente e manualmente na lista durante o per\u00edodo de venda das publicidades.<\/p>\n<p style=\"text-align: justify;\">Ao t\u00e9rmino desse per\u00edodo a lista era diagramada, impressa e distribu\u00edda \u00e0 popula\u00e7\u00e3o. O cronograma estava em dia e a lista seria um sucesso, se n\u00e3o fosse por um pequeno detalhe. Por uma simples distra\u00e7\u00e3o.<\/p>\n<p style=\"text-align: justify;\">No final do expediente daquela tarde de sexta-feira, por mera distra\u00e7\u00e3o e excesso de rotina, eu me esqueci de fazer a c\u00f3pia de seguran\u00e7a dos arquivos da lista. Fui para casa com aquela terr\u00edvel sensa\u00e7\u00e3o de estar esquecendo algo muito, mas muito importante.<\/p>\n<p style=\"text-align: justify;\">Na manh\u00e3 de segunda o temor mostrou a sua face: o computador central foi infectado por um v\u00edrus e entrou em pane destruindo o HD e todos os seus arquivos, inclusive aquele que hav\u00edamos preparado ao longo de um ano.<\/p>\n<p style=\"text-align: justify;\">Em outras palavras, o meu pequeno lapso de mem\u00f3ria fez com que a empresa sofresse um enorme preju\u00edzo.<\/p>\n<p style=\"text-align: justify;\">Para poup\u00e1-lo de maiores detalhes sobre como me senti naquele dia e para onde foi o indicador de n\u00edvel da minha auto-estima, permita-me apenas o desfecho: aquele pequeno esquecimento fez com que eu arrastasse uma equipe inteira ao trabalho sob press\u00e3o passando dias, noites e madrugadas inteiras recuperando o trabalho perdido. Depois disso sabe qual foi pre\u00e7o da distra\u00e7\u00e3o? s\u00f3 me restou pedir demiss\u00e3o.<\/p>\n<p style=\"text-align: justify;\"><em>Qual foi a sua maior distra\u00e7\u00e3o?<br \/>\nQue preju\u00edzos voc\u00ea poderia contabilizar?<br \/>\n<\/em><em>Qual o pre\u00e7o da distra\u00e7\u00e3o?<\/em><\/p>\n<p style=\"text-align: justify;\">Toda distra\u00e7\u00e3o de alguma forma nos exp\u00f5e a lei da causalidade, isto \u00e9, se para toda causa existe um efeito, ent\u00e3o para toda distra\u00e7\u00e3o haver\u00e1 uma consequ\u00eancia!<\/p>\n<p style=\"text-align: justify;\">Se fossemos estimar em valores e pud\u00e9ssemos depositar numa conta banc\u00e1ria todo o dinheiro gasto com distra\u00e7\u00f5es sofridas anualmente por governos burocr\u00e1ticos e desorganizados, empresas sem m\u00e9todos operacionais eficientes e cidad\u00e3os distra\u00eddos, a cifra seria suficiente para alimentar todos os famintos do mundo, construir fontes de energia limpa para abastecer grandes cidades ou alfabetizar todos os humanos.<\/p>\n<p style=\"text-align: justify;\"><strong>Como \u00e9 poss\u00edvel estimar o pre\u00e7o da distra\u00e7\u00e3o?<\/strong><\/p>\n<p style=\"text-align: justify;\">Simples: um dia tive a disciplina de fazer uma planilha e anotar tudo o que via e ouvia sobre distra\u00e7\u00f5es e esquecimentos.<\/p>\n<p style=\"text-align: justify;\">Os mais absurdos, como a pessoa que esqueceu um fog\u00e3o dentro do metr\u00f4, a mulher que esqueceu seu vestido de noiva no \u00f4nibus, ou corretor que se esqueceu de renovar o seguro do carro de um cliente que acabara de sofrer um acidente&#8230;<\/p>\n<p style=\"text-align: justify;\">&#8230;Do m\u00e9dico que se distra\u00ed e esquece o bisturi no corpo do paciente ao colaborador que, por distra\u00e7\u00e3o, esquece um equipamento ligado e por isso incendeia a empresa. Durante o per\u00edodo da pesquisa nada fugia a um olhar altamente focado.<\/p>\n<p style=\"text-align: justify;\">A minha conclus\u00e3o foi que as pessoas gastam com distra\u00e7\u00f5es e esquecimentos muito mais do imaginam.<\/p>\n<p style=\"text-align: center;\">[inf_infusionsoft_inline optin_id=optin_1]<\/p>\n<h2>Qual o pre\u00e7o da distra\u00e7\u00e3o em n\u00fameros?<\/h2>\n<p style=\"text-align: justify;\">Em meu livro <a href=\"http:\/\/www.humanoeditora.com.br\/os-10-habitos-da-memorizacao-p46\" target=\"_blank\" rel=\"noopener\">Os 10 H\u00e1bitos da Memoriza\u00e7\u00e3o<\/a>, propus uma analise do pre\u00e7o da falta de foco. Calculando o valor de pequenos lapsos como uma luz acesa, uma televis\u00e3o ligada ou o combust\u00edvel gasto para retornar e buscar algo esquecido foi prov\u00e1vel estimar que um cidad\u00e3o esquecido sofra preju\u00edzo anual em torno de 2 mil reais. Acredite: tem gente gastando bem mais do que isso!<\/p>\n<p style=\"text-align: justify;\">Uma pessoa me contou que esqueceu o seu tablet no bols\u00e3o da poltrona do avi\u00e3o: 2 mil reais num \u00fanico esquecimento. Outra se esqueceu de comparecer numa audi\u00eancia: concordou em pagar cinco mil reais.<\/p>\n<p style=\"text-align: justify;\">A garota da casa lot\u00e9rica se esqueceu de registrar o bol\u00e3o da mega-sena: 53 milh\u00f5es de reais. Um empres\u00e1rio se esqueceu de checar se o aeroporto da cidade destino da licita\u00e7\u00e3o estava aberto e enviou-a de avi\u00e3o, resultado: o aeroporto estava fechado, a licita\u00e7\u00e3o n\u00e3o pousou e o empres\u00e1rio me revelou o pre\u00e7o da distra\u00e7\u00e3o e do esquecimento: 58 milh\u00f5es de reais.<\/p>\n<p style=\"text-align: justify;\">At\u00e9 o momento daquele epis\u00f3dio lastim\u00e1vel ocorrido na empresa em que eu trabalhava, eu nunca havia pensado na hip\u00f3tese de sofrer algum tipo de problema de d\u00e9ficit de aten\u00e7\u00e3o.<\/p>\n<p style=\"text-align: justify;\">Ali\u00e1s, eu nem pensava no assunto. Seguia a vida na mais perfeita normalidade. Sofria um ou outro esquecimento, mas para mim era algo absolutamente normal, afinal de contas, as pessoas sempre esquecem alguma coisa.<\/p>\n<p style=\"text-align: justify;\">Mas aquele epis\u00f3dio me marcou t\u00e3o profundamente que mudou a forma como eu tratava a minha mente. Eu comecei a vigi\u00e1-la de perto, a prestar aten\u00e7\u00e3o, a persegui-la como um amante ciumento.<\/p>\n<p style=\"text-align: justify;\">O problema de olharmos para dentro e prestarmos aten\u00e7\u00e3o a determinado comportamento \u00e9 corrermos o risco de refor\u00e7\u00e1-lo, para bem, quando provamos a n\u00f3s mesmos que somos capazes de nos superar e atingir objetivos, ou para mal, quando recebemos sinais de que n\u00e3o somos t\u00e3o bons quanto imaginamos.<\/p>\n<p style=\"text-align: justify;\">O meu erro foi observar e com isso refor\u00e7ar apenas os comportamentos ruins.<\/p>\n<p style=\"text-align: justify;\">Como um agente de tr\u00e2nsito obcecado por flagrar motoristas errantes, eu policiava milimetricamente os passos da minha mente distra\u00edda. Cada distra\u00e7\u00e3o era equivocadamente celebrada, o que me dava cada vez mais certeza de que havia algo de errado acontecendo comigo.<\/p>\n<p style=\"text-align: justify;\">Mais tarde pude descobrir que realmente havia algo de errado. A quest\u00e3o era: quanto mais eu prestava aten\u00e7\u00e3o em meus lapsos, mais eu me distra\u00eda! Algo que em princ\u00edpio parecia com a lei da atra\u00e7\u00e3o, na verdade era fisiol\u00f3gico, pensar de modo negativo em rela\u00e7\u00e3o a minha mente naturalmente influenciava minha percep\u00e7\u00e3o e finalmente na capacidade de memoriza\u00e7\u00e3o.<\/p>\n<p style=\"text-align: justify;\">A cren\u00e7a de que eu sofria algum tipo de problema de mem\u00f3ria produziu resultados desastrosos. Aluno med\u00edocre, desconcentrado, profissional distra\u00eddo, esquecido e, potencialmente perigoso, pois fui prova viva de que um esquecimento poderia arruinar uma empresa, um dia surgiu uma luz no fim do t\u00fanel.<\/p>\n<p style=\"text-align: justify;\">Um amigo me ofereceu de presente um livro sobre t\u00e9cnicas de concentra\u00e7\u00e3o. Um livro simples, escrito por um guru indiano, mas com id\u00e9ias l\u00facidas que mudaram radicalmente minha percep\u00e7\u00e3o sobre foco, mem\u00f3ria e concentra\u00e7\u00e3o.<\/p>\n<p style=\"text-align: justify;\">Aprender a olhar para dentro, a policiar os pensamentos, a respirar corretamente ajudaram a acalmar a minha mente, mas n\u00e3o ficou apenas nisso.<\/p>\n<p style=\"text-align: justify;\">Entrei numa rotina de estudo interdisciplinar que envolvia pr\u00e1ticas de yoga, teorias da neuroci\u00eancia, discuss\u00f5es da filosofia da mente, neurolingu\u00edstica e at\u00e9 mesmo computa\u00e7\u00e3o.<\/p>\n<p style=\"text-align: justify;\">Eu estudava e praticava exaustivamente todos os modelos de exerc\u00edcios para concentra\u00e7\u00e3o. Fui aprimorando e desenvolvendo minhas pr\u00f3prias t\u00e9cnicas e felizmente hoje domino plenamente a arte de como dirigir o foco da minha aten\u00e7\u00e3o.<\/p>\n<p style=\"text-align: justify;\">Os resultados foram t\u00e3o impressionantes que permitiram uma grande virada. Dali em diante nunca mais sofreria com distra\u00e7\u00f5es, riscaria da minha vida definitivamente o verbo esquecer, e me tornaria, em abril de 2006, o homem com a melhor mem\u00f3ria do Brasil. O que n\u00e3o \u00e9 nada mal, para um ex-esquecido.<\/p>\n<p>Gostou das dicas? Voc\u00ea j\u00e1 havia se perguntado sobre o pre\u00e7o da distra\u00e7\u00e3o? J\u00e1 aconteceu com voc\u00ea? N\u00e3o esque\u00e7a de deixar seu coment\u00e1rio aqui abaixo e aproveite para conhecer o meu\u00a0<span class=\"s1\">curso\u00a0<a href=\"https:\/\/memoriablindada.com.br\" target=\"_blank\" rel=\"noopener\">Mem\u00f3ria Blindada<\/a>\u00a0no treinamento eu ensino\u00a0a\u00a0aplica\u00e7\u00e3o pr\u00e1tica da memoriza\u00e7\u00e3o\u00a0no\u00a0dia a dia.<\/span><\/p>\n<p style=\"text-align: justify;\"><span class=\"s1\">Nas\u00a0videoaulas on-line eu explicado de maneira simples e objetiva, todas as estrat\u00e9gias que utilizo para n\u00e3o esquecer de nada. Definitivamente \u00e9 sua hora de ter uma mem\u00f3ria mais jovem, forte e confi\u00e1vel<\/span>:<\/p>\n<p class=\"p1\" style=\"text-align: center;\"><a href=\"\/\/renatoalves.com.br\/depoimentos.html\">\u00bb Clique Aqui\u00a0e assista alguns depoimentos de alunos do curso\u00a0\u00ab<\/a><\/p>\n<p class=\"p1\" style=\"text-align: justify;\"><span class=\"s1\">Adquira agora mesmo o curso\u00a0<a href=\"https:\/\/memoriablindada.com.br\" target=\"_blank\" rel=\"noopener\">Mem\u00f3ria Blindada<\/a>, <\/span>eu acredito tanto na efici\u00eancia do meu m\u00e9todo que al\u00e9m dos b\u00f4nus eu ainda lhe ofere\u00e7o uma garantia especial.<\/p>\n<p class=\"p1\" style=\"text-align: justify;\">Se em 7 dias, depois de aplicar o m\u00e9todo, voc\u00ea\u00a0 n\u00e3o notar melhoras, eu assumo total responsabilidade e devolverei 100% do seu investimento.\u00a0Dessa forma voc\u00ea n\u00e3o corre nenhum risco. O que voc\u00ea acha?\u00a0<a href=\"https:\/\/memoriablindada.com.br\">Clique aqui e saiba mais!<\/a><\/p>\n<p style=\"text-align: justify;\"><em><strong>Renato Alves<\/strong>\u00a0\u00e9 escritor, pesquisador e primeiro brasileiro a receber o t\u00edtulo oficial de melhor mem\u00f3ria do Brasil. Autor de um m\u00e9todo patenteado de memoriza\u00e7\u00e3o que ganhou reconhecimento nacional e j\u00e1 est\u00e1 presente em mais de 100 pa\u00edses.<\/em><\/p>\n<p>Quer ter acesso a outras informa\u00e7\u00f5es?\u00a0<a href=\"https:\/\/www.facebook.com\/RenatoAlvesOficial\">Curta e siga a minha fanpage no Facebook<\/a>\u00a0e tamb\u00e9m\u00a0<a href=\"http:\/\/www.youtube.com\/videosmemoria\/videos?sub_confirmation=1\">inscreva-se no meu canal no Youtube.<\/a><\/p>\n<p><a href=\"https:\/\/memoriablindada.com.br\"><img fetchpriority=\"high\" decoding=\"async\" class=\"alignnone wp-image-2519 size-full\" src=\"\/\/renatoalves.com.br\/blog\/wp-content\/uploads\/2015\/02\/banner_MB.jpg\" alt=\"Curso Mem\u00f3ria Blindada\" width=\"3002\" height=\"353\" srcset=\"https:\/\/renatoalves.com.br\/blog\/wp-content\/uploads\/2015\/02\/banner_MB.jpg 2560w, https:\/\/renatoalves.com.br\/blog\/wp-content\/uploads\/2015\/02\/banner_MB-300x35.jpg 300w, https:\/\/renatoalves.com.br\/blog\/wp-content\/uploads\/2015\/02\/banner_MB-768x90.jpg 768w, https:\/\/renatoalves.com.br\/blog\/wp-content\/uploads\/2015\/02\/banner_MB-1024x120.jpg 1024w\" sizes=\"(max-width: 3002px) 100vw, 3002px\" \/><\/a><\/p>\n","protected":false},"excerpt":{"rendered":"<p>Quando ou\u00e7o esta pergunta surge em minha mem\u00f3ria lembran\u00e7as cinzentas de um dia que, se por um lado gostaria de esquecer, por outro foi o ponto de partida na busca pelo aprimoramento da minha concentra\u00e7\u00e3o.<\/p>\n","protected":false},"author":24,"featured_media":2696,"comment_status":"open","ping_status":"open","sticky":false,"template":"","format":"standard","meta":{"footnotes":""},"categories":[264],"tags":[41,145,56,44,45,46,212,98,50,43,29,42,47],"class_list":["post-349","post","type-post","status-publish","format-standard","has-post-thumbnail","hentry","category-saude-e-qualidade-de-vida","tag-alzheimer","tag-boa-memoria","tag-branco-na-memoria","tag-concentracao","tag-curso-de-memorizacao","tag-curso-de-memorizacao-online","tag-curso-memoria-blindada","tag-curso-online-renato-alves","tag-distracao","tag-foco","tag-memoria","tag-memorizacao","tag-remedio-para-memoria"],"_links":{"self":[{"href":"https:\/\/renatoalves.com.br\/blog\/wp-json\/wp\/v2\/posts\/349","targetHints":{"allow":["GET"]}}],"collection":[{"href":"https:\/\/renatoalves.com.br\/blog\/wp-json\/wp\/v2\/posts"}],"about":[{"href":"https:\/\/renatoalves.com.br\/blog\/wp-json\/wp\/v2\/types\/post"}],"author":[{"embeddable":true,"href":"https:\/\/renatoalves.com.br\/blog\/wp-json\/wp\/v2\/users\/24"}],"replies":[{"embeddable":true,"href":"https:\/\/renatoalves.com.br\/blog\/wp-json\/wp\/v2\/comments?post=349"}],"version-history":[{"count":2,"href":"https:\/\/renatoalves.com.br\/blog\/wp-json\/wp\/v2\/posts\/349\/revisions"}],"predecessor-version":[{"id":7672,"href":"https:\/\/renatoalves.com.br\/blog\/wp-json\/wp\/v2\/posts\/349\/revisions\/7672"}],"wp:featuredmedia":[{"embeddable":true,"href":"https:\/\/renatoalves.com.br\/blog\/wp-json\/wp\/v2\/media\/2696"}],"wp:attachment":[{"href":"https:\/\/renatoalves.com.br\/blog\/wp-json\/wp\/v2\/media?parent=349"}],"wp:term":[{"taxonomy":"category","embeddable":true,"href":"https:\/\/renatoalves.com.br\/blog\/wp-json\/wp\/v2\/categories?post=349"},{"taxonomy":"post_tag","embeddable":true,"href":"https:\/\/renatoalves.com.br\/blog\/wp-json\/wp\/v2\/tags?post=349"}],"curies":[{"name":"wp","href":"https:\/\/api.w.org\/{rel}","templated":true}]}}