{"id":35,"date":"2025-04-25T11:03:34","date_gmt":"2025-04-25T14:03:34","guid":{"rendered":"http:\/\/www.renatoalves.com.br\/blog\/?p=35"},"modified":"2025-04-25T11:03:37","modified_gmt":"2025-04-25T14:03:37","slug":"como-usar-uma-caneta-marca-textos","status":"publish","type":"post","link":"https:\/\/renatoalves.com.br\/blog\/como-usar-uma-caneta-marca-textos\/","title":{"rendered":"Como usar a caneta marca-texto de forma eficiente: t\u00e9cnicas para melhorar sua memoriza\u00e7\u00e3o"},"content":{"rendered":"\n<p>Voc\u00ea j\u00e1 se perguntou se est\u00e1 realmente usando bem a sua caneta marca-texto? Em minhas d\u00e9cadas como especialista em memoriza\u00e7\u00e3o e t\u00e9cnicas de estudo, percebi que muitos estudantes usam o marca-texto como um simples sublinhador de frases bonitas. Alguns marcam excessivamente, rabiscam qualquer coisa que chame a aten\u00e7\u00e3o.<\/p>\n\n\n\n<p>Entretanto, \u00e9 uma verdade que, assim como um <a href=\"https:\/\/renatoalves.com.br\/blog\/aprenda-como-fazer-um-mapa-mental\/\" target=\"_blank\" rel=\"noreferrer noopener\">mapa mental<\/a> elaborado sem crit\u00e9rios, a marca\u00e7\u00e3o de textos tamb\u00e9m se torna ineficiente. Servindo apenas para transformar a p\u00e1gina em uma verdadeira aquarela iluminada!<\/p>\n\n\n\n<p>Portanto, se bem utilizada, essa ferramenta pode ser um poderoso aliado da sua memoriza\u00e7\u00e3o.<\/p>\n\n\n\n<h2 class=\"wp-block-heading\"><strong>O erro comum: marcar demais e lembrar de menos<\/strong><\/h2>\n\n\n\n<p>A primeira armadilha \u00e9 o uso indiscriminado da caneta. Marcar par\u00e1grafos inteiros ou tudo que parece importante transforma o texto em um arco-\u00edris \u2013 e a mente, em um mar de confus\u00e3o.<\/p>\n\n\n\n<p><strong>Destacar tudo \u00e9 o mesmo que n\u00e3o destacar nada.<\/strong> A leitura perde o foco, e o c\u00e9rebro n\u00e3o \u00e9 estimulado a fazer conex\u00f5es nem a pensar criticamente.<\/p>\n\n\n\n<h2 class=\"wp-block-heading\"><strong>O verdadeiro prop\u00f3sito do marca-texto<\/strong><\/h2>\n\n\n\n<p>A caneta marca-texto deve ser usada como um <strong>filtro inteligente<\/strong>, para destacar <strong>palavras-chave, conceitos centrais, dados e rela\u00e7\u00f5es l\u00f3gicas<\/strong>. O objetivo \u00e9 facilitar a revis\u00e3o e estimular a reten\u00e7\u00e3o.<\/p>\n\n\n\n<figure class=\"wp-block-embed is-type-rich is-provider-incorporar-manipulador wp-block-embed-incorporar-manipulador wp-embed-aspect-16-9 wp-has-aspect-ratio\"><div class=\"wp-block-embed__wrapper\">\n<iframe title=\"Esse \u00c9 O H\u00e1bito Mais Poderoso Para Mudar Sua Vida\" width=\"800\" height=\"450\" src=\"https:\/\/www.youtube.com\/embed\/mOHZd7NsXA4?feature=oembed\" frameborder=\"0\" allow=\"accelerometer; autoplay; clipboard-write; encrypted-media; gyroscope; picture-in-picture; web-share\" referrerpolicy=\"strict-origin-when-cross-origin\" allowfullscreen><\/iframe>\n<\/div><\/figure>\n\n\n\n<h2 class=\"wp-block-heading\"><strong>Como usar a caneta marca-texto com estrat\u00e9gia<\/strong><\/h2>\n\n\n\n<p>Aqui est\u00e3o algumas orienta\u00e7\u00f5es pr\u00e1ticas que ensino em meus treinamentos:<\/p>\n\n\n\n<ul class=\"wp-block-list\">\n<li><strong>Leia primeiro, destaque depois.<\/strong> Nunca marque o texto logo na primeira leitura.<\/li>\n\n\n\n<li><strong>Busque entender o conte\u00fado.<\/strong> A marca\u00e7\u00e3o deve vir ap\u00f3s a compreens\u00e3o.<\/li>\n\n\n\n<li><strong>Destaque no m\u00e1ximo uma ou duas frases por par\u00e1grafo.<\/strong> Foque no essencial.<\/li>\n\n\n\n<li><strong>Use c\u00f3digos de cores.<\/strong> Por exemplo: amarelo para defini\u00e7\u00f5es, azul para datas, verde para exemplos.<\/li>\n\n\n\n<li><strong>Associe marca\u00e7\u00f5es a perguntas.<\/strong> Isso ativa a mem\u00f3ria e estimula a revis\u00e3o ativa.<\/li>\n<\/ul>\n\n\n\n<h2 class=\"wp-block-heading\"><strong>Experi\u00eancia pr\u00e1tica de um aluno<\/strong><\/h2>\n\n\n\n<p>Lembro-me de uma aluna, Cl\u00e1udia, que costumava marcar tudo o que lia. Ao aplicar essas t\u00e9cnicas, passou a revisar com mais agilidade e come\u00e7ou a lembrar com mais precis\u00e3o do conte\u00fado estudado. O resultado? Melhora significativa nas provas e mais confian\u00e7a na prepara\u00e7\u00e3o para concursos.<\/p>\n\n\n\n<h2 class=\"wp-block-heading\"><strong>O que acontece no c\u00e9rebro quando destacamos corretamente<\/strong><\/h2>\n\n\n\n<p>A marca\u00e7\u00e3o consciente ativa o processo de sele\u00e7\u00e3o e organiza\u00e7\u00e3o da informa\u00e7\u00e3o, <strong>dois pilares essenciais da <a href=\"https:\/\/renatoalves.com.br\/?utm_source=Blog&amp;utm_medium=st-ra&amp;utm_campaign=&amp;utm_content=como-usar-uma-caneta-marca-textos\" target=\"_blank\" rel=\"noreferrer noopener\">memoriza\u00e7\u00e3o <\/a>eficaz<\/strong>. Isso permite que o c\u00e9rebro registre os dados de forma mais estruturada, facilitando o resgate posterior.<\/p>\n\n\n\n<h2 class=\"wp-block-heading\"><strong>Outros aliados do aprendizado visual<\/strong><\/h2>\n\n\n\n<p>Al\u00e9m da caneta marca-texto, recomendo o uso de:<\/p>\n\n\n\n<ul class=\"wp-block-list\">\n<li><strong>Mapas mentais<\/strong> para organizar conceitos.<\/li>\n\n\n\n<li><strong>T\u00e9cnicas de associa\u00e7\u00e3o de imagens.<\/strong><\/li>\n\n\n\n<li><strong>Fichamentos com resumos pr\u00f3prios.<\/strong><\/li>\n<\/ul>\n\n\n\n<h2 class=\"wp-block-heading\"><strong>Equil\u00edbrio entre leitura ativa e marca\u00e7\u00e3o<\/strong><\/h2>\n\n\n\n<p>A leitura ativa envolve <strong>questionar, resumir, relacionar e refletir<\/strong> sobre o conte\u00fado. A marca\u00e7\u00e3o deve ser uma extens\u00e3o disso, <strong>n\u00e3o um substituto da compreens\u00e3o<\/strong>.<\/p>\n\n\n\n<p><strong>Ler sem refletir \u00e9 como comer sem digerir.<\/strong> A marca\u00e7\u00e3o eficiente surge da leitura consciente e da pr\u00e1tica intencional.<\/p>\n\n\n\n<p>Agora que voc\u00ea aprendeu como usar a caneta marca textos. Que tal colocar as dicas em pr\u00e1tica agora mesmo?<\/p>\n\n\n\n<p>Ps.: N\u00e3o esque\u00e7a de deixar seu coment\u00e1rio aqui abaixo e aproveite para conhecer o meu <a href=\"https:\/\/lerrapido.com.br\/?utm_source=Blog&amp;utm_medium=site-ofc&amp;utm_campaign=LDE&amp;utm_content=como-usar-uma-caneta-marca-textos\" target=\"_blank\" rel=\"noreferrer noopener\">curso FastRead<\/a>. Com esse treinamento voc\u00ea poder\u00e1 entrar para um seleto grupo de pessoas que conseguem ler tranquilamente mais de 50 livros por ano.<\/p>\n\n\n\n<p>O curso por ser em videoaulas on-line, voc\u00ea poder\u00e1 assistir onde quiser, seja no celular, tablet, computador ou smart TV.<\/p>\n\n\n\n<p class=\"has-text-align-center\"><a href=\"https:\/\/renatoalves.com.br\/acrobatas-da-memoria\/\" target=\"_blank\" rel=\"noreferrer noopener\"><strong>\u00bb Clique Aqui e assista alguns depoimentos de alunos do curso \u00ab<\/strong><\/a><\/p>\n\n\n\n<p>Para que voc\u00ea adquira agora mesmo o <a href=\"https:\/\/lerrapido.com.br\/?utm_source=Blog&amp;utm_medium=site-ofc&amp;utm_campaign=LDE&amp;utm_content=como-usar-uma-caneta-marca-textos\" target=\"_blank\" rel=\"noreferrer noopener\">FastRead<\/a>, e por acreditar na efici\u00eancia do meu m\u00e9todo, al\u00e9m dos b\u00f4nus eu ainda lhe ofere\u00e7o uma garantia especial.<\/p>\n\n\n\n<p>Se em 7 dias, depois de aplicar o m\u00e9todo, voc\u00ea\u00a0 n\u00e3o notar melhoras, eu assumo total responsabilidade e devolverei 100% do seu investimento. O que voc\u00ea acha? <a href=\"https:\/\/lerrapido.com.br\/?utm_source=Blog&amp;utm_medium=site-ofc&amp;utm_campaign=LDE&amp;utm_content=como-usar-uma-caneta-marca-textos\">Clique aqui e saiba <\/a><a href=\"https:\/\/lerrapido.com.br\/?utm_source=Blog&amp;utm_medium=site-ofc&amp;utm_campaign=LDE&amp;utm_content=como-usar-uma-caneta-marca-textos\" target=\"_blank\" rel=\"noreferrer noopener\">mais <\/a><a href=\"https:\/\/lerrapido.com.br\/?utm_source=Blog&amp;utm_medium=site-ofc&amp;utm_campaign=LDE&amp;utm_content=como-usar-uma-caneta-marca-textos\">sobre o treinamento mesmo!<\/a><\/p>\n\n\n\n<p><strong>Para aprofundar suas estrat\u00e9gias, leia tamb\u00e9m: <\/strong><\/p>\n\n\n\n<ul class=\"wp-block-list\">\n<li><a href=\"https:\/\/renatoalves.com.br\/blog\/tecnicas-memorizacao-para-concursos\/\" target=\"_blank\" rel=\"noreferrer noopener\">3 T\u00e9cnicas de memoriza\u00e7\u00e3o eficazes para concurso<\/a> <\/li>\n\n\n\n<li><a href=\"https:\/\/renatoalves.com.br\/blog\/3-formas-de-melhorar-sua-memoria\/\" target=\"_blank\" rel=\"noreferrer noopener\">3 Formas de Melhorar sua Mem\u00f3ria<\/a><\/li>\n<\/ul>\n\n\n\n<h2 class=\"wp-block-heading\"><strong>Perguntas frequentes (FAQ)<\/strong><\/h2>\n\n\n\n<h3 class=\"wp-block-heading\">Marcar textos ajuda mesmo na memoriza\u00e7\u00e3o?<\/h3>\n\n\n\n<p>Sim, se feito com estrat\u00e9gia e inten\u00e7\u00e3o. A marca\u00e7\u00e3o consciente facilita a revis\u00e3o e fortalece a reten\u00e7\u00e3o.<\/p>\n\n\n\n<h3 class=\"wp-block-heading\">Quantas frases posso destacar por par\u00e1grafo?<\/h3>\n\n\n\n<p>O ideal \u00e9 destacar apenas uma ou duas frases-chave por par\u00e1grafo, no m\u00e1ximo.<\/p>\n\n\n\n<h3 class=\"wp-block-heading\">\u00c9 bom usar mais de uma cor?<\/h3>\n\n\n\n<p>Sim, o uso de cores diferentes ajuda a organizar visualmente o conte\u00fado e refor\u00e7a categorias mentais.<\/p>\n\n\n\n<h3 class=\"wp-block-heading\">Devo marcar enquanto leio?<\/h3>\n\n\n\n<p>N\u00e3o. Leia primeiro, compreenda o conte\u00fado, e s\u00f3 ent\u00e3o destaque o que for essencial.<\/p>\n\n\n\n<h3 class=\"wp-block-heading\">Quais ferramentas complementam o uso do marca-texto?<\/h3>\n\n\n\n<p>Mapas mentais, resumos pr\u00f3prios, t\u00e9cnicas mnem\u00f4nicas e revis\u00e3o ativa s\u00e3o \u00f3timos complementos para o uso da caneta marca-texto.<\/p>\n\n\n\n<h2 class=\"wp-block-heading\"><strong>DICA B\u00d4NUS:&nbsp;<\/strong><\/h2>\n\n\n\n<p>Quer ter acesso a outras informa\u00e7\u00f5es? <a href=\"https:\/\/www.facebook.com\/RenatoAlvesOficial\">Curta e siga a minha <\/a><a href=\"https:\/\/www.facebook.com\/RenatoAlvesOficial\" target=\"_blank\" rel=\"noreferrer noopener\">fanpage <\/a><a href=\"https:\/\/www.facebook.com\/RenatoAlvesOficial\">no Facebook<\/a> e tamb\u00e9m <a href=\"http:\/\/www.youtube.com\/videosmemoria\/videos?sub_confirmation=1\" target=\"_blank\" rel=\"noreferrer noopener\">inscreva-se no meu canal no Youtube.<\/a><\/p>\n\n\n\n<figure class=\"wp-block-image aligncenter\"><a href=\"https:\/\/lerrapido.com.br\/?utm_source=Blog&amp;utm_medium=site-ofc&amp;utm_campaign=LDE&amp;utm_content=como-usar-uma-caneta-marca-textos\" target=\"_blank\" rel=\"noopener noreferrer\"><img fetchpriority=\"high\" decoding=\"async\" width=\"3002\" height=\"353\" src=\"\/\/renatoalves.com.br\/blog\/wp-content\/uploads\/2015\/02\/banner_FR.jpg\" alt=\"Curso Fast Read\" class=\"wp-image-2517\" srcset=\"https:\/\/renatoalves.com.br\/blog\/wp-content\/uploads\/2015\/02\/banner_FR.jpg 3002w, https:\/\/renatoalves.com.br\/blog\/wp-content\/uploads\/2015\/02\/banner_FR-300x35.jpg 300w, https:\/\/renatoalves.com.br\/blog\/wp-content\/uploads\/2015\/02\/banner_FR-768x90.jpg 768w, https:\/\/renatoalves.com.br\/blog\/wp-content\/uploads\/2015\/02\/banner_FR-1024x120.jpg 1024w\" sizes=\"(max-width: 3002px) 100vw, 3002px\" \/><\/a><\/figure>\n\n\n\n<p><\/p>\n","protected":false},"excerpt":{"rendered":"<p>Voc\u00ea j\u00e1 se perguntou se est\u00e1 realmente usando bem a sua caneta marca-texto? Em minhas d\u00e9cadas como especialista em memoriza\u00e7\u00e3o e t\u00e9cnicas de estudo, percebi que muitos estudantes usam o marca-texto como um simples sublinhador de frases bonitas. Alguns marcam excessivamente, rabiscam qualquer coisa que chame a aten\u00e7\u00e3o. Entretanto, \u00e9 uma verdade que, assim como [&hellip;]<\/p>\n","protected":false},"author":24,"featured_media":2184,"comment_status":"open","ping_status":"open","sticky":false,"template":"","format":"standard","meta":{"footnotes":""},"categories":[262,263],"tags":[195,429,68,138,77,109,27],"class_list":["post-35","post","type-post","status-publish","format-standard","has-post-thumbnail","hentry","category-estudo-e-desenvolvimento","category-leitura-e-leitura-dinamica","tag-caneta-marca-texto","tag-caneta-marca-textos","tag-curso-renato-alves","tag-fast-read","tag-leitura-rapida","tag-marca-texto","tag-o-que-eu-acabei-de-ler"],"_links":{"self":[{"href":"https:\/\/renatoalves.com.br\/blog\/wp-json\/wp\/v2\/posts\/35","targetHints":{"allow":["GET"]}}],"collection":[{"href":"https:\/\/renatoalves.com.br\/blog\/wp-json\/wp\/v2\/posts"}],"about":[{"href":"https:\/\/renatoalves.com.br\/blog\/wp-json\/wp\/v2\/types\/post"}],"author":[{"embeddable":true,"href":"https:\/\/renatoalves.com.br\/blog\/wp-json\/wp\/v2\/users\/24"}],"replies":[{"embeddable":true,"href":"https:\/\/renatoalves.com.br\/blog\/wp-json\/wp\/v2\/comments?post=35"}],"version-history":[{"count":5,"href":"https:\/\/renatoalves.com.br\/blog\/wp-json\/wp\/v2\/posts\/35\/revisions"}],"predecessor-version":[{"id":10016,"href":"https:\/\/renatoalves.com.br\/blog\/wp-json\/wp\/v2\/posts\/35\/revisions\/10016"}],"wp:featuredmedia":[{"embeddable":true,"href":"https:\/\/renatoalves.com.br\/blog\/wp-json\/wp\/v2\/media\/2184"}],"wp:attachment":[{"href":"https:\/\/renatoalves.com.br\/blog\/wp-json\/wp\/v2\/media?parent=35"}],"wp:term":[{"taxonomy":"category","embeddable":true,"href":"https:\/\/renatoalves.com.br\/blog\/wp-json\/wp\/v2\/categories?post=35"},{"taxonomy":"post_tag","embeddable":true,"href":"https:\/\/renatoalves.com.br\/blog\/wp-json\/wp\/v2\/tags?post=35"}],"curies":[{"name":"wp","href":"https:\/\/api.w.org\/{rel}","templated":true}]}}