{"id":3652,"date":"2025-08-20T06:00:00","date_gmt":"2025-08-20T09:00:00","guid":{"rendered":"http:\/\/renatoalves.com.br\/blog\/?p=3652"},"modified":"2025-08-19T08:59:01","modified_gmt":"2025-08-19T11:59:01","slug":"voce-sabe-que-conhecimento-e-poder","status":"publish","type":"post","link":"https:\/\/renatoalves.com.br\/blog\/voce-sabe-que-conhecimento-e-poder\/","title":{"rendered":"Ligue agora o bot\u00e3o ON,  pois conhecimento \u00e9 poder"},"content":{"rendered":"\n<p class=\"p1\">Vivemos na era da informa\u00e7\u00e3o. Mas, diante de tantas possibilidades, voc\u00ea realmente est\u00e1 interagindo com o mundo ou apenas consumindo passivamente o conte\u00fado das redes sociais?<\/p>\n\n\n\n<p>Se voc\u00ea costuma navegar silenciosamente, deixar seu status invis\u00edvel e evitar intera\u00e7\u00f5es, cuidado: essa passividade pode comprometer sua<a href=\"https:\/\/estudomemorizacao.com.br\/\" target=\"_blank\" rel=\"noreferrer noopener\"> evolu\u00e7\u00e3o cognitiva,<\/a> sua mem\u00f3ria e, principalmente, os seus planos.<\/p>\n\n\n\n<figure class=\"wp-block-image size-large\"><a href=\"https:\/\/estudomemorizacao.com.br\/\"><img fetchpriority=\"high\" decoding=\"async\" width=\"1024\" height=\"182\" src=\"https:\/\/renatoalves.com.br\/blog\/wp-content\/uploads\/2018\/11\/capa_banner-1024x182.jpg\" alt=\"estudo e memoriza\u00e7\u00e3o para concurso p\u00fablico\" class=\"wp-image-6047\" srcset=\"https:\/\/renatoalves.com.br\/blog\/wp-content\/uploads\/2018\/11\/capa_banner-1024x182.jpg 1024w, https:\/\/renatoalves.com.br\/blog\/wp-content\/uploads\/2018\/11\/capa_banner-300x53.jpg 300w, https:\/\/renatoalves.com.br\/blog\/wp-content\/uploads\/2018\/11\/capa_banner-768x137.jpg 768w, https:\/\/renatoalves.com.br\/blog\/wp-content\/uploads\/2018\/11\/capa_banner-610x109.jpg 610w\" sizes=\"(max-width: 1024px) 100vw, 1024px\" \/><\/a><\/figure>\n\n\n\n<h2 class=\"wp-block-heading\">O perigo do piloto autom\u00e1tico digital<\/h2>\n\n\n\n<p>Milh\u00f5es de pessoas acessam as redes diariamente sem se dar conta de que est\u00e3o sendo conduzidas por um roteiro inconsciente de distra\u00e7\u00e3o. O famoso &#8220;piloto autom\u00e1tico&#8221; \u00e9 acionado silenciosamente, deixando para tr\u00e1s oportunidades reais de crescimento pessoal e profissional.<\/p>\n\n\n\n<p>E isso n\u00e3o \u00e9 apenas opini\u00e3o: dados da eMarketer revelam que mais de 2,4 bilh\u00f5es de pessoas interagem com redes sociais todos os meses, sendo 80% delas por meio de celulares.<\/p>\n\n\n\n<p>Mas voc\u00ea est\u00e1 usando essa tecnologia a seu favor ou ela est\u00e1 drenando o seu tempo e a sua energia?<\/p>\n\n\n\n<h2 class=\"wp-block-heading\">Conhecimento \u00e9 poder, mas voc\u00ea est\u00e1 usando o seu?<\/h2>\n\n\n\n<p>N\u00e3o me conformo com a ideia de que usamos apenas 10% da nossa capacidade cerebral. H\u00e1 mais de 20 anos, fui reconhecido como o primeiro recordista de memorizac\u00e3o do Brasil, e desde ent\u00e3o, dedico minha vida a ensinar como ativar a mente com m\u00e9todos cientificamente comprovados.<\/p>\n\n\n\n<p>A nomofobia, medo irracional de ficar sem celular, \u00e9 s\u00f3 um dos sintomas de uma gera\u00e7\u00e3o mentalmente esgotada. Precisamos resgatar a capacidade de pensar, memorizar, planejar e focar.<\/p>\n\n\n\n<h2 class=\"wp-block-heading\">Como ligar o bot\u00e3o &#8220;ON&#8221; da sua mente?<\/h2>\n\n\n\n<p>Para sair do estado de letargia mental \u00e9 preciso provocar rea\u00e7\u00f5es. Aqui est\u00e3o 5 passos pr\u00e1ticos para ativar sua mente:<\/p>\n\n\n\n<h4 class=\"wp-block-heading\">1. <strong>X\u00f4 T\u00e9dio!<\/strong><\/h4>\n\n\n\n<p>Est\u00e1 cansado mentalmente? N\u00e3o corra para o feed! Saia para caminhar, leia um livro, brinque com seus filhos ou sobrinhos. Estimule sua mente com novas experi\u00eancias.<\/p>\n\n\n\n<h4 class=\"wp-block-heading\">2. <strong>Viva La Vida!<\/strong><\/h4>\n\n\n\n<p>N\u00e3o espere o Facebook sugerir conex\u00f5es reais. Visite amigos, participe de eventos, viva o mundo offline. Sua mem\u00f3ria agradece.<\/p>\n\n\n\n<h4 class=\"wp-block-heading\">3. <strong>Ser Feliz \u00e9 Simples!<\/strong><\/h4>\n\n\n\n<p>Esque\u00e7a os padr\u00f5es irreais das redes sociais. A felicidade est\u00e1 nas coisas simples: um caf\u00e9 da manh\u00e3 em paz, um passeio na praia, um gesto de gratid\u00e3o.<\/p>\n\n\n\n<h4 class=\"wp-block-heading\">4. <strong>No Pain, No Brain!<\/strong><\/h4>\n\n\n\n<p>Desenvolvimento requer desafio. Estimule sua mente com atividades f\u00edsicas, jogos de l\u00f3gica, novos idiomas ou novos h\u00e1bitos.<\/p>\n\n\n\n<h4 class=\"wp-block-heading\">5. <strong>Supere seus limites!<\/strong><\/h4>\n\n\n\n<p>Tecnologia n\u00e3o \u00e9 vil\u00e3. Use-a com prop\u00f3sito: baixe apps educativos, jogue para treinar racioc\u00ednio, aprenda algo novo online.<\/p>\n\n\n\n<p>Desligar-se do piloto autom\u00e1tico \u00e9 mais do que uma necessidade: \u00e9 um dever com voc\u00ea mesmo. Ligue o bot\u00e3o ON da sua mente e veja sua produtividade, felicidade e<a href=\"https:\/\/renatoalves.com.br\/blog\/si-8-tecnicas-para-memorizar-qualquer-coisa\/\" target=\"_blank\" rel=\"noreferrer noopener\"> mem\u00f3ria se multiplicarem.<\/a><\/p>\n\n\n\n<p class=\"p1\">Conhecimento \u00e9 poder. A <a href=\"https:\/\/renatoalves.com.br\/blog\/fazer-a-diferenca-na-sua-vida\/\" target=\"_blank\" rel=\"noreferrer noopener\">mente ON <\/a>\u00e9 a chave para conquist\u00e1-lo.<\/p>\n\n\n\n<figure class=\"wp-block-image size-large\"><a href=\"https:\/\/estudomemorizacao.com.br\/\"><img fetchpriority=\"high\" decoding=\"async\" width=\"1024\" height=\"182\" src=\"https:\/\/renatoalves.com.br\/blog\/wp-content\/uploads\/2018\/11\/capa_banner-1024x182.jpg\" alt=\"estudo e memoriza\u00e7\u00e3o para concurso p\u00fablico\" class=\"wp-image-6047\" srcset=\"https:\/\/renatoalves.com.br\/blog\/wp-content\/uploads\/2018\/11\/capa_banner-1024x182.jpg 1024w, https:\/\/renatoalves.com.br\/blog\/wp-content\/uploads\/2018\/11\/capa_banner-300x53.jpg 300w, https:\/\/renatoalves.com.br\/blog\/wp-content\/uploads\/2018\/11\/capa_banner-768x137.jpg 768w, https:\/\/renatoalves.com.br\/blog\/wp-content\/uploads\/2018\/11\/capa_banner-610x109.jpg 610w\" sizes=\"(max-width: 1024px) 100vw, 1024px\" \/><\/a><\/figure>\n\n\n\n<h3 class=\"wp-block-heading\">Perguntas Frequentes (FAQ)<\/h3>\n\n\n\n<p><strong>1. O que significa ter a mente ON?<\/strong> \u00c9 estar em estado de aten\u00e7\u00e3o ativa, com foco, criatividade e interatividade consciente com o mundo ao seu redor.<\/p>\n\n\n\n<p><strong>2. Como saber se estou no piloto autom\u00e1tico digital?<\/strong> Se voc\u00ea consome conte\u00fado sem intera\u00e7\u00e3o, perde muito tempo nas redes e se sente mentalmente exausto, esse \u00e9 um sinal.<\/p>\n\n\n\n<p><strong>3. Como sair desse estado e recuperar o foco?<\/strong> Adotando h\u00e1bitos de ativa\u00e7\u00e3o mental: leitura, contato humano real, exerc\u00edcios f\u00edsicos, desafios cognitivos e organiza\u00e7\u00e3o da rotina.<\/p>\n\n\n\n<p><strong>4. O que \u00e9 nomofobia?<\/strong> \u00c9 o medo irracional de ficar desconectado do celular ou da internet, comum em quem est\u00e1 hiperconectado.<\/p>\n\n\n\n<p><strong>5. Como a mem\u00f3ria pode ser treinada?<\/strong> Com t\u00e9cnicas mnem\u00f4nicas, organiza\u00e7\u00e3o mental, leitura ativa e estrat\u00e9gias de estudo como as que ensino no curso EstudoMemorizacaoTOP.<\/p>\n\n\n\n<h2 class=\"wp-block-heading\">Veja tamb\u00e9m:<\/h2>\n\n\n\n<figure class=\"wp-block-embed is-type-rich is-provider-incorporar-manipulador wp-block-embed-incorporar-manipulador wp-embed-aspect-16-9 wp-has-aspect-ratio\"><div class=\"wp-block-embed__wrapper\">\n<iframe title=\"Esqueceu de Novo? Aplique Essas 5 Estrat\u00e9gias para Turbinar sua Mente!\" width=\"800\" height=\"450\" src=\"https:\/\/www.youtube.com\/embed\/p39IXaH__7Y?feature=oembed\" frameborder=\"0\" allow=\"accelerometer; autoplay; clipboard-write; encrypted-media; gyroscope; picture-in-picture; web-share\" referrerpolicy=\"strict-origin-when-cross-origin\" allowfullscreen><\/iframe>\n<\/div><\/figure>\n\n\n\n<p><\/p>\n","protected":false},"excerpt":{"rendered":"<p>Vivemos na era da informa\u00e7\u00e3o. Mas, diante de tantas possibilidades, voc\u00ea realmente est\u00e1 interagindo com o mundo ou apenas consumindo passivamente o conte\u00fado das redes sociais? Se voc\u00ea costuma navegar silenciosamente, deixar seu status invis\u00edvel e evitar intera\u00e7\u00f5es, cuidado: essa passividade pode comprometer sua evolu\u00e7\u00e3o cognitiva, sua mem\u00f3ria e, principalmente, os seus planos. O perigo [&hellip;]<\/p>\n","protected":false},"author":10,"featured_media":3653,"comment_status":"open","ping_status":"open","sticky":false,"template":"","format":"standard","meta":{"footnotes":""},"categories":[262,263],"tags":[145,60,65,66,84,75,46,86,295,204,276,98,97,138,76,77,27,59,81],"class_list":["post-3652","post","type-post","status-publish","format-standard","has-post-thumbnail","hentry","category-estudo-e-desenvolvimento","category-leitura-e-leitura-dinamica","tag-boa-memoria","tag-como-estudar","tag-como-estudar-para-concurso","tag-como-estudar-para-o-enem","tag-como-fazer-um-plano-de-estudo","tag-como-passar-em-concurso","tag-curso-de-memorizacao-online","tag-curso-estudo-e-memorizacao","tag-curso-estudo-e-memorizacao-top","tag-curso-fast-read","tag-curso-fastread","tag-curso-online-renato-alves","tag-cursos-para-a-memoria","tag-fast-read","tag-leitura-dinamica","tag-leitura-rapida","tag-o-que-eu-acabei-de-ler","tag-preciso-estudar","tag-vestibular"],"_links":{"self":[{"href":"https:\/\/renatoalves.com.br\/blog\/wp-json\/wp\/v2\/posts\/3652","targetHints":{"allow":["GET"]}}],"collection":[{"href":"https:\/\/renatoalves.com.br\/blog\/wp-json\/wp\/v2\/posts"}],"about":[{"href":"https:\/\/renatoalves.com.br\/blog\/wp-json\/wp\/v2\/types\/post"}],"author":[{"embeddable":true,"href":"https:\/\/renatoalves.com.br\/blog\/wp-json\/wp\/v2\/users\/10"}],"replies":[{"embeddable":true,"href":"https:\/\/renatoalves.com.br\/blog\/wp-json\/wp\/v2\/comments?post=3652"}],"version-history":[{"count":5,"href":"https:\/\/renatoalves.com.br\/blog\/wp-json\/wp\/v2\/posts\/3652\/revisions"}],"predecessor-version":[{"id":10570,"href":"https:\/\/renatoalves.com.br\/blog\/wp-json\/wp\/v2\/posts\/3652\/revisions\/10570"}],"wp:featuredmedia":[{"embeddable":true,"href":"https:\/\/renatoalves.com.br\/blog\/wp-json\/wp\/v2\/media\/3653"}],"wp:attachment":[{"href":"https:\/\/renatoalves.com.br\/blog\/wp-json\/wp\/v2\/media?parent=3652"}],"wp:term":[{"taxonomy":"category","embeddable":true,"href":"https:\/\/renatoalves.com.br\/blog\/wp-json\/wp\/v2\/categories?post=3652"},{"taxonomy":"post_tag","embeddable":true,"href":"https:\/\/renatoalves.com.br\/blog\/wp-json\/wp\/v2\/tags?post=3652"}],"curies":[{"name":"wp","href":"https:\/\/api.w.org\/{rel}","templated":true}]}}