{"id":37,"date":"2010-06-08T10:30:02","date_gmt":"2010-06-08T13:30:02","guid":{"rendered":"http:\/\/www.renatoalves.com.br\/blog\/?p=37"},"modified":"2020-11-20T14:19:18","modified_gmt":"2020-11-20T17:19:18","slug":"black-friday-renato-alves-aproveite","status":"publish","type":"post","link":"https:\/\/renatoalves.com.br\/blog\/black-friday-renato-alves-aproveite\/","title":{"rendered":"Black Friday: Vende-se estabilidade financeira, aproveite. Ser\u00e1?"},"content":{"rendered":"<p class=\"p1\" style=\"text-align: justify;\">Todos os anos o com\u00e9rcio mundial celebra um dia inteiro dedicado para conceder aos consumidores descontos atrativos nos mais variados departamentos, produtos e servi\u00e7os. \u00c9 a Black Friday.<\/p>\n<h2 class=\"p1\" style=\"text-align: justify;\"><span class=\"s1\">Esta data t\u00e3o aguardada est\u00e1 chegando: A origem da Black Friday<\/span><\/h2>\n<p class=\"p1\" style=\"text-align: justify;\"><span class=\"s1\">A famosa Black Friday \u00e9 inven\u00e7\u00e3o dos mestres do capitalismo moderno (os americanos) e que, mesmo com as distor\u00e7\u00f5es e adapta\u00e7\u00f5es \u2018tupiniquins\u2019 deve mais uma vez movimentar bilh\u00f5es de reais somente no Brasil. <\/span><\/p>\n<p class=\"p1\" style=\"text-align: justify;\"><span class=\"s1\">Milh\u00f5es de pessoas esperam esta \u00faltima sexta-feira de novembro durante meses para comprar mais barato aquele smartphone moderno, a TV 4K com tela gigante, roupas, utens\u00edlios para o lar e muitas outras coisas.<\/span><\/p>\n<p class=\"p1\" style=\"text-align: justify;\"><img fetchpriority=\"high\" decoding=\"async\" class=\"size-full wp-image-2865 aligncenter\" src=\"\/\/renatoalves.com.br\/blog\/wp-content\/uploads\/2010\/06\/consumo-na-black-friday.jpg\" alt=\"Consumo na Black Friday\" width=\"700\" height=\"463\" srcset=\"https:\/\/renatoalves.com.br\/blog\/wp-content\/uploads\/2010\/06\/consumo-na-black-friday.jpg 700w, https:\/\/renatoalves.com.br\/blog\/wp-content\/uploads\/2010\/06\/consumo-na-black-friday-300x198.jpg 300w\" sizes=\"(max-width: 700px) 100vw, 700px\" \/><\/p>\n<p class=\"p1\" style=\"text-align: justify;\"><span class=\"s1\">A boa not\u00edcia \u00e9 que o brasileiro tem finalmente aprendido esta li\u00e7\u00e3o da arte da negocia\u00e7\u00e3o, da quest\u00e3o dos juros, do pagamento \u00e0 vista e da sazonalidade dos custos.<\/span><\/p>\n<h2 class=\"p1\" style=\"text-align: justify;\">O dilema do &#8220;ser vs ter&#8221; \u00e9 aflorado durante a\u00a0Black Friday<\/h2>\n<p class=\"p1\" style=\"text-align: justify;\"><span class=\"s1\">Diante da ansiedade da conduta capitalista, da energia e aten\u00e7\u00e3o dirigida ao assunto me vejo obrigado a fazer um paradoxo, pois h\u00e1 na verdade um abismo que separa o foco das pessoas na conquista de objetivos transformadores (ser) em detrimento a aquisi\u00e7\u00e3o de falsos acess\u00f3rios de status (ter). J\u00e1 entendeu onde se contextualiza a Black Friday nesse dilema?<\/span><\/p>\n<p class=\"p1\" style=\"text-align: justify;\"><img decoding=\"async\" class=\"size-full wp-image-2869 aligncenter\" src=\"\/\/renatoalves.com.br\/blog\/wp-content\/uploads\/2010\/06\/pessoas-futeis-sao-chatas-mas-as-indecisas-sao-muito-piores.jpg\" alt=\"Escolhas na Black Friday\" width=\"700\" height=\"415\" srcset=\"https:\/\/renatoalves.com.br\/blog\/wp-content\/uploads\/2010\/06\/pessoas-futeis-sao-chatas-mas-as-indecisas-sao-muito-piores.jpg 700w, https:\/\/renatoalves.com.br\/blog\/wp-content\/uploads\/2010\/06\/pessoas-futeis-sao-chatas-mas-as-indecisas-sao-muito-piores-300x178.jpg 300w\" sizes=\"(max-width: 700px) 100vw, 700px\" \/><\/p>\n<p class=\"p1\" style=\"text-align: justify;\"><span class=\"s1\">Muitas vezes para voc\u00ea \u201cter&#8221; (obter) algum bem material \u00e9 necess\u00e1rio dispensar muita energia para sua realiza\u00e7\u00e3o, um tempo precioso que voc\u00ea poderia investir em estudo, pesquisa, experimentos que alimenta o \u201cser\u201d. <\/span><\/p>\n<p class=\"p1\" style=\"text-align: justify;\"><span class=\"s1\">Quantas pessoas voc\u00ea conhece, por exemplo, que possuem um smartphone com plano de R$ 300,00 mensais, mas que n\u00e3o est\u00e3o fazendo faculdade, n\u00e3o possuem seu meio de locomo\u00e7\u00e3o ou carta de habilita\u00e7\u00e3o?<\/span><\/p>\n<p class=\"p1\" style=\"text-align: justify;\"><span class=\"s1\">Ou pais que possuem celulares para o trabalho, inferiores aos smartphones de grife de seus filhos para ficarem apenas no <a href=\"https:\/\/www.youtube.com\/user\/videosmemoria\/videos?sub_confirmation=1\">YouTube<\/a>, no <a href=\"https:\/\/www.facebook.com\/RenatoAlvesOficial\">Facebook<\/a> ou no <a href=\"https:\/\/api.whatsapp.com\/send?phone=5514998127484\">WhatsApp<\/a>?<\/span><\/p>\n<p class=\"p1\" style=\"text-align: justify;\"><span class=\"s1\">S\u00e3o pessoas que buscam reconhecimento por aquilo que elas t\u00eam e n\u00e3o por o que elas s\u00e3o.<\/span><\/p>\n<p class=\"p1\" style=\"text-align: justify;\"><span class=\"s1\">Minha forte veia filos\u00f3fica me faz pensar sobre a ansiedade e a falta de investimentos pessoais para o aprimoramento do ser.<\/span><\/p>\n<p class=\"p1\" style=\"text-align: justify;\"><span class=\"s1\">Talvez fosse melhor investir em algo que mudasse de verdade a sua vida.<\/span><\/p>\n<ul class=\"ul1\" style=\"text-align: justify;\">\n<li class=\"li1\"><span class=\"s1\">Um equipamento para melhorar a performance do seu trabalho;<\/span><\/li>\n<li class=\"li1\"><span class=\"s1\">Um computador novo para voc\u00ea fazer uns freelance;<\/span><\/li>\n<li class=\"li1\"><span class=\"s1\">Os pneus novos para o carro que voc\u00ea utiliza para ganhar seu sustento. <\/span><\/li>\n<li class=\"li1\"><span class=\"s1\">Um curso espec\u00edfico;<\/span><\/li>\n<li class=\"li1\"><span class=\"s1\">A matr\u00edcula dos filhos na nata\u00e7\u00e3o, jud\u00f4, enfim\u2026<\/span><\/li>\n<\/ul>\n<p class=\"p1\" style=\"text-align: justify;\"><span class=\"s1\">Qual ser\u00e1 na verdade a sua prioridade quando o assunto \u00e9 o futuro, a estabilidade e a seguran\u00e7a?<\/span><\/p>\n<h2 class=\"p1\" style=\"text-align: justify;\">\u00c9 preciso olhar para o futuro<\/h2>\n<p class=\"p1\" style=\"text-align: justify;\"><span class=\"s1\">Voc\u00ea j\u00e1 parou para refletir, at\u00e9 que ponto vale a pena trocar o escasso tempo que temos dispon\u00edvel para nos render aos sonhos de possuir este ou aquele bem material hoje, diante de a\u00e7\u00f5es de investimento no tesouro do nosso futuro ou no daqueles que amamos?<\/span><\/p>\n<p class=\"p1\" style=\"text-align: justify;\"><img decoding=\"async\" class=\"size-full wp-image-2875 aligncenter\" src=\"\/\/renatoalves.com.br\/blog\/wp-content\/uploads\/2010\/06\/O-vencedor-e-o-perdedor.jpg\" alt=\"O vencedor e o perdedor\" width=\"900\" height=\"540\" srcset=\"https:\/\/renatoalves.com.br\/blog\/wp-content\/uploads\/2010\/06\/O-vencedor-e-o-perdedor.jpg 900w, https:\/\/renatoalves.com.br\/blog\/wp-content\/uploads\/2010\/06\/O-vencedor-e-o-perdedor-300x180.jpg 300w, https:\/\/renatoalves.com.br\/blog\/wp-content\/uploads\/2010\/06\/O-vencedor-e-o-perdedor-768x461.jpg 768w\" sizes=\"(max-width: 900px) 100vw, 900px\" \/><\/p>\n<p class=\"p1\" style=\"text-align: justify;\"><span class=\"s1\">Diferente da concep\u00e7\u00e3o mercadol\u00f3gica da Black Friday, a oportunidade verdadeira que voc\u00ea tanto quer n\u00e3o aparece s\u00f3 uma vez ao ano, em uma determinada sexta-feira. <\/span><\/p>\n<p class=\"p1\" style=\"text-align: justify;\"><span class=\"s1\">Na verdade voc\u00ea tem 365 dias por ano para pensar em como promover a\u00e7\u00f5es de marketing pessoal na sua vida que promulguem mudan\u00e7as consistentes que gerem o bem mais valioso atualmente na vida dos brasileiros:<\/span><\/p>\n<p style=\"text-align: center;\">[inf_infusionsoft_inline optin_id=optin_1]<\/p>\n<h2 class=\"p1\" style=\"text-align: justify;\"><span class=\"s1\">A estabilidade financeira<\/span><\/h2>\n<p class=\"p1\" style=\"text-align: justify;\"><span class=\"s1\">Nestes \u00faltimos 20 anos me dediquei integralmente a entender mais sobre nossa capacidade de memoriza\u00e7\u00e3o, foco e concentra\u00e7\u00e3o.<\/span><\/p>\n<p class=\"p1\" style=\"text-align: justify;\"><img loading=\"lazy\" decoding=\"async\" class=\"size-full wp-image-2877 aligncenter\" src=\"\/\/renatoalves.com.br\/blog\/wp-content\/uploads\/2010\/06\/mulher_vencedora.jpg\" alt=\"mulher vencedora\" width=\"700\" height=\"439\" srcset=\"https:\/\/renatoalves.com.br\/blog\/wp-content\/uploads\/2010\/06\/mulher_vencedora.jpg 700w, https:\/\/renatoalves.com.br\/blog\/wp-content\/uploads\/2010\/06\/mulher_vencedora-300x188.jpg 300w\" sizes=\"(max-width: 700px) 100vw, 700px\" \/><\/p>\n<p class=\"p1\" style=\"text-align: justify;\"><span class=\"s1\">Posso afirmar com propriedade que ter uma mente ativa e com foco real nos objetivos, atualizada e em constante atividade, \u00e9 o diferencial b\u00e1sico para enfrentar a ansiedade, os obst\u00e1culos do dia a dia e o encontro com o desenvolvimento pessoal, social e profissional. <\/span><\/p>\n<p class=\"p1\" style=\"text-align: justify;\"><span class=\"s1\">No entanto, a ferramenta para desfrutar de uma boa mem\u00f3ria n\u00e3o vai estar em qualquer prateleira, entendeu?<\/span><\/p>\n<h2 class=\"p1\" style=\"text-align: justify;\">A Black Friday que eu acredito est\u00e1 aberta o ano todo!<\/h2>\n<p class=\"p1\" style=\"text-align: justify;\"><span class=\"s1\">Nesta \u00e9poca as lojas do mundo todo est\u00e3o congestionadas, assim como os principais sites de vendas do planeta. <\/span><\/p>\n<p class=\"p1\" style=\"text-align: justify;\"><span class=\"s1\">Desde os gigantes do varejo at\u00e9 os comerciantes menores se aproveitam da data para faturar e vender aquilo que n\u00e3o venderam nos \u00faltimos meses. <\/span><\/p>\n<p class=\"p1\" style=\"text-align: justify;\"><span class=\"s1\">\u00c9 uma sensa\u00e7\u00e3o legal quando se pode comprar, n\u00e3o \u00e9? <\/span><\/p>\n<p class=\"p1\" style=\"text-align: justify;\"><span class=\"s1\">Mas nem tudo est\u00e1 em liquida\u00e7\u00e3o!<\/span><\/p>\n<p class=\"p1\" style=\"text-align: justify;\"><span class=\"s1\">Como assim, professor? <\/span><\/p>\n<p class=\"p1\" style=\"text-align: justify;\"><span class=\"s1\">Lembre-se que um ciclo est\u00e1 prestes a se encerrar, e ent\u00e3o vem as reflex\u00f5es de um ano todo que se passou. <\/span><\/p>\n<p class=\"p1\" style=\"text-align: justify;\"><span class=\"s1\">Automaticamente, nossas mentes come\u00e7am a fazer compara\u00e7\u00f5es, colocar na balan\u00e7a o que foi positivo, negativo e o que podemos melhorar, enfim, voc\u00ea j\u00e1 deve ter passado por estas reflex\u00f5es pr\u00e9-natalinas dezenas de vezes, certo?<\/span><\/p>\n<p class=\"p1\" style=\"text-align: justify;\"><span class=\"s1\">\u00c9 neste momento que entra em cena aquelas conhecidas promessas e metas para o pr\u00f3ximo ano e que na maioria das vezes, s\u00e3o feitas na empolga\u00e7\u00e3o e sem nenhum prop\u00f3sito consistente. <\/span><\/p>\n<p class=\"p1\" style=\"text-align: justify;\"><span class=\"s1\">Estou querendo lhe mostrar agora que \u00e9 poss\u00edvel transformar seu futuro, mas para isso \u00e9 preciso dar o pontap\u00e9 inicial no novo projeto j\u00e1. <\/span><\/p>\n<p class=\"p1\" style=\"text-align: justify;\"><span class=\"s1\">Que tal hoje? <\/span><\/p>\n<p class=\"p1\" style=\"text-align: justify;\"><span class=\"s1\">Que tal nesta sexta? <\/span><\/p>\n<p class=\"p1\" style=\"text-align: justify;\"><span class=\"s1\">Que tal nesta Black Friday?<\/span><\/p>\n<h2 class=\"p1\" style=\"text-align: justify;\">Convite para um futuro de sucesso!<\/h2>\n<p class=\"p1\" style=\"text-align: justify;\"><span class=\"s1\">Convido voc\u00ea a conhecer mais sobre este presente incr\u00edvel\u00a0que preparei para voc\u00ea ou para as pessoas que voc\u00ea ama &#8211;<span class=\"Apple-converted-space\">\u00a0 <\/span>com potencial incr\u00edvel para desenvolver as habilidades que est\u00e3o adormecidas a\u00ed no seu c\u00e9rebro e com elas definir um plano de vida que transport\u00e1-lo por exemplo para uma emprego novo, um cargo melhor em sua empresa, a aprova\u00e7\u00e3o no vestibular, a t\u00e3o sonhada carteirinha da OAB ou quem sabe uma boa coloca\u00e7\u00e3o em um <a href=\"\/\/renatoalves.com.br\/blog\/voce-pretende-ou-ira-prestar-um-concurso-publico\/\">concurso p\u00fablico<\/a>. <\/span><\/p>\n<figure id=\"attachment_2862\" aria-describedby=\"caption-attachment-2862\" style=\"width: 1920px\" class=\"wp-caption aligncenter\"><img loading=\"lazy\" decoding=\"async\" class=\"wp-image-2862 size-full\" src=\"\/\/renatoalves.com.br\/blog\/wp-content\/uploads\/2010\/06\/BlackFriday.jpg\" alt=\"Curso Mem\u00f3ria 360\u00ba \u00e9 super combo contendo os tr\u00eas cursos: Estudo e Memoriza\u00e7\u00e3o, Fast Read e Mem\u00f3ria Blindada\" width=\"1920\" height=\"1233\" srcset=\"https:\/\/renatoalves.com.br\/blog\/wp-content\/uploads\/2010\/06\/BlackFriday.jpg 1920w, https:\/\/renatoalves.com.br\/blog\/wp-content\/uploads\/2010\/06\/BlackFriday-300x193.jpg 300w, https:\/\/renatoalves.com.br\/blog\/wp-content\/uploads\/2010\/06\/BlackFriday-768x493.jpg 768w, https:\/\/renatoalves.com.br\/blog\/wp-content\/uploads\/2010\/06\/BlackFriday-1024x658.jpg 1024w\" sizes=\"(max-width: 1920px) 100vw, 1920px\" \/><figcaption id=\"caption-attachment-2862\" class=\"wp-caption-text\">Curso Mem\u00f3ria 360\u00ba \u00e9 super combo contendo os tr\u00eas cursos: Estudo e Memoriza\u00e7\u00e3o, Fast Read e Mem\u00f3ria Blindada<\/figcaption><\/figure>\n<p class=\"p1\" style=\"text-align: justify;\"><span class=\"s1\">Qual item dispon\u00edvel na Black Friday vai lhe trazer benef\u00edcios como, ler e aprender mais r\u00e1pido todo tipo de conte\u00fado, aumentar a concentra\u00e7\u00e3o para melhorar seu desempenho no trabalho e nos estudos, ter uma mem\u00f3ria confi\u00e1vel e capaz de lembrar de informa\u00e7\u00f5es mesmo depois de meses? <\/span><\/p>\n<p class=\"p1\" style=\"text-align: justify;\"><span class=\"s1\">Eu tenho tanta confian\u00e7a no futuro de quem estuda de verdade que sou capaz de apostar no sucesso destas pessoas, pois vivo isso todos os dias, recebo\u00a0<a href=\"\/\/renatoalves.com.br\/depoimentos.html\">depoimentos que inclusive voc\u00ea pode se inspirar.<\/a><\/span><\/p>\n<p class=\"p1\" style=\"text-align: justify;\"><span class=\"s1\">E quando digo apostar no seu futuro, n\u00e3o estou brincando! <\/span><\/p>\n<p class=\"p1\" style=\"text-align: justify;\"><span class=\"s1\"><a href=\"\/\/renatoalves.com.br\/blog\/como-mudar-seu-mindset-e-ser-aprovado-no-vestibular-ou-concurso-dos-seus-sonhos\/\">Para mudar seu <i>mindset<\/i><\/a>\u00a0e\u00a0direcionar o foco\u00a0no que \u00e9 de fato importante\u00a0para sua vida, eu estou disponibilizando para voc\u00ea utilizar durante a Black Friday\u00a0<\/span><span class=\"s1\">um <a href=\"\/\/renatoalves.com.br\/blackfriday\">cheque-b\u00f4nus no valor de R$ 200,00 v\u00e1lido para a compra do curso Mem\u00f3ria 360\u00ba<\/a>, curso Mem\u00f3ria 360\u00ba \u00e9 super combo contendo os tr\u00eas cursos de aprendizagem acelerada de maior sucesso no Brasil e exterior: <\/span><\/p>\n<ol>\n<li class=\"p1\" style=\"text-align: justify;\"><a href=\"https:\/\/estudomemorizacao.com.br\"><span class=\"s1\">Curso Estudo e Memoriza\u00e7\u00e3o;<\/span><\/a><\/li>\n<li class=\"p1\" style=\"text-align: justify;\"><a href=\"https:\/\/clkdmg.site\/lead\/2111869a-850c-4ffe-9077-c4a40574ff6a?utm_content=black-friday-renato-alves-aproveite\"><span class=\"s1\">Curso FastRead &#8211; Leitura Din\u00e2mica;<\/span><\/a><\/li>\n<li class=\"p1\" style=\"text-align: justify;\"><a href=\"https:\/\/clkdmg.site\/lead\/cfcfa8cd-5fac-467c-b05b-c517aed76965?utm_content=black-friday-renato-alves-aproveite\"><span class=\"s1\">Mem\u00f3ria Blindada;<\/span><\/a><\/li>\n<\/ol>\n<p class=\"p1\" style=\"text-align: justify;\"><span class=\"s1\">Al\u00e9m disso, voc\u00ea receber\u00e1 a um de meus melhores livros <a href=\"\/\/renatoalves.com.br\/blog\/o-cerebro-com-foco-e-disciplina-9-edicao\/\">O C\u00e9rebro com Foco e Disciplina<\/a>, via Correios em sua casa. <em>Este livro encontra-se atualmente na 9\u00aa edi\u00e7\u00e3o e\u00a0em muitos locais n\u00e3o h\u00e1 mais disponibilidade em estoque.<\/em><\/span><\/p>\n<p class=\"p1\" style=\"text-align: justify;\"><span class=\"s1\">E \u00e9 claro, o certificado de conclus\u00e3o assinado por mim, com muito orgulho. <\/span><\/p>\n<p class=\"p1\" style=\"text-align: justify;\"><a href=\"\/\/renatoalves.com.br\/blackfriday\"><span class=\"s1\">Clique agora neste link e reserve seu cheque ou compartilhe o presente com um amigo que precisa\u00a0atingir o sucesso atrav\u00e9s dos estudos. <\/span><\/a><\/p>\n<p class=\"p1\" style=\"text-align: justify;\"><span class=\"s1\">Eu comprei a id\u00e9ia do seu sucesso estou apostando em voc\u00ea nesta Black Friday. <\/span><\/p>\n<p class=\"p1\" style=\"text-align: justify;\"><span class=\"s1\">E voc\u00ea?<\/span><\/p>\n<p style=\"text-align: justify;\"><em><strong>Renato Alves<\/strong>\u00a0\u00e9 escritor, pesquisador e primeiro brasileiro a receber o t\u00edtulo oficial de melhor mem\u00f3ria do Brasil. Autor de um m\u00e9todo patenteado de memoriza\u00e7\u00e3o que ganhou reconhecimento nacional e j\u00e1 est\u00e1 presente em mais de 100 pa\u00edses.<\/em><\/p>\n<p style=\"text-align: justify;\"><a href=\"\/\/renatoalves.com.br\/blackfriday\"><img loading=\"lazy\" decoding=\"async\" class=\"size-full wp-image-2871 aligncenter\" src=\"\/\/renatoalves.com.br\/blog\/wp-content\/uploads\/2010\/06\/banner-memoria360-bl.png\" alt=\"Mem\u00f3ria360 Black Friday\" width=\"1234\" height=\"261\" srcset=\"https:\/\/renatoalves.com.br\/blog\/wp-content\/uploads\/2010\/06\/banner-memoria360-bl.png 1234w, https:\/\/renatoalves.com.br\/blog\/wp-content\/uploads\/2010\/06\/banner-memoria360-bl-300x63.png 300w, https:\/\/renatoalves.com.br\/blog\/wp-content\/uploads\/2010\/06\/banner-memoria360-bl-768x162.png 768w, https:\/\/renatoalves.com.br\/blog\/wp-content\/uploads\/2010\/06\/banner-memoria360-bl-1024x217.png 1024w\" sizes=\"(max-width: 1234px) 100vw, 1234px\" \/><\/a><\/p>\n","protected":false},"excerpt":{"rendered":"<p>Todos os anos o com\u00e9rcio mundial celebra um dia inteiro dedicado para conceder aos consumidores descontos atrativos nos mais variados departamentos, produtos e servi\u00e7os. \u00c9 a Black Friday. Esta data t\u00e3o aguardada est\u00e1 chegando: A origem da Black Friday A famosa Black Friday \u00e9 inven\u00e7\u00e3o dos mestres do capitalismo moderno (os americanos) e que, mesmo [&hellip;]<\/p>\n","protected":false},"author":24,"featured_media":2873,"comment_status":"open","ping_status":"open","sticky":false,"template":"","format":"standard","meta":{"footnotes":""},"categories":[262],"tags":[258,259,65,66,84,75,45,86,204,212,97,95],"class_list":["post-37","post","type-post","status-publish","format-standard","has-post-thumbnail","hentry","category-estudo-e-desenvolvimento","tag-black-friday","tag-blackfriday-renato-alves","tag-como-estudar-para-concurso","tag-como-estudar-para-o-enem","tag-como-fazer-um-plano-de-estudo","tag-como-passar-em-concurso","tag-curso-de-memorizacao","tag-curso-estudo-e-memorizacao","tag-curso-fast-read","tag-curso-memoria-blindada","tag-cursos-para-a-memoria","tag-renato-alves-memorizacao"],"_links":{"self":[{"href":"https:\/\/renatoalves.com.br\/blog\/wp-json\/wp\/v2\/posts\/37","targetHints":{"allow":["GET"]}}],"collection":[{"href":"https:\/\/renatoalves.com.br\/blog\/wp-json\/wp\/v2\/posts"}],"about":[{"href":"https:\/\/renatoalves.com.br\/blog\/wp-json\/wp\/v2\/types\/post"}],"author":[{"embeddable":true,"href":"https:\/\/renatoalves.com.br\/blog\/wp-json\/wp\/v2\/users\/24"}],"replies":[{"embeddable":true,"href":"https:\/\/renatoalves.com.br\/blog\/wp-json\/wp\/v2\/comments?post=37"}],"version-history":[{"count":1,"href":"https:\/\/renatoalves.com.br\/blog\/wp-json\/wp\/v2\/posts\/37\/revisions"}],"predecessor-version":[{"id":7133,"href":"https:\/\/renatoalves.com.br\/blog\/wp-json\/wp\/v2\/posts\/37\/revisions\/7133"}],"wp:featuredmedia":[{"embeddable":true,"href":"https:\/\/renatoalves.com.br\/blog\/wp-json\/wp\/v2\/media\/2873"}],"wp:attachment":[{"href":"https:\/\/renatoalves.com.br\/blog\/wp-json\/wp\/v2\/media?parent=37"}],"wp:term":[{"taxonomy":"category","embeddable":true,"href":"https:\/\/renatoalves.com.br\/blog\/wp-json\/wp\/v2\/categories?post=37"},{"taxonomy":"post_tag","embeddable":true,"href":"https:\/\/renatoalves.com.br\/blog\/wp-json\/wp\/v2\/tags?post=37"}],"curies":[{"name":"wp","href":"https:\/\/api.w.org\/{rel}","templated":true}]}}